{"id":241220,"date":"2020-06-24T13:10:50","date_gmt":"2020-06-24T16:10:50","guid":{"rendered":"https:\/\/www.cnbb.org.br\/?p=241220"},"modified":"2020-09-08T13:52:36","modified_gmt":"2020-09-08T16:52:36","slug":"profeta-do-altissimo","status":"publish","type":"post","link":"https:\/\/www.cnbb.org.br\/profeta-do-altissimo\/","title":{"rendered":"Profeta do Alt\u00edssimo"},"content":{"rendered":"<p align=\"right\"><b>Cardeal Orani Jo\u00e3o Tempesta<br \/>\n<\/b><b>Arcebispo do Rio de Janeiro (RJ)<\/b><b><\/b><\/p>\n<p style=\"text-align: justify\" align=\"center\"><b>\u00a0<\/b><\/p>\n<p style=\"text-align: justify\">S\u00e3o Jo\u00e3o Batista, al\u00e9m de ter uma festa solene para celebrar seu nascimento, ela \u00e9 precedida de uma vig\u00edlia. Essa celebra\u00e7\u00e3o nos introduz no nascimento de S\u00e3o Jo\u00e3o Batista e a import\u00e2ncia deste acontecimento que assim como no natal celebramos em dois dias. E trata-se de um acontecimento que mudou a hist\u00f3ria. S\u00e3o Jo\u00e3o Batista aponta o caminho da convers\u00e3o indicado por Deus que \u00e9 Jesus, o seu nascimento se d\u00e1 justamente seis meses antes do \u201cNatal\u201d e nos ajuda a preparar o nosso cora\u00e7\u00e3o e o nosso olhar para a manjedoura.<\/p>\n<p style=\"text-align: justify\">Jo\u00e3o denominado o \u201cBatista\u201d \u00e9 filho de Zacarias e Isabel, na qual Deus operou grandes gra\u00e7as na vida deles. Isabel era considerada est\u00e9ril e quando j\u00e1 n\u00e3o se esperava que essa seria M\u00e3e concebeu na velhice por um \u201cmilagre divino\u201d. Zacarias seu Pai estava mudo por justamente duvidar que ele e sua esposa pudessem gerar um filho. Assim sendo Jo\u00e3o Batista j\u00e1 estava mudando a hist\u00f3ria e fazendo milagres desde a sua concep\u00e7\u00e3o.<\/p>\n<p style=\"text-align: justify\">Seu nascimento anuncia a chegada do \u201c<i>tempo messi\u00e2nico<\/i>\u201d, ou seja, do tempo da reconcilia\u00e7\u00e3o com Deus, do arrependimento dos pecados. S\u00e3o Jo\u00e3o Batista anuncia o tempo de convers\u00e3o, ele \u00e9 o profeta que denuncia as injusti\u00e7as e anuncia a Justi\u00e7a divina. Assim como no c\u00e2ntico de Zacarias que profetiza o que viria a ser este menino que acabara de nascer:\u00a0<i>\u201cE tu, menino, ser\u00e1s chamado profeta do Alt\u00edssimo, pois ir\u00e1s \u00e0 frente do Senhor para preparar os caminhos dele, e para dar a seu povo o conhecimento da salva\u00e7\u00e3o, mediante o perd\u00e3o dos pecados\u201d (cf. Lc 1,76-77).<\/i><\/p>\n<p style=\"text-align: justify\">Segundo o pr\u00f3prio Jesus ao falar de S\u00e3o Jo\u00e3o Batista o denomina como o maior dos profetas:\u00a0<i>\u201cEntre os nascidos de mulher, n\u00e3o apareceu ningu\u00e9m maior do que Jo\u00e3o Batista\u201d (cf. Mt 11,11).<\/i><\/p>\n<p style=\"text-align: justify\">Na primeira leitura da Missa da vig\u00edlia, do profeta Jeremias (cf. Jr 1,4-10), o Senhor capacita o profeta para a Miss\u00e3o. O profeta se diz muito novo, que n\u00e3o sabe falar ainda, que ningu\u00e9m iria ouvi-lo, mas o Senhor lhe diz: Tudo o que eu te mandar dizer, tu o dir\u00e1s. Que o profeta n\u00e3o precisava ter medo das pessoas pois o Senhor estaria com ele para defende-lo. O Senhor toca na sua boca e coloca as suas palavras na boca do profeta. E o Senhor o constitui como profeta para falar as na\u00e7\u00f5es e anunciar o reino de Deus.<\/p>\n<p style=\"text-align: justify\">Meus irm\u00e3os, assim Deus faz conosco quando achamos que n\u00e3o temos capacidade, ele nos capacita. Seja para alguma fun\u00e7\u00e3o no trabalho, ao falar em p\u00fablico ou at\u00e9 mesmo para falar dele na Igreja, no grupo de catequese ou alguma outra fun\u00e7\u00e3o. As vezes achamos que n\u00e3o somos capazes, mas ele nos da coragem e capacita. O medo nos aprisiona, nos faz ficar retra\u00eddos e Deus nos criou para a liberdade.<\/p>\n<p style=\"text-align: justify\">Como nos diz o Salmo Responsorial (cf. Sl 70(71), 2-3.3-4a.5-6ab.15ab e 17) da Missa \u201c<i>Desde\u00a0o seio maternal, sois meu amparo\u201d.<\/i>\u00a0O Senhor \u00e9 nosso amparo e sustento desde o ventre materno. Nele buscamos o nosso ref\u00fagio e fortaleza e nos ajuda a vencer os inimigos.<\/p>\n<p style=\"text-align: justify\">Na segunda leitura da carta de S\u00e3o Pedro (cf 1Pd 1,8-12), ele nos enche de esperan\u00e7a pois anuncia que n\u00f3s sem conhecer e ver o Senhor j\u00e1 o amamos e isso \u00e9 para n\u00f3s fonte de alegria indiz\u00edvel e gloriosa, pois obteremos aquilo que almejamos:\u00a0<i>a nossa Salva\u00e7\u00e3o.<\/i>\u00a0E assim como os profetas que vieram anteriormente a n\u00f3s, anunciaram tudo aquilo que iria acontecer com o Senhor, e tudo isso lhes foi revelado por meio do Esp\u00edrito Santo. Como n\u00f3s que por meio do Esp\u00edrito Santo compreendemos a Sagrada Escritura.<\/p>\n<p style=\"text-align: justify\">Por fim, no evangelho de hoje segundo S\u00e3o Lucas (1,5-17),<b>\u00a0<\/b>conta-se a hist\u00f3ria dos pais de Jo\u00e3o Batista, Isabel e Zacarias, e como se deu o an\u00fancio feito pelo Anjo a respeito de seu nascimento. Foi operado um milagre na vida de Isabel e Zacarias, ambos de idade avan\u00e7ada e Isabel considerada est\u00e9ril concebe um filho na velhice. Ao observar esse evangelho vemos que como diz o pr\u00f3prio anjo a Maria: \u201c<i>Para Deus nada \u00e9 imposs\u00edvel<\/i>\u201d, devemos acreditar nisso e levar para nossa vida de f\u00e9, no dia a dia e acreditar que sempre existe uma luz no fim do t\u00fanel, uma fa\u00edsca de esperan\u00e7a e que se acreditarmos, aquilo que pedimos acontece.<\/p>\n<p style=\"text-align: justify\">Zacarias por um certo momento d\u00favida da a\u00e7\u00e3o de Deus na vida deles e por ter duvidado acaba mudo at\u00e9 o nascimento de seu filho. E o anjo anuncia aos dois tudo o que viria a ser este menino. \u201c<i>Ele reconduzir\u00e1 muitos do povo de Israel ao Senhor seu Deus.\u00a0E h\u00e1 de caminhar \u00e0 frente deles, com o esp\u00edrito e o poder de Elias, a fim de converter os cora\u00e7\u00f5es dos pais aos filhos e os rebeldes \u00e0 sabedoria dos justos, preparando para o Senhor um povo bem-disposto\u201d\u00a0(cf. Lc 1,16-17).<\/i><\/p>\n<p style=\"text-align: justify\">S\u00e3o Jo\u00e3o Batista viria a ser a voz que grita no deserto, iria aplainar os caminhos do Senhor e instaurar um novo tempo. Um tempo de luz e de paz, de justi\u00e7a e de amor. Que esse tempo venha tamb\u00e9m nos dias de hoje, nos mostrando o caminho da paz, da justi\u00e7a e do amor. E aqueles que se encontram perdidos, descubram o caminho da verdade.\u00a0 Am\u00e9m!<\/p>\n<p>&nbsp;<\/p>\n<p align=\"right\">\n","protected":false},"excerpt":{"rendered":"<p>Cardeal Orani Jo\u00e3o Tempesta Arcebispo do Rio de Janeiro (RJ) \u00a0 S\u00e3o Jo\u00e3o Batista, al\u00e9m de ter uma festa solene para celebrar seu nascimento, ela \u00e9 precedida de uma vig\u00edlia. Essa celebra\u00e7\u00e3o nos introduz no nascimento de S\u00e3o Jo\u00e3o Batista e a import\u00e2ncia deste acontecimento que assim como no natal celebramos em dois dias. E &hellip;<\/p>\n<p class=\"read-more\"> <a class=\"\" href=\"https:\/\/www.cnbb.org.br\/profeta-do-altissimo\/\"> <span class=\"screen-reader-text\">Profeta do Alt\u00edssimo<\/span> Leia mais &raquo;<\/a><\/p>\n","protected":false},"author":31,"featured_media":0,"comment_status":"closed","ping_status":"open","sticky":false,"template":"","format":"standard","meta":{"site-sidebar-layout":"default","site-content-layout":"default","ast-global-header-display":"","ast-banner-title-visibility":"","ast-main-header-display":"","ast-hfb-above-header-display":"","ast-hfb-below-header-display":"","ast-hfb-mobile-header-display":"","site-post-title":"","ast-breadcrumbs-content":"","ast-featured-img":"","footer-sml-layout":"","theme-transparent-header-meta":"","adv-header-id-meta":"","stick-header-meta":"","header-above-stick-meta":"","header-main-stick-meta":"","header-below-stick-meta":""},"categories":[758],"tags":[],"acf":[],"_links":{"self":[{"href":"https:\/\/www.cnbb.org.br\/cnbb-app\/wp\/v2\/posts\/241220"}],"collection":[{"href":"https:\/\/www.cnbb.org.br\/cnbb-app\/wp\/v2\/posts"}],"about":[{"href":"https:\/\/www.cnbb.org.br\/cnbb-app\/wp\/v2\/types\/post"}],"author":[{"embeddable":true,"href":"https:\/\/www.cnbb.org.br\/cnbb-app\/wp\/v2\/users\/31"}],"replies":[{"embeddable":true,"href":"https:\/\/www.cnbb.org.br\/cnbb-app\/wp\/v2\/comments?post=241220"}],"version-history":[{"count":0,"href":"https:\/\/www.cnbb.org.br\/cnbb-app\/wp\/v2\/posts\/241220\/revisions"}],"wp:attachment":[{"href":"https:\/\/www.cnbb.org.br\/cnbb-app\/wp\/v2\/media?parent=241220"}],"wp:term":[{"taxonomy":"category","embeddable":true,"href":"https:\/\/www.cnbb.org.br\/cnbb-app\/wp\/v2\/categories?post=241220"},{"taxonomy":"post_tag","embeddable":true,"href":"https:\/\/www.cnbb.org.br\/cnbb-app\/wp\/v2\/tags?post=241220"}],"curies":[{"name":"wp","href":"https:\/\/api.w.org\/{rel}","templated":true}]}}