{"id":24124,"date":"2010-02-24T00:00:00","date_gmt":"2010-02-24T03:00:00","guid":{"rendered":"https:\/\/www.cnbb.org.br\/dom-luiz-soares-e-irma-delci-franzen-participam-de-campanha-sobre-mudancas-climaticas-na-alemanha\/"},"modified":"2010-02-24T00:00:00","modified_gmt":"2010-02-24T03:00:00","slug":"dom-luiz-soares-e-irma-delci-franzen-participam-de-campanha-sobre-mudancas-climaticas-na-alemanha","status":"publish","type":"post","link":"https:\/\/www.cnbb.org.br\/dom-luiz-soares-e-irma-delci-franzen-participam-de-campanha-sobre-mudancas-climaticas-na-alemanha\/","title":{"rendered":"Dom Luiz Soares e irm\u00e3 Delci Franzen participam de campanha sobre mudan\u00e7as clim\u00e1ticas na Alemanha"},"content":{"rendered":"<p style=\"text-align: justify\">O vice-presidente da CNBB, dom Luiz Soares Vieira e a assessora da Comiss\u00e3o Episcopal Pastoral para o Servi\u00e7o da Caridade, da Justi\u00e7a e da Paz,\u00a0 irm\u00e3 Delci Franzen, participaram no domingo, 21, da abertura da Campanha Quaresmal da Misereor, durante uma celebra\u00e7\u00e3o eucar\u00edstica transmitida por sinal de TV para todo o pa\u00eds, da cidade de\u00a0 M\u00fcnster. Com o tema, \u201cPreservar a Cria\u00e7\u00e3o de Deus para que todos possam Viver\u201c, a entidade cat\u00f3lica alem\u00e3 Misereor faz a rela\u00e7\u00e3o entre a preserva\u00e7\u00e3o da cria\u00e7\u00e3o e o combate \u00e0 pobreza. A Campanha focaliza a mudan\u00e7a clim\u00e1tica e chama a aten\u00e7\u00e3o em especial para alguns aspectos do suprimento mundial de energia.<\/p>\n<p><!--more--><\/p>\n<p style=\"text-align: justify\">Al\u00e9m do Brasil, participam da Campanha, representantes da \u00cdndia, \u00c1frica e da \u00c1sia, comprometidos com projetos de desenvolvimento entre a popula\u00e7\u00e3o empobrecida, a mais afetada e vulner\u00e1vel \u00e0s mudan\u00e7as de clima. \u201cA seguran\u00e7a alimentar dos habitantes das zonas subtropicais est\u00e3o fortemente amea\u00e7adas. A mudan\u00e7a clim\u00e1tica mina os direitos \u00e0 exist\u00eancia dos 2,5 bilh\u00f5es de pessoas em todo o mundo que vivem diretamente da agricultura\u201d , disse Dr. Josef Sayer, diretor da Misereor.<\/p>\n<p style=\"text-align: justify\"><img decoding=\"async\" loading=\"lazy\" class=\" alignleft size-full wp-image-2513\" style=\"float: left\" src=\"https:\/\/www.cnbb.org.br\/wp-content\/uploads\/2020\/03\/irdelci.jpg\" alt=\"Ir. Delci Franzen\" width=\"300\" height=\"257\" \/>O texto-base da Campanha relata a experi\u00eancia do projeto para o desenvolvimento rural integrado para a prote\u00e7\u00e3o do homem e da natureza na diocese de Marab\u00e1, no estado do Par\u00e1. Apresenta como destaque a frase de uma pessoa que integra o projeto: \u201cCada motoserra que destr\u00f3i a nossa mata, cada usina que represa os nossos rios, nos tira um peda\u00e7o de vida\u201d.<\/p>\n<p style=\"text-align: justify\">A Campanha prossegue nas dioceses, par\u00f3quias, escolas e organiza\u00e7\u00f5es da sociedade civil da Alemanha, especialmente com confer\u00eancias, debates e encontros do povo com os representantes dos diversos pa\u00edses relatando as experi\u00eancias relacionadas com projetos apoiados pela Misereor. Este contato direto entre pessoas de diversos pa\u00edses visa fortalecer a solidariedade e a coopera\u00e7\u00e3o internacional e a consci\u00eancia coletiva na responsabilidade de todos em rela\u00e7\u00e3o \u00e0 preserva\u00e7\u00e3o da cria\u00e7\u00e3o para esta e as futuras gera\u00e7\u00f5es.<\/p>\n<p style=\"text-align: justify\">Dom Luiz e Irm\u00e3 Delci, que j\u00e1 est\u00e3o h\u00e1 uma semana em visita \u00e0s par\u00f3quias e devem continuar os contatos com as comunidades e o poder p\u00fablico at\u00e9 os dias 8 e 9 de mar\u00e7o, quando retornam ao Brasil em plena Campanha da Fraternidade Ecum\u00eanica sobre Economia e Vida. A celebra\u00e7\u00e3o dos 50 anos de ordena\u00e7\u00e3o presbiteral de dom Luiz, junto ao povo alem\u00e3o e distante de sua diocese de Manaus, foi considerado um gesto prof\u00e9tico em rela\u00e7\u00e3o a globaliza\u00e7\u00e3o da solidariedade, anunciada por\u00a0 Jo\u00e3o o Paulo II como caminho para a nova evangeliza\u00e7\u00e3o.<\/p>\n","protected":false},"excerpt":{"rendered":"<p>O vice-presidente da CNBB, dom Luiz Soares Vieira e a assessora da Comiss\u00e3o Episcopal Pastoral para o Servi\u00e7o da Caridade, da Justi\u00e7a e da Paz,\u00a0 irm\u00e3 Delci Franzen, participaram no domingo, 21, da abertura da Campanha Quaresmal da Misereor, durante uma celebra\u00e7\u00e3o eucar\u00edstica transmitida por sinal de TV para todo o pa\u00eds, da cidade de\u00a0 &hellip;<\/p>\n<p class=\"read-more\"> <a class=\"\" href=\"https:\/\/www.cnbb.org.br\/dom-luiz-soares-e-irma-delci-franzen-participam-de-campanha-sobre-mudancas-climaticas-na-alemanha\/\"> <span class=\"screen-reader-text\">Dom Luiz Soares e irm\u00e3 Delci Franzen participam de campanha sobre mudan\u00e7as clim\u00e1ticas na Alemanha<\/span> Leia mais &raquo;<\/a><\/p>\n","protected":false},"author":83,"featured_media":24125,"comment_status":"open","ping_status":"open","sticky":false,"template":"","format":"standard","meta":{"site-sidebar-layout":"default","site-content-layout":"default","ast-global-header-display":"","ast-banner-title-visibility":"","ast-main-header-display":"","ast-hfb-above-header-display":"","ast-hfb-below-header-display":"","ast-hfb-mobile-header-display":"","site-post-title":"","ast-breadcrumbs-content":"","ast-featured-img":"","footer-sml-layout":"","theme-transparent-header-meta":"","adv-header-id-meta":"","stick-header-meta":"","header-above-stick-meta":"","header-main-stick-meta":"","header-below-stick-meta":""},"categories":[822,769],"tags":[],"acf":[],"_links":{"self":[{"href":"https:\/\/www.cnbb.org.br\/cnbb-app\/wp\/v2\/posts\/24124"}],"collection":[{"href":"https:\/\/www.cnbb.org.br\/cnbb-app\/wp\/v2\/posts"}],"about":[{"href":"https:\/\/www.cnbb.org.br\/cnbb-app\/wp\/v2\/types\/post"}],"author":[{"embeddable":true,"href":"https:\/\/www.cnbb.org.br\/cnbb-app\/wp\/v2\/users\/83"}],"replies":[{"embeddable":true,"href":"https:\/\/www.cnbb.org.br\/cnbb-app\/wp\/v2\/comments?post=24124"}],"version-history":[{"count":0,"href":"https:\/\/www.cnbb.org.br\/cnbb-app\/wp\/v2\/posts\/24124\/revisions"}],"wp:featuredmedia":[{"embeddable":true,"href":"https:\/\/www.cnbb.org.br\/cnbb-app\/wp\/v2\/media\/24125"}],"wp:attachment":[{"href":"https:\/\/www.cnbb.org.br\/cnbb-app\/wp\/v2\/media?parent=24124"}],"wp:term":[{"taxonomy":"category","embeddable":true,"href":"https:\/\/www.cnbb.org.br\/cnbb-app\/wp\/v2\/categories?post=24124"},{"taxonomy":"post_tag","embeddable":true,"href":"https:\/\/www.cnbb.org.br\/cnbb-app\/wp\/v2\/tags?post=24124"}],"curies":[{"name":"wp","href":"https:\/\/api.w.org\/{rel}","templated":true}]}}