{"id":241261,"date":"2020-06-25T11:10:49","date_gmt":"2020-06-25T14:10:49","guid":{"rendered":"https:\/\/www.cnbb.org.br\/?p=241261"},"modified":"2020-09-08T13:52:36","modified_gmt":"2020-09-08T16:52:36","slug":"dom-roberto-ferreria-o-papa-do-encontro-do-cuidado-e-da-misericordia","status":"publish","type":"post","link":"https:\/\/www.cnbb.org.br\/dom-roberto-ferreria-o-papa-do-encontro-do-cuidado-e-da-misericordia\/","title":{"rendered":"O Papa do Encontro, do Cuidado e da Miseric\u00f3rdia"},"content":{"rendered":"<p style=\"text-align: right\"><strong>Dom Roberto Francisco Ferreria Paz<\/strong><br \/>\n<strong>Bispo de Campos (RJ)<\/strong><\/p>\n<p>&nbsp;<\/p>\n<p style=\"text-align: justify\">Ao celebramos a Solenidade Martirial dos Santos Ap\u00f3stolos Pedro e Paulo, as duas lumin\u00e1rias e alicerces fundacionais da comunidade eclesial, da sua identidade e miss\u00e3o, lembramos, nesta efem\u00e9ride, o carisma petrino, isto \u00e9, o pastoreio e a lideran\u00e7a do Papa como guia e centro de unidade e\u00a0 comunh\u0101o. Cada Papa, como Vig\u00e1rio de Cristo, e fiel a seu of\u00edcio de edificar na primazia do amor, como afirmava Santo In\u00e1cio de Antioquia, uma comunidade servidora, fraterna e mission\u00e1ria, d\u00e1 uma resposta de f\u00e9 e firme esperan\u00e7a no tempo que o Senhor o chama para desempenhar a sua miss\u00e3o.<\/p>\n<p style=\"text-align: justify\">O Papa Francisco, o primeiro Pont\u00edfice e latino-americano de origem, tem se caracterizado por um estilo sinodal e comunional de exercer o seu minist\u00e9rio, e tem trabalhado intensamente o que podemos denominar a Cultura do Encontro, do Cuidado e da Miseric\u00f3rdia. Encontro, sendo ponte de entendimento, di\u00e1logo e aproxima\u00e7\u00e3o entre as pessoas, povos, mentalidades e religi\u00f5es, escutando e oferecendo espa\u00e7os para que itigantes j\u00e1 seja, grupos e na\u00e7\u00f5es em conflito se sentem numa mesa para conversar e negociar acordos para o bem comum e para a paz universal.<\/p>\n<p style=\"text-align: justify\">J\u00e1 como Pai e Pastor, tem transparecido para com todos os tipos de pobreza, sofrimento e afli\u00e7\u00e3o, o cuidado compassivo de quem partilha e vai ao encontro das pessoas de carne e osso, pele e pesco\u00e7o, colocando-as no seu cora\u00e7\u00e3o e doando-lhes o abra\u00e7o da esperan\u00e7a. Mas, em todo seu agir e pensar nos ensina a experimentar e viver o Deus cujo nome \u00e9 miseric\u00f3rdia, miseric\u00f3rdia que deve perpassar toda a obra evangelizadora, gerando relacionamentos e estruturas, centrados na acolhida, na prote\u00e7\u00e3o, na promo\u00e7\u00e3o integral da pessoa humana, e na integra\u00e7\u00e3o a uma comunidade que cura e salva.<\/p>\n<p style=\"text-align: justify\">Com o Papa Francisco aprendemos a sonhar com uma Casa Comum, restaurada a partir do projeto do Reino, como uma civiliza\u00e7\u00e3o da d\u00e1diva, da partilha e da confian\u00e7a, deixando para tr\u00e1s pandemias e \u00eddolos que matam a vida e n\u00e3o nos deixam celebrar e caminhar na gloriosa liberdade dos filhos de Deus, como guardi\u00f5es da Terra e pelo cuidado e responsabilidade universal. Deus seja louvado!<\/p>\n","protected":false},"excerpt":{"rendered":"<p>Dom Roberto Francisco Ferreria Paz Bispo de Campos (RJ) &nbsp; Ao celebramos a Solenidade Martirial dos Santos Ap\u00f3stolos Pedro e Paulo, as duas lumin\u00e1rias e alicerces fundacionais da comunidade eclesial, da sua identidade e miss\u00e3o, lembramos, nesta efem\u00e9ride, o carisma petrino, isto \u00e9, o pastoreio e a lideran\u00e7a do Papa como guia e centro de &hellip;<\/p>\n<p class=\"read-more\"> <a class=\"\" href=\"https:\/\/www.cnbb.org.br\/dom-roberto-ferreria-o-papa-do-encontro-do-cuidado-e-da-misericordia\/\"> <span class=\"screen-reader-text\">O Papa do Encontro, do Cuidado e da Miseric\u00f3rdia<\/span> Leia mais &raquo;<\/a><\/p>\n","protected":false},"author":23,"featured_media":0,"comment_status":"closed","ping_status":"open","sticky":false,"template":"","format":"standard","meta":{"site-sidebar-layout":"default","site-content-layout":"default","ast-global-header-display":"","ast-banner-title-visibility":"","ast-main-header-display":"","ast-hfb-above-header-display":"","ast-hfb-below-header-display":"","ast-hfb-mobile-header-display":"","site-post-title":"","ast-breadcrumbs-content":"","ast-featured-img":"","footer-sml-layout":"","theme-transparent-header-meta":"","adv-header-id-meta":"","stick-header-meta":"","header-above-stick-meta":"","header-main-stick-meta":"","header-below-stick-meta":""},"categories":[758],"tags":[],"acf":[],"_links":{"self":[{"href":"https:\/\/www.cnbb.org.br\/cnbb-app\/wp\/v2\/posts\/241261"}],"collection":[{"href":"https:\/\/www.cnbb.org.br\/cnbb-app\/wp\/v2\/posts"}],"about":[{"href":"https:\/\/www.cnbb.org.br\/cnbb-app\/wp\/v2\/types\/post"}],"author":[{"embeddable":true,"href":"https:\/\/www.cnbb.org.br\/cnbb-app\/wp\/v2\/users\/23"}],"replies":[{"embeddable":true,"href":"https:\/\/www.cnbb.org.br\/cnbb-app\/wp\/v2\/comments?post=241261"}],"version-history":[{"count":0,"href":"https:\/\/www.cnbb.org.br\/cnbb-app\/wp\/v2\/posts\/241261\/revisions"}],"wp:attachment":[{"href":"https:\/\/www.cnbb.org.br\/cnbb-app\/wp\/v2\/media?parent=241261"}],"wp:term":[{"taxonomy":"category","embeddable":true,"href":"https:\/\/www.cnbb.org.br\/cnbb-app\/wp\/v2\/categories?post=241261"},{"taxonomy":"post_tag","embeddable":true,"href":"https:\/\/www.cnbb.org.br\/cnbb-app\/wp\/v2\/tags?post=241261"}],"curies":[{"name":"wp","href":"https:\/\/api.w.org\/{rel}","templated":true}]}}