{"id":241263,"date":"2020-06-25T11:17:08","date_gmt":"2020-06-25T14:17:08","guid":{"rendered":"https:\/\/www.cnbb.org.br\/?p=241263"},"modified":"2020-09-08T13:52:36","modified_gmt":"2020-09-08T16:52:36","slug":"dom-rodolfo-a-palavra-de-deus-porem-nao-esta-acorrentada","status":"publish","type":"post","link":"https:\/\/www.cnbb.org.br\/dom-rodolfo-a-palavra-de-deus-porem-nao-esta-acorrentada\/","title":{"rendered":"&#8220;A Palavra de Deus, por\u00e9m, n\u00e3o est\u00e1 acorrentada&#8221; (2 Tm 2,9)"},"content":{"rendered":"<p style=\"text-align: right\"><strong>Dom Rodolfo Lu\u00eds Weber<\/strong><br \/>\n<strong>Arcebispo de Passo Fundo (RS)<\/strong><\/p>\n<p>&nbsp;<\/p>\n<p style=\"text-align: justify\">A pandemia do coronav\u00edrus abalou a rotina do mundo inteiro. Tamb\u00e9m desconstruiu os planejamentos pastorais da Igreja, a\u00e7\u00f5es pastorais, catequese foram canceladas. Celebrar a Eucaristia e outros sacramentos com a comunidade, fazer romarias, festas de padroeiros foram adiados, mas por raz\u00f5es muito justas: proteger vidas.<\/p>\n<p style=\"text-align: justify\">Tudo isto come\u00e7ou na metade da Quaresma, afetando diretamente a Semana Santa, o Tempo Pascal e agora o m\u00eas de junho repleto de grandes santos, entre os quais cito: Santo Ant\u00f4nio, S\u00e3o Luiz Gonzaga, Natividade de S\u00e3o Jo\u00e3o Batista, Santo Irineu de Lion, S\u00e3o Pedro e S\u00e3o Paulo. Tamb\u00e9m celebramos em junho a solenidade do Sagrado Cora\u00e7\u00e3o de Jesus e o Imaculado Cora\u00e7\u00e3o de Maria.<\/p>\n<p style=\"text-align: justify\">Neste per\u00edodo, os ap\u00f3stolos Pedro e Paulo foram citados repetidas vezes nos textos lit\u00fargicos e b\u00edblicos, particularmente nos Atos dos Ap\u00f3stolos, lido durante o Tempo Pascal. Novamente no domingo ser\u00e1 celebrada a solenidade dos ap\u00f3stolos S\u00e3o Pedro e S\u00e3o Paulo. A vida deles e o exerc\u00edcio de seu minist\u00e9rio apost\u00f3lico projetam luzes sobre a Igreja e sua miss\u00e3o evangelizadora no atual contexto. Ajudam a viver a f\u00e9, ser fiel em meio aos sofrimentos e novas dificuldades.<\/p>\n<p style=\"text-align: justify\">Os dois ap\u00f3stolos foram impedidos em v\u00e1rios momentos de cumprirem a miss\u00e3o evangelizadora. Tiveram proibi\u00e7\u00f5es verbais, amea\u00e7as, expuls\u00e3o de lugares, castigos e tamb\u00e9m longos per\u00edodos na pris\u00e3o. Todas estas limita\u00e7\u00f5es n\u00e3o impediram e n\u00e3o desanimaram Pedro e Paulo de viveram a vida crist\u00e3 e a miss\u00e3o de anunciar o Evangelho. Paulo d\u00e1 o seguinte testemunho em 2 Tim\u00f3teo 2, 8-10: \u201cLembra-te de Jesus Cristo (&#8230;) pelo qual eu tenho sofrido at\u00e9 ser acorrentado como um malfeitor. A palavra de Deus, por\u00e9m, n\u00e3o est\u00e1 acorrentada. Por isso suporto tudo, por causa dos eleitos, para que eles tamb\u00e9m alcancem a salva\u00e7\u00e3o que est\u00e1 no Cristo Jesus com a gl\u00f3ria eterna\u201d.<\/p>\n<p style=\"text-align: justify\">As limita\u00e7\u00f5es de locomo\u00e7\u00e3o, o distanciamento social, as portas fechadas das igrejas imp\u00f5em muitos limites para o corpo. Alguns podem entender que, por causa destas limita\u00e7\u00f5es, n\u00e3o existe a possibilidade de evangelizar e que n\u00e3o se pode viver como crist\u00e3os. Aqui ecoa fortemente a palavra de S\u00e3o Paulo: A palavra de Deus, por\u00e9m, n\u00e3o est\u00e1 acorrentada.<\/p>\n<p style=\"text-align: justify\">Quando Pedro e Paulo come\u00e7aram a evangelizar as estruturas da Igreja eram m\u00ednimas. Tudo estava para ser come\u00e7ado e cada dia novos desafios pastorais iam surgindo e novas respostas eram necess\u00e1rias. Desde l\u00e1 at\u00e9 hoje, a Igreja teve que criar muitas estruturas para servirem a evangeliza\u00e7\u00e3o. Por\u00e9m as mesmas, quando superadas ou inadequadas acomodam ou at\u00e9 impedem o vigor mission\u00e1rio. Encanta olhar para Pedro e Paulo e ver neles o vigor mission\u00e1rio que os fez encontrar novas respostas. Nunca relativizaram o Evangelho ou deixaram de pregar o seu essencial. N\u00e3o se comportaram como camale\u00f5es que mudam de cor conforme as circunst\u00e2ncias. Tamb\u00e9m, nunca se ficar\u00e1 sabendo ao certo, de quantos membros vivos da Igreja encontram meios para evangelizar neste per\u00edodo de pandemia onde as estruturas e os meios habituais \u201cnormais\u201d se mostram insuficientes. Vivemos uma \u00e9poca favor\u00e1vel para encontrar meios adequados para anunciar o mesmo Evangelho, aquele de Pedro e Paulo.<\/p>\n<p style=\"text-align: justify\">O livro de Atos dos Ap\u00f3stolos 12, 5 diz: \u201cEnquanto Pedro era mantido na pris\u00e3o, a Igreja rezava continuamente a Deus por ele\u201d. Naquele tempo Pedro, hoje o Papa Francisco e tantos bispos e padres n\u00e3o podem estar no meio do povo e nem rezar presencialmente com ele. Mas isto n\u00e3o impede que o papa, os bispos, padres e os fi\u00e9is leigos rezem continuamente. Estamos impedidos para fazer algumas a\u00e7\u00f5es pastorais, mas temos mais tempo para rezar, inclusive pela Igreja.<\/p>\n","protected":false},"excerpt":{"rendered":"<p>Dom Rodolfo Lu\u00eds Weber Arcebispo de Passo Fundo (RS) &nbsp; A pandemia do coronav\u00edrus abalou a rotina do mundo inteiro. Tamb\u00e9m desconstruiu os planejamentos pastorais da Igreja, a\u00e7\u00f5es pastorais, catequese foram canceladas. Celebrar a Eucaristia e outros sacramentos com a comunidade, fazer romarias, festas de padroeiros foram adiados, mas por raz\u00f5es muito justas: proteger vidas. &hellip;<\/p>\n<p class=\"read-more\"> <a class=\"\" href=\"https:\/\/www.cnbb.org.br\/dom-rodolfo-a-palavra-de-deus-porem-nao-esta-acorrentada\/\"> <span class=\"screen-reader-text\">&#8220;A Palavra de Deus, por\u00e9m, n\u00e3o est\u00e1 acorrentada&#8221; (2 Tm 2,9)<\/span> Leia mais &raquo;<\/a><\/p>\n","protected":false},"author":27,"featured_media":0,"comment_status":"closed","ping_status":"open","sticky":false,"template":"","format":"standard","meta":{"site-sidebar-layout":"default","site-content-layout":"default","ast-global-header-display":"","ast-banner-title-visibility":"","ast-main-header-display":"","ast-hfb-above-header-display":"","ast-hfb-below-header-display":"","ast-hfb-mobile-header-display":"","site-post-title":"","ast-breadcrumbs-content":"","ast-featured-img":"","footer-sml-layout":"","theme-transparent-header-meta":"","adv-header-id-meta":"","stick-header-meta":"","header-above-stick-meta":"","header-main-stick-meta":"","header-below-stick-meta":""},"categories":[758],"tags":[],"acf":[],"_links":{"self":[{"href":"https:\/\/www.cnbb.org.br\/cnbb-app\/wp\/v2\/posts\/241263"}],"collection":[{"href":"https:\/\/www.cnbb.org.br\/cnbb-app\/wp\/v2\/posts"}],"about":[{"href":"https:\/\/www.cnbb.org.br\/cnbb-app\/wp\/v2\/types\/post"}],"author":[{"embeddable":true,"href":"https:\/\/www.cnbb.org.br\/cnbb-app\/wp\/v2\/users\/27"}],"replies":[{"embeddable":true,"href":"https:\/\/www.cnbb.org.br\/cnbb-app\/wp\/v2\/comments?post=241263"}],"version-history":[{"count":0,"href":"https:\/\/www.cnbb.org.br\/cnbb-app\/wp\/v2\/posts\/241263\/revisions"}],"wp:attachment":[{"href":"https:\/\/www.cnbb.org.br\/cnbb-app\/wp\/v2\/media?parent=241263"}],"wp:term":[{"taxonomy":"category","embeddable":true,"href":"https:\/\/www.cnbb.org.br\/cnbb-app\/wp\/v2\/categories?post=241263"},{"taxonomy":"post_tag","embeddable":true,"href":"https:\/\/www.cnbb.org.br\/cnbb-app\/wp\/v2\/tags?post=241263"}],"curies":[{"name":"wp","href":"https:\/\/api.w.org\/{rel}","templated":true}]}}