{"id":24128,"date":"2010-04-16T00:00:00","date_gmt":"2010-04-16T03:00:00","guid":{"rendered":"https:\/\/www.cnbb.org.br\/belo-monte-na-pauta-da-visita-ad-limina-do-regional-norte-2\/"},"modified":"2010-04-16T00:00:00","modified_gmt":"2010-04-16T03:00:00","slug":"belo-monte-na-pauta-da-visita-ad-limina-do-regional-norte-2","status":"publish","type":"post","link":"https:\/\/www.cnbb.org.br\/belo-monte-na-pauta-da-visita-ad-limina-do-regional-norte-2\/","title":{"rendered":"Belo Monte na pauta da visita ad limina do Regional Norte 2"},"content":{"rendered":"<p style=\"text-align: justify\">Em visita ad limina, em Roma, os bispos do Regional Norte 2 da CNBB (Par\u00e1 e Amap\u00e1) foram recebidos pelo papa Bento XVI ao longo da semana. Hoje tiveram audi\u00eancia com o papa o bispo de Sant\u00edssima Concei\u00e7\u00e3o do Araguaia, dom Dominique Marie Jean Denis You; o bispo de Rondon\u00f3polis, dom Juventino Kestering; o bispo da Prelazia de Itaituba, dom Capistrano Francisco Heim; o bispo da Prelazia de Maraj\u00f3, dom Jos\u00e9 Luis Azcona Hermoso,\u00a0 e o bispo da Prelazia do Xingu, Dom Erwin Kr\u00e4utler.<\/p>\n<p><!--more--><\/p>\n<p style=\"text-align: justify\">Em entrevista \u00e0 R\u00e1dio Vaticano, ontem (15), os bispos apontaram os principais desafios do norte do Brasil. Declarando-se isolados e esquecidos, os bispos esperam da comunidade internacional e da m\u00eddia que divulguem os riscos ambientais que a Amaz\u00f4nia sofre.\u00a0 Segundo os religiosos, esta n\u00e3o \u00e9 uma causa brasileira, \u201cmas mundial\u201d.<\/p>\n<p style=\"text-align: justify\">Outro assunto abordado pelos bispos foi o pol\u00eamico projeto de constru\u00e7\u00e3o da Usina Hidrel\u00e9trica de Belo Monte. De acordo com os prelados, trata-se de uma obra fara\u00f4nica que alagaria a regi\u00e3o circunstante ao Xingu, causando a remo\u00e7\u00e3o de 25 a 30 mil pessoas, em\u00a0 sua maioria popula\u00e7\u00f5es ind\u00edgenas e ribeirinhas.<\/p>\n<p style=\"text-align: justify\">Um dos lideres na resist\u00eancia \u00e0 constru\u00e7\u00e3o da Belo Monte, o bispo prelado do Xingu, dom Erwin Kr\u00e4utler, explicou os efeitos devastadores que esta obra causaria nos povos da regi\u00e3o. De acordo com dom Erwin, haver\u00e1 danos ambientais irrevers\u00edveis.<\/p>\n","protected":false},"excerpt":{"rendered":"<p>Em visita ad limina, em Roma, os bispos do Regional Norte 2 da CNBB (Par\u00e1 e Amap\u00e1) foram recebidos pelo papa Bento XVI ao longo da semana. Hoje tiveram audi\u00eancia com o papa o bispo de Sant\u00edssima Concei\u00e7\u00e3o do Araguaia, dom Dominique Marie Jean Denis You; o bispo de Rondon\u00f3polis, dom Juventino Kestering; o bispo &hellip;<\/p>\n<p class=\"read-more\"> <a class=\"\" href=\"https:\/\/www.cnbb.org.br\/belo-monte-na-pauta-da-visita-ad-limina-do-regional-norte-2\/\"> <span class=\"screen-reader-text\">Belo Monte na pauta da visita ad limina do Regional Norte 2<\/span> Leia mais &raquo;<\/a><\/p>\n","protected":false},"author":83,"featured_media":16030,"comment_status":"open","ping_status":"open","sticky":false,"template":"","format":"standard","meta":{"site-sidebar-layout":"default","site-content-layout":"default","ast-global-header-display":"","ast-banner-title-visibility":"","ast-main-header-display":"","ast-hfb-above-header-display":"","ast-hfb-below-header-display":"","ast-hfb-mobile-header-display":"","site-post-title":"","ast-breadcrumbs-content":"","ast-featured-img":"","footer-sml-layout":"","theme-transparent-header-meta":"","adv-header-id-meta":"","stick-header-meta":"","header-above-stick-meta":"","header-main-stick-meta":"","header-below-stick-meta":""},"categories":[822,769],"tags":[],"acf":[],"_links":{"self":[{"href":"https:\/\/www.cnbb.org.br\/cnbb-app\/wp\/v2\/posts\/24128"}],"collection":[{"href":"https:\/\/www.cnbb.org.br\/cnbb-app\/wp\/v2\/posts"}],"about":[{"href":"https:\/\/www.cnbb.org.br\/cnbb-app\/wp\/v2\/types\/post"}],"author":[{"embeddable":true,"href":"https:\/\/www.cnbb.org.br\/cnbb-app\/wp\/v2\/users\/83"}],"replies":[{"embeddable":true,"href":"https:\/\/www.cnbb.org.br\/cnbb-app\/wp\/v2\/comments?post=24128"}],"version-history":[{"count":0,"href":"https:\/\/www.cnbb.org.br\/cnbb-app\/wp\/v2\/posts\/24128\/revisions"}],"wp:featuredmedia":[{"embeddable":true,"href":"https:\/\/www.cnbb.org.br\/cnbb-app\/wp\/v2\/media\/16030"}],"wp:attachment":[{"href":"https:\/\/www.cnbb.org.br\/cnbb-app\/wp\/v2\/media?parent=24128"}],"wp:term":[{"taxonomy":"category","embeddable":true,"href":"https:\/\/www.cnbb.org.br\/cnbb-app\/wp\/v2\/categories?post=24128"},{"taxonomy":"post_tag","embeddable":true,"href":"https:\/\/www.cnbb.org.br\/cnbb-app\/wp\/v2\/tags?post=24128"}],"curies":[{"name":"wp","href":"https:\/\/api.w.org\/{rel}","templated":true}]}}