{"id":241292,"date":"2020-06-25T15:48:33","date_gmt":"2020-06-25T18:48:33","guid":{"rendered":"https:\/\/www.cnbb.org.br\/?p=241292"},"modified":"2020-10-23T16:38:15","modified_gmt":"2020-10-23T19:38:15","slug":"o-papa-francisco-doou-2-500-testes-de-covid-19-ao-ministerio-da-saude-de-gaza","status":"publish","type":"post","link":"https:\/\/www.cnbb.org.br\/o-papa-francisco-doou-2-500-testes-de-covid-19-ao-ministerio-da-saude-de-gaza\/","title":{"rendered":"O Papa Francisco doou 2.500 testes de Covid-19 ao Minist\u00e9rio da S\u00e1ude de Gaza"},"content":{"rendered":"<p style=\"text-align: justify\">O Papa doou 2500 testes de Covid-19 ao Minist\u00e9rio da Sa\u00fade de Gaza, atrav\u00e9s da Congrega\u00e7\u00e3o para as Igrejas Orientais. A entrega dos kits, que aconteceu no \u00faltimo dia 17 de junho, foi coordenada pela Delega\u00e7\u00e3o Apost\u00f3lica, pelo Patriarcado Latino de Jerusal\u00e9m e pela Caritas de Jerusal\u00e9m. A not\u00edcia foi divulgada pelo pr\u00f3prio Patriarcado.<\/p>\n<p style=\"text-align: justify\"><strong>A caridade do Papa<\/strong><br \/>\nOs kits foram entregues pela Caritas Jerusal\u00e9m e pelo Pe. Gabriel Romanelli, p\u00e1roco latino da Sagrada Fam\u00edlia em Gaza. A doa\u00e7\u00e3o faz parte das iniciativas promovidas pelo Fundo de Emerg\u00eancia, desejado pelo Papa Francisco, para ajudar os pa\u00edses mais afetados pela dissemina\u00e7\u00e3o da Covid-19. Entre eles, a S\u00edria que recebeu 10 ventiladores, outros tr\u00eas foram doados para o Hospital S\u00e3o Jos\u00e9 em Jerusal\u00e9m, enquanto os kits com testes de Covid-19 foram enviados ao Hospital da Sagrada Fam\u00edlia em Bel\u00e9m.<\/p>\n<p>A doa\u00e7\u00e3o do Papa faz parte dos muitos \u201ccarinhos\u201d com que Francisco se faz presente e pr\u00f3ximo: fundos que s\u00e3o um oxig\u00eanio para \u00e1reas em dificuldade e, depois, respiradores, material m\u00e9dico, kits sanit\u00e1rios que viajam de uma parte do mundo para a outra, do Equador \u00e0 Rom\u00eania, do Brasil \u00e0 Espanha, a N\u00e1poles e a Lecce. Mas, tamb\u00e9m, telefonemas que chegam a bispos, comunidades, m\u00e9dicos, enfermeiros que vivem o sofrimento e a dificuldade, tanto nos corredores dos hospitais como nas c\u00farias ou nas associa\u00e7\u00f5es de voluntariado na linha de frente. Para cada um, uma palavra ou um gesto e muita gratid\u00e3o.<\/p>\n<p style=\"text-align: justify\"><strong>A falta de testes e leitos em Gaza<\/strong><br \/>\nCom a propaga\u00e7\u00e3o do v\u00edrus em Gaza, onde vivem cerca de 2 milh\u00f5es de pessoas, as autoridades locais de sa\u00fade lamentaram a falta de testes para fazer diagn\u00f3sticos e tamb\u00e9m solicitaram 100 ventiladores e 140 leitos para as UTIs. Segundo o Minist\u00e9rio da Sa\u00fade da Palestina, Gaza registra 72 casos de Covid-19 (15 ainda est\u00e3o ativos) de um total de 1328 casos nos Territ\u00f3rios Palestinos (dados de 25 de junho).<\/p>\n<p style=\"text-align: justify\">A baixa porcentagem de pessoas testadas positivas poderia ser um ind\u00edcio da falta de testes realizados. A Caritas de Jerusal\u00e9m e o Minist\u00e9rio da Sa\u00fade de Gaza, como informa o Patriarcado Latino, &#8220;prepararam um plano de emerg\u00eancia que prev\u00ea, entre outras coisas, a presta\u00e7\u00e3o de servi\u00e7os m\u00e9dicos no Centro da Caritas e a ativa\u00e7\u00e3o de tr\u00eas equipes m\u00e9dicas m\u00f3veis para realizar servi\u00e7o domiciliar no tratamento de pacientes n\u00e3o-Covid-19 durante as 24 horas do dia&#8221;. Como em Israel, tamb\u00e9m na Cisjord\u00e2nia foram registrados novos picos de infec\u00e7\u00e3o nas \u00faltimas duas semanas: o mais alto em Hebron com 551 casos, seguido de Nablus com 32.<\/p>\n<p style=\"text-align: justify\"><strong>O p\u00e1roco de Gaza: al\u00e9m da Covid-19, a grave situa\u00e7\u00e3o econ\u00f4mica<\/strong><br \/>\nSegundo o\u00a0 padre Gabriel Romanelli, p\u00e1roco latino da Sagrada Fam\u00edlia em Gaza, nos Territ\u00f3rios Palestinos &#8220;h\u00e1 uma emerg\u00eancia de coronav\u00edrus, mas ela est\u00e1 ligada a muitas outras situa\u00e7\u00f5es\u201d. O sacerdote cita, ent\u00e3o, \u201co bloqueio da fronteira com Israel ou Egito, o fechamento de muitas atividades comerciais, como os restaurantes. Dessa forma, muitas pessoas perderam o emprego e ficaram sem sal\u00e1rio. Os professores das nossas escolas n\u00e3o foram demitidos, mas o Patriarcado teve dificuldade em pagar os sal\u00e1rios&#8221;.<\/p>\n<p style=\"text-align: justify\">O fechamento de Gaza pesa mais do que nunca neste momento, explica o p\u00e1roco, mas as poucas entradas conseguiram conter o cont\u00e1gio pelo v\u00edrus. O padre Romanelli acrescenta que todos os casos que tiveram \u201cdizem respeito a pessoas que vieram de fora e que foram imediatamente colocadas em quarentena. Os kits enviados pelo Papa v\u00e3o nos ajudar a fazer diagn\u00f3sticos mais precisos e, assim que os recebemos, levamos ao laborat\u00f3rio do Minist\u00e9rio da Sa\u00fade. Em toda Gaza, de fato, tem apenas uma m\u00e1quina que pode fazer as an\u00e1lises&#8221;.<\/p>\n<p>Com informa\u00e7\u00f5es do <a href=\"https:\/\/www.vaticannews.va\/pt\/papa\/news\/2020-06\/coronavirus-papa-francisco-doacao-kits-testes-diagnostico-gaza.html\" target=\"_blank\" rel=\"noopener\">Vaticanews<\/a>    \t<\/p>\n","protected":false},"excerpt":{"rendered":"<p>Os kits foram entregues pela Caritas Jerusal\u00e9m e pelo padre Gabriel Romanelli, p\u00e1roco latino da Sagrada Fam\u00edlia em Gaza<\/p>\n","protected":false},"author":83,"featured_media":241294,"comment_status":"closed","ping_status":"open","sticky":false,"template":"","format":"standard","meta":{"site-sidebar-layout":"default","site-content-layout":"default","ast-global-header-display":"","ast-banner-title-visibility":"","ast-main-header-display":"","ast-hfb-above-header-display":"","ast-hfb-below-header-display":"","ast-hfb-mobile-header-display":"","site-post-title":"","ast-breadcrumbs-content":"","ast-featured-img":"","footer-sml-layout":"","theme-transparent-header-meta":"","adv-header-id-meta":"","stick-header-meta":"","header-above-stick-meta":"","header-main-stick-meta":"","header-below-stick-meta":""},"categories":[784],"tags":[1855],"acf":[],"_links":{"self":[{"href":"https:\/\/www.cnbb.org.br\/cnbb-app\/wp\/v2\/posts\/241292"}],"collection":[{"href":"https:\/\/www.cnbb.org.br\/cnbb-app\/wp\/v2\/posts"}],"about":[{"href":"https:\/\/www.cnbb.org.br\/cnbb-app\/wp\/v2\/types\/post"}],"author":[{"embeddable":true,"href":"https:\/\/www.cnbb.org.br\/cnbb-app\/wp\/v2\/users\/83"}],"replies":[{"embeddable":true,"href":"https:\/\/www.cnbb.org.br\/cnbb-app\/wp\/v2\/comments?post=241292"}],"version-history":[{"count":0,"href":"https:\/\/www.cnbb.org.br\/cnbb-app\/wp\/v2\/posts\/241292\/revisions"}],"wp:featuredmedia":[{"embeddable":true,"href":"https:\/\/www.cnbb.org.br\/cnbb-app\/wp\/v2\/media\/241294"}],"wp:attachment":[{"href":"https:\/\/www.cnbb.org.br\/cnbb-app\/wp\/v2\/media?parent=241292"}],"wp:term":[{"taxonomy":"category","embeddable":true,"href":"https:\/\/www.cnbb.org.br\/cnbb-app\/wp\/v2\/categories?post=241292"},{"taxonomy":"post_tag","embeddable":true,"href":"https:\/\/www.cnbb.org.br\/cnbb-app\/wp\/v2\/tags?post=241292"}],"curies":[{"name":"wp","href":"https:\/\/api.w.org\/{rel}","templated":true}]}}