{"id":241314,"date":"2020-06-26T08:30:31","date_gmt":"2020-06-26T11:30:31","guid":{"rendered":"https:\/\/www.cnbb.org.br\/?p=241314"},"modified":"2020-06-26T08:30:31","modified_gmt":"2020-06-26T11:30:31","slug":"pastoral-da-sobriedade-celebra-dia-internacional-de-combate-as-drogas-com-semana-de-atividades-online","status":"publish","type":"post","link":"https:\/\/www.cnbb.org.br\/pastoral-da-sobriedade-celebra-dia-internacional-de-combate-as-drogas-com-semana-de-atividades-online\/","title":{"rendered":"Pastoral da Sobriedade celebra Dia de Combate \u00e0s Drogas com atividades online"},"content":{"rendered":"<p style=\"text-align: justify\">H\u00e1 33 anos, o mundo celebra, no dia 26 de junho, o Dia Internacional de Combate \u00e0s Drogas ou Dia Internacional contra o Abuso e Tr\u00e1fico Il\u00edcito de Drogas. A data foi definida pela Assembleia Geral da Organiza\u00e7\u00e3o das Na\u00e7\u00f5es Unidas (ONU), em 1987.<\/p>\n<p style=\"text-align: justify\">No Brasil, a celebra\u00e7\u00e3o culmina com o encerramento da Semana Nacional Sobre Drogas, promovida pela Pastoral da Sobriedade, organismo vinculado \u00e0 Confer\u00eancia Nacional dos Bispos do Brasil (CNBB), que este ano elegeu o tema \u201cSobriedade, compromisso de amor\u201d e o lema: \u201cAmai-vos, tamb\u00e9m uns aos outros\u201d (Jo\u00e3o, 13, 34).<\/p>\n<p style=\"text-align: justify\">Durante a semana, a pastoral realizou algumas atividades online sobre preven\u00e7\u00e3o ao uso do \u00e1lcool e outras drogas. Al\u00e9m de campanhas com o intuito de diminuir os riscos e preju\u00edzos que o uso abusivo dessas subst\u00e2ncias possa oferecer ao indiv\u00edduo e \u00e0 sociedade.<\/p>\n<p style=\"text-align: justify\">Dados do Relat\u00f3rio Mundial sobre Drogas 2020 divulgado nesta quinta-feira, dia 25 de junho, pelo Escrit\u00f3rio das Na\u00e7\u00f5es Unidas sobre Drogas e Crime (UNODC) mostram que cerca de 269 milh\u00f5es de pessoas usaram drogas no mundo em 2018 \u2013 aumento de 30% em compara\u00e7\u00e3o com 2009. Desse total, mais de 35 milh\u00f5es de pessoas sofrem de transtornos associados ao uso de drogas, por isso a preocupa\u00e7\u00e3o e \u00eanfase na Semana Nacional Sobre Drogas e no Dia Internacional de Combate \u00e0s Drogas.<\/p>\n<p style=\"text-align: justify\">No in\u00edcio da semana, a Pastoral da Sobriedade emitiu uma nota com reflex\u00f5es sobre a preven\u00e7\u00e3o e os males que a depend\u00eancia qu\u00edmica pode causar. O documento chama ainda a aten\u00e7\u00e3o para a urg\u00eancia da atua\u00e7\u00e3o no trabalho de preven\u00e7\u00e3o ao uso abusivo de \u00e1lcool e outras drogas nas comunidades, fortalecendo os fatores de prote\u00e7\u00e3o para assim diminuir os fatores de risco do consumo.<\/p>\n<p style=\"text-align: justify\"><a href=\"https:\/\/www.cnbb.org.br\/wp-content\/uploads\/2020\/06\/WhatsApp-Image-2020-06-26-at-00.33.04.jpeg\" data-rel=\"lightbox-image-0\" data-rl_title=\"\" data-rl_caption=\"\" title=\"\"><img decoding=\"async\" loading=\"lazy\" class=\" wp-image-241315 alignleft\" src=\"https:\/\/www.cnbb.org.br\/wp-content\/uploads\/2020\/06\/WhatsApp-Image-2020-06-26-at-00.33.04.jpeg\" alt=\"\" width=\"281\" height=\"277\" srcset=\"https:\/\/www.cnbb.org.br\/wp-content\/uploads\/2020\/06\/WhatsApp-Image-2020-06-26-at-00.33.04.jpeg 728w, https:\/\/www.cnbb.org.br\/wp-content\/uploads\/2020\/06\/WhatsApp-Image-2020-06-26-at-00.33.04-300x296.jpeg 300w, https:\/\/www.cnbb.org.br\/wp-content\/uploads\/2020\/06\/WhatsApp-Image-2020-06-26-at-00.33.04-500x494.jpeg 500w\" sizes=\"(max-width: 281px) 100vw, 281px\" \/><\/a>Nesta quinta-feira, 25 de junho, a pastoral realizou em sua p\u00e1gina no Facebook uma live com o assessor da coordena\u00e7\u00e3o nacional, o agente Luis Carlos Rossini, e um dos fundadores da Mobiliza\u00e7\u00e3o Freemind e presidente no Brasil da Sociedade Internacional de Profissionais da Preven\u00e7\u00e3o e Tratamento do uso de Subst\u00e2ncias, Paulo Martelli. Os convidados bateram um papo sobre as iniciativas que v\u00eam sendo desenvolvidas pela Frente de Preven\u00e7\u00e3o no Brasil.<\/p>\n<p style=\"text-align: justify\">Por causa do isolamento social, a Pastoral da Sobriedade tem feito os encontros virtuais para continuar dando apoio aos que enfrentam o desafio do v\u00edcio no \u00e1lcool e outras drogas. Atualmente, a pastoral que conta com mais de 1.400 grupos de autoajuda no Brasil tem sido uma das respostas concretas na preven\u00e7\u00e3o e recupera\u00e7\u00e3o. Al\u00e9m disso, esse servi\u00e7o \u00e9 uma a\u00e7\u00e3o mission\u00e1ria junto \u00e0s fam\u00edlias que sofrem com entes queridos viciados.<\/p>\n<p style=\"text-align: justify\">De acordo com o Relat\u00f3rio Mundial sobre Drogas 2020 da UNODC, a Covid-19 impactou nos mercados de drogas. <em>\u201cEmbora seus efeitos ainda n\u00e3o sejam totalmente conhecidos, o fechamento de fronteiras e outras restri\u00e7\u00f5es relacionadas \u00e0 pandemia j\u00e1 causaram escassez de drogas nas ruas, levando ao aumento de pre\u00e7os e \u00e0 redu\u00e7\u00e3o da pureza\u201d, <\/em>destaca o documento<em>.<\/em><em>\u00a0<\/em><\/p>\n<p style=\"text-align: justify\">Nesse cen\u00e1rio, o documento levanta uma quest\u00e3o importante que o aumento do desemprego e a redu\u00e7\u00e3o de oportunidades causados pela pandemia tamb\u00e9m podem afetar desproporcionalmente as camadas mais pobres, tornando-as mais vulner\u00e1veis ao uso, ao tr\u00e1fico e cultivo de drogas para obterem sustento, aponta o relat\u00f3rio.<\/p>\n<p style=\"text-align: justify\">\u201cA crise da COVID-19 e a retra\u00e7\u00e3o econ\u00f4mica amea\u00e7am agravar ainda mais os riscos das drogas, quando nossos sistemas sociais e de sa\u00fade est\u00e3o \u00e0 beira de um colapso e nossas sociedades est\u00e3o lutando para lidar com esse problema\u201d, aponta a diretora-executiva do UNODC, Ghada Waly.<\/p>\n<blockquote>\n<p style=\"text-align: justify\"><em>\u201cPrecisamos que todos os governos demonstrem maior solidariedade e apoiem, principalmente os pa\u00edses em desenvolvimento, no combate ao tr\u00e1fico il\u00edcito de drogas e ofere\u00e7am servi\u00e7os baseados em evid\u00eancias para os transtornos associados ao uso indevido de drogas e doen\u00e7as relacionadas, para que possamos alcan\u00e7ar os Objetivos de Desenvolvimento Sustent\u00e1vel, promover a justi\u00e7a e n\u00e3o deixar ningu\u00e9m para tr\u00e1s\u201d,<\/em> afirmou a diretora-executiva do UNODC.<\/p>\n<\/blockquote>\n<p style=\"text-align: justify\">S\u00e3o diversos os motivos que levam uma pessoa a se envolver ao v\u00edcio das drogas. A pobreza, pouca educa\u00e7\u00e3o e marginaliza\u00e7\u00e3o social continuam sendo fatores importantes. Al\u00e9m disso, aponta o relat\u00f3rio, que os grupos vulner\u00e1veis e marginalizados tamb\u00e9m podem enfrentar barreiras para obter servi\u00e7os de tratamento devido \u00e0 discrimina\u00e7\u00e3o e ao estigma.<\/p>\n<pre style=\"text-align: justify\"><em>Com informa\u00e7\u00f5es do Escrit\u00f3rio das Na\u00e7\u00f5es Unidas sobre Drogas e Crime (UNODC)<\/em><\/pre>\n<p>&nbsp;    \t<\/p>\n","protected":false},"excerpt":{"rendered":"<p>Relat\u00f3rio da ONU, divulgado nesta quinta-feira (25), mostra que mais de 35 milh\u00f5es de pessoas sofrem de transtornos associados ao uso de drogas<\/p>\n","protected":false},"author":83,"featured_media":241317,"comment_status":"closed","ping_status":"open","sticky":false,"template":"","format":"standard","meta":{"site-sidebar-layout":"default","site-content-layout":"default","ast-global-header-display":"","ast-banner-title-visibility":"","ast-main-header-display":"","ast-hfb-above-header-display":"","ast-hfb-below-header-display":"","ast-hfb-mobile-header-display":"","site-post-title":"","ast-breadcrumbs-content":"","ast-featured-img":"","footer-sml-layout":"","theme-transparent-header-meta":"","adv-header-id-meta":"","stick-header-meta":"","header-above-stick-meta":"","header-main-stick-meta":"","header-below-stick-meta":""},"categories":[886],"tags":[1850,2252,2204,2205],"acf":[],"_links":{"self":[{"href":"https:\/\/www.cnbb.org.br\/cnbb-app\/wp\/v2\/posts\/241314"}],"collection":[{"href":"https:\/\/www.cnbb.org.br\/cnbb-app\/wp\/v2\/posts"}],"about":[{"href":"https:\/\/www.cnbb.org.br\/cnbb-app\/wp\/v2\/types\/post"}],"author":[{"embeddable":true,"href":"https:\/\/www.cnbb.org.br\/cnbb-app\/wp\/v2\/users\/83"}],"replies":[{"embeddable":true,"href":"https:\/\/www.cnbb.org.br\/cnbb-app\/wp\/v2\/comments?post=241314"}],"version-history":[{"count":0,"href":"https:\/\/www.cnbb.org.br\/cnbb-app\/wp\/v2\/posts\/241314\/revisions"}],"wp:featuredmedia":[{"embeddable":true,"href":"https:\/\/www.cnbb.org.br\/cnbb-app\/wp\/v2\/media\/241317"}],"wp:attachment":[{"href":"https:\/\/www.cnbb.org.br\/cnbb-app\/wp\/v2\/media?parent=241314"}],"wp:term":[{"taxonomy":"category","embeddable":true,"href":"https:\/\/www.cnbb.org.br\/cnbb-app\/wp\/v2\/categories?post=241314"},{"taxonomy":"post_tag","embeddable":true,"href":"https:\/\/www.cnbb.org.br\/cnbb-app\/wp\/v2\/tags?post=241314"}],"curies":[{"name":"wp","href":"https:\/\/api.w.org\/{rel}","templated":true}]}}