{"id":241334,"date":"2020-06-26T11:00:00","date_gmt":"2020-06-26T14:00:00","guid":{"rendered":"https:\/\/www.cnbb.org.br\/?p=241334"},"modified":"2020-09-08T13:52:35","modified_gmt":"2020-09-08T16:52:35","slug":"papa-francisco-e-nossa-senhora","status":"publish","type":"post","link":"https:\/\/www.cnbb.org.br\/papa-francisco-e-nossa-senhora\/","title":{"rendered":"Papa Francisco e Nossa Senhora!"},"content":{"rendered":"<p style=\"text-align: right\"><strong>Dom Carlos Jos\u00e9<\/strong><br \/>\n<strong>Bispo de Apucarana (PR)<\/strong><\/p>\n<p style=\"text-align: justify\">\n<p style=\"text-align: justify\">Por tantas vezes sentimos um grande vazio em nosso cora\u00e7\u00e3o, como se n\u00e3o tiv\u00e9ssemos a quem recorrer nestes tempos t\u00e3o dif\u00edceis, de incertezas e afli\u00e7\u00f5es. \u00c9 normal esse sentimento de vez em quando, afinal, nossa fragilidade humana nos leva a isso. Mas, exatamente nesses momentos de afli\u00e7\u00e3o \u00e9 que devemos nos voltar, com f\u00e9 e confian\u00e7a, \u00c0quela que nos foi dada aos p\u00e9s da Cruz como M\u00e3e, Defensora, Consoladora e Auxiliadora: A Virgem M\u00e3e de Deus e nossa M\u00e3ezinha. \u00c9 preciso lembrar sempre que n\u00e3o somos \u00f3rf\u00e3os, n\u00e3o estamos abandonados \u00e0 nossa pr\u00f3pria sorte, temos uma M\u00e3e que nos defende, acalma e, constantemente, intercede por n\u00f3s. Que honra termos a pr\u00f3pria M\u00e3e de Cristo como nossa M\u00e3e! Apenas isso, termos a mesma M\u00e3e, j\u00e1 deveria nos bastar para am\u00e1-La imensamente e a Ela recorrermos em nossas dores, pois, Ela, que teve seu cora\u00e7\u00e3o transpassado pela dor, entende as nossas dores cotidianas e nos carrega em seus bra\u00e7os, como carregou o Menino Jesus e nos acolhe em seu colo, como O acolheu aos p\u00e9s da Cruz. Como uma crian\u00e7a indefesa, que se aquieta no rega\u00e7o de sua m\u00e3e, depositemos no Cora\u00e7\u00e3o Imaculado da Virgem Maria, a Senhora de Lourdes, o nosso cora\u00e7\u00e3o, as nossas necessidades di\u00e1rias, para Dela obtermos a calma necess\u00e1ria para passarmos por toda essa turbul\u00eancia que a pandemia nos traz.\u00a0 Quando dizemos Ave Maria, cheia de Gra\u00e7a, estamos afirmando que Ela \u00e9 plenamente repleta da Gra\u00e7a de Deus, cheia do Esp\u00edrito Santo e, ao recitarmos a Ladainha de Nossa Senhora, complementando a ora\u00e7\u00e3o do Santo Ter\u00e7o, invocando-A em seus in\u00fameros t\u00edtulos, reconhecemos o seu poder de intercess\u00e3o diante dos desafios di\u00e1rios, pois Ela \u00e9 e sempre ser\u00e1 a via mais segura para nos aproximarmos de Cristo. Nossa M\u00e3e Igreja \u00e9 s\u00e1bia, e, constantemente nos remete a novos meios de nos aproximarmos do amor e da gra\u00e7a de Deus, como fez h\u00e1 pouco, inspirando o Santo Padre, o Papa Francisco a acrescentar novas invoca\u00e7\u00f5es \u00e0 Ladainha de Nossa Senhora. O desejo do Papa Francisco \u00e9 que, em meio ao caos causado pela Pandemia do Covid-19, soe-nos como um b\u00e1lsamo invocar a Santa M\u00e3e de Deus tamb\u00e9m como \u2018M\u00e3e da Miseric\u00f3rdia\u2019, \u2018M\u00e3e da Esperan\u00e7a\u2019 e \u2018Conforto ou ajuda dos Migrantes\u2019. Em tempos em que a necessidade da Miseric\u00f3rdia Divina se faz urgente para aplacar a dissemina\u00e7\u00e3o do Covid-19; quando a virtude da esperan\u00e7a parece se esfriar em nosso cora\u00e7\u00e3o e em que tantos irm\u00e3os e irm\u00e3s se afastam de suas terras buscando novos meios de subsist\u00eancia e paz para seus familiares, quem mais, a n\u00e3o a ser a M\u00e3e de Deus para nos conseguir, atrav\u00e9s de seu Cora\u00e7\u00e3o Imaculado, que nossas s\u00faplicas cheguem ao Cora\u00e7\u00e3o do Filho? Assim, atendendo ao apelo do Papa Francisco, invoquemos a intercess\u00e3o Daquela que, cheia da Gra\u00e7a de Deus, pode rogar a Cristo para que Ele transforme a nossa \u00e1gua da desesperan\u00e7a, do sofrimento e da indiferen\u00e7a crist\u00e3 em vinho novo, gerando, em seu Materno e Imaculado Cora\u00e7\u00e3o, um novo cora\u00e7\u00e3o em cada um de n\u00f3s!<\/p>\n<p>&nbsp;<\/p>\n<p>&nbsp;<\/p>\n<p>&nbsp;<\/p>\n<p>&nbsp;    \t<\/p>\n","protected":false},"excerpt":{"rendered":"<p>Dom Carlos Jos\u00e9 Bispo de Apucarana (PR) Por tantas vezes sentimos um grande vazio em nosso cora\u00e7\u00e3o, como se n\u00e3o tiv\u00e9ssemos a quem recorrer nestes tempos t\u00e3o dif\u00edceis, de incertezas e afli\u00e7\u00f5es. \u00c9 normal esse sentimento de vez em quando, afinal, nossa fragilidade humana nos leva a isso. Mas, exatamente nesses momentos de afli\u00e7\u00e3o \u00e9 &hellip;<\/p>\n<p class=\"read-more\"> <a class=\"\" href=\"https:\/\/www.cnbb.org.br\/papa-francisco-e-nossa-senhora\/\"> <span class=\"screen-reader-text\">Papa Francisco e Nossa Senhora!<\/span> Leia mais &raquo;<\/a><\/p>\n","protected":false},"author":101,"featured_media":0,"comment_status":"closed","ping_status":"open","sticky":false,"template":"","format":"standard","meta":{"site-sidebar-layout":"default","site-content-layout":"default","ast-global-header-display":"","ast-banner-title-visibility":"","ast-main-header-display":"","ast-hfb-above-header-display":"","ast-hfb-below-header-display":"","ast-hfb-mobile-header-display":"","site-post-title":"","ast-breadcrumbs-content":"","ast-featured-img":"","footer-sml-layout":"","theme-transparent-header-meta":"","adv-header-id-meta":"","stick-header-meta":"","header-above-stick-meta":"","header-main-stick-meta":"","header-below-stick-meta":""},"categories":[758],"tags":[],"acf":[],"_links":{"self":[{"href":"https:\/\/www.cnbb.org.br\/cnbb-app\/wp\/v2\/posts\/241334"}],"collection":[{"href":"https:\/\/www.cnbb.org.br\/cnbb-app\/wp\/v2\/posts"}],"about":[{"href":"https:\/\/www.cnbb.org.br\/cnbb-app\/wp\/v2\/types\/post"}],"author":[{"embeddable":true,"href":"https:\/\/www.cnbb.org.br\/cnbb-app\/wp\/v2\/users\/101"}],"replies":[{"embeddable":true,"href":"https:\/\/www.cnbb.org.br\/cnbb-app\/wp\/v2\/comments?post=241334"}],"version-history":[{"count":0,"href":"https:\/\/www.cnbb.org.br\/cnbb-app\/wp\/v2\/posts\/241334\/revisions"}],"wp:attachment":[{"href":"https:\/\/www.cnbb.org.br\/cnbb-app\/wp\/v2\/media?parent=241334"}],"wp:term":[{"taxonomy":"category","embeddable":true,"href":"https:\/\/www.cnbb.org.br\/cnbb-app\/wp\/v2\/categories?post=241334"},{"taxonomy":"post_tag","embeddable":true,"href":"https:\/\/www.cnbb.org.br\/cnbb-app\/wp\/v2\/tags?post=241334"}],"curies":[{"name":"wp","href":"https:\/\/api.w.org\/{rel}","templated":true}]}}