{"id":241340,"date":"2020-06-26T11:06:55","date_gmt":"2020-06-26T14:06:55","guid":{"rendered":"https:\/\/www.cnbb.org.br\/?p=241340"},"modified":"2020-09-08T13:52:35","modified_gmt":"2020-09-08T16:52:35","slug":"sao-joao-batista-2","status":"publish","type":"post","link":"https:\/\/www.cnbb.org.br\/sao-joao-batista-2\/","title":{"rendered":"S\u00e3o Jo\u00e3o Batista"},"content":{"rendered":"<p style=\"text-align: right\"><strong>Dom Fernando Ar\u00eaas Rifan<\/strong><br \/>\n<strong>Bispo da Administra\u00e7\u00e3o Apost\u00f3lica Pessoal S\u00e3o Jo\u00e3o Maria Vianney<\/strong><\/p>\n<p>&nbsp;<\/p>\n<p>&nbsp;<\/p>\n<p style=\"text-align: justify\">Nesta semana, dia 24 de junho, celebramos a festa de S\u00e3o Jo\u00e3o Batista, filho de Isabel e Zacarias, sobrinho de Nossa Senhora e primo de Jesus, que, depois, na sua prega\u00e7\u00e3o, ir\u00e1 fazer o seu elogio: \u201cEntre todos os nascidos de mulher n\u00e3o surgiu quem fosse maior que Jo\u00e3o Batista\u201d (Mt 11,11). Modelo de penit\u00eancia, humildade e firmeza de car\u00e1ter.<\/p>\n<p style=\"text-align: justify\">Jo\u00e3o Batista, assim cognominado pelo batismo que administrava, foi o precursor de Jesus, aquele que o apresentou ao povo de Israel. Anunciado ao seu pai Zacarias, foi santificado ainda no seio materno quando da visita de Nossa Senhora, j\u00e1 gr\u00e1vida do Menino Jesus, \u00e0 sua prima Isabel. Por isso a Igreja festeja, no dia 24, o seu nascimento, ao contr\u00e1rio de todos os outros santos, dos quais ela s\u00f3 comemora a morte, ou seja, seu nascimento para o C\u00e9u.<\/p>\n<p style=\"text-align: justify\">Desde crian\u00e7a, retirou-se para o deserto para fazer penit\u00eancia e se preparar para sua futura miss\u00e3o. Ministrava ao povo o batismo de penit\u00eancia, ao qual Jesus tamb\u00e9m acorreu, por humildade. Sua prega\u00e7\u00e3o era: \u201cArrependei-vos, pois o Reino dos C\u00e9us est\u00e1 pr\u00f3ximo&#8230; Produzi fruto digno de vosso arrependimento&#8230; Eu vos batizo com \u00e1gua, como sinal de arrependimento, mas o que vem depois de mim \u00e9 mais forte do que eu. Eu nem sou digno nem de carregar suas sand\u00e1lias. Ele vos batizar\u00e1 com o Esp\u00edrito Santo e com fogo\u201d (Mt 3, 2, 8, 11).<\/p>\n<p style=\"text-align: justify\">Jesus, no come\u00e7o do seu minist\u00e9rio p\u00fablico, quis tamb\u00e9m, por humildade, misturando-se aos pecadores, ser batizado por Jo\u00e3o. Jo\u00e3o quis recusar, dizendo: \u201cEu \u00e9 que preciso ser batizado por ti, e tu vens a mim?&#8230; Depois de ser batizado, Jesus saiu logo da \u00e1gua e o c\u00e9u se abriu. E ele viu o Esp\u00edrito de Deus descer, como uma pomba e vir sobre ele. E do c\u00e9u veio uma voz que dizia: \u2018Este \u00e9 o meu Filho amado; no qual eu me agrado\u2019\u201d (Mt 3, 14, 16-17).<\/p>\n<p style=\"text-align: justify\">S\u00e3o Jo\u00e3o Batista era o homem da verdade, sem acep\u00e7\u00e3o de pessoas. Por isso admoestava o Rei Herodes contra o seu pecado de infidelidade conjugal e incesto, o que atraiu a ira da amante do rei, Herod\u00edades, que instigou o rei a met\u00ea-lo no c\u00e1rcere. No dia do anivers\u00e1rio de Herodes, a filha de Herod\u00edades, Salom\u00e9, dan\u00e7ou na frente dos convivas, o que levou o rei, meio embriagado, a prometer-lhe como pr\u00eamio qualquer coisa que pedisse. A filha perguntou \u00e0 m\u00e3e, que n\u00e3o perdeu a oportunidade de vingar-se daquele que invectivava seu pecado. Fez a filha pedir ao rei a cabe\u00e7a de Jo\u00e3o Batista. Jo\u00e3o foi decapitado na pris\u00e3o, merecendo o elogio de Jesus, por ser um homem firme e n\u00e3o uma cana agitada pelo vento.<\/p>\n<p style=\"text-align: justify\">Assim, a virtude que mais sobressai em Jo\u00e3o Batista, al\u00e9m da sua humildade e penit\u00eancia, \u00e9 a firmeza de car\u00e1ter, t\u00e3o rara hoje em dia, quando muitos pensam ser virtude o saber \u201cdan\u00e7ar conforme a m\u00fasica\u201d, ser uma cana que pende de acordo com o vento das opini\u00f5es, o pautar a vida pelo que dizem ou acham e n\u00e3o pela consci\u00eancia reta, voz de Deus em nosso cora\u00e7\u00e3o. Jo\u00e3o Batista foi fiel imitador de Jesus Cristo, caminho, verdade e vida, que, como disse o poeta Jo\u00e3o de Deus, \u201cmorreu para mostrar que a gente pela verdade se deve deixar matar\u201d.<\/p>\n<p style=\"text-align: justify\">Que S\u00e3o Jo\u00e3o Batista nos proteja e defenda nessa pandemia.<\/p>\n<p>&nbsp;<\/p>\n<p>&nbsp;<\/p>\n<p>&nbsp;    \t<\/p>\n","protected":false},"excerpt":{"rendered":"<p>Dom Fernando Ar\u00eaas Rifan Bispo da Administra\u00e7\u00e3o Apost\u00f3lica Pessoal S\u00e3o Jo\u00e3o Maria Vianney &nbsp; &nbsp; Nesta semana, dia 24 de junho, celebramos a festa de S\u00e3o Jo\u00e3o Batista, filho de Isabel e Zacarias, sobrinho de Nossa Senhora e primo de Jesus, que, depois, na sua prega\u00e7\u00e3o, ir\u00e1 fazer o seu elogio: \u201cEntre todos os nascidos &hellip;<\/p>\n<p class=\"read-more\"> <a class=\"\" href=\"https:\/\/www.cnbb.org.br\/sao-joao-batista-2\/\"> <span class=\"screen-reader-text\">S\u00e3o Jo\u00e3o Batista<\/span> Leia mais &raquo;<\/a><\/p>\n","protected":false},"author":29,"featured_media":0,"comment_status":"closed","ping_status":"open","sticky":false,"template":"","format":"standard","meta":{"site-sidebar-layout":"default","site-content-layout":"default","ast-global-header-display":"","ast-banner-title-visibility":"","ast-main-header-display":"","ast-hfb-above-header-display":"","ast-hfb-below-header-display":"","ast-hfb-mobile-header-display":"","site-post-title":"","ast-breadcrumbs-content":"","ast-featured-img":"","footer-sml-layout":"","theme-transparent-header-meta":"","adv-header-id-meta":"","stick-header-meta":"","header-above-stick-meta":"","header-main-stick-meta":"","header-below-stick-meta":""},"categories":[758],"tags":[],"acf":[],"_links":{"self":[{"href":"https:\/\/www.cnbb.org.br\/cnbb-app\/wp\/v2\/posts\/241340"}],"collection":[{"href":"https:\/\/www.cnbb.org.br\/cnbb-app\/wp\/v2\/posts"}],"about":[{"href":"https:\/\/www.cnbb.org.br\/cnbb-app\/wp\/v2\/types\/post"}],"author":[{"embeddable":true,"href":"https:\/\/www.cnbb.org.br\/cnbb-app\/wp\/v2\/users\/29"}],"replies":[{"embeddable":true,"href":"https:\/\/www.cnbb.org.br\/cnbb-app\/wp\/v2\/comments?post=241340"}],"version-history":[{"count":0,"href":"https:\/\/www.cnbb.org.br\/cnbb-app\/wp\/v2\/posts\/241340\/revisions"}],"wp:attachment":[{"href":"https:\/\/www.cnbb.org.br\/cnbb-app\/wp\/v2\/media?parent=241340"}],"wp:term":[{"taxonomy":"category","embeddable":true,"href":"https:\/\/www.cnbb.org.br\/cnbb-app\/wp\/v2\/categories?post=241340"},{"taxonomy":"post_tag","embeddable":true,"href":"https:\/\/www.cnbb.org.br\/cnbb-app\/wp\/v2\/tags?post=241340"}],"curies":[{"name":"wp","href":"https:\/\/api.w.org\/{rel}","templated":true}]}}