{"id":241367,"date":"2020-06-26T15:08:20","date_gmt":"2020-06-26T18:08:20","guid":{"rendered":"https:\/\/www.cnbb.org.br\/?p=241367"},"modified":"2020-06-26T15:08:20","modified_gmt":"2020-06-26T18:08:20","slug":"pedro-e-paulo-sao-um-exemplo-um-modelo-uma-norma-de-vida-para-todos-nos-afirma-dom-orani","status":"publish","type":"post","link":"https:\/\/www.cnbb.org.br\/pedro-e-paulo-sao-um-exemplo-um-modelo-uma-norma-de-vida-para-todos-nos-afirma-dom-orani\/","title":{"rendered":"&#8220;Pedro e Paulo s\u00e3o um exemplo, uma norma de vida para todos n\u00f3s&#8221;, afirma dom Orani"},"content":{"rendered":"<p style=\"text-align: justify\">No pr\u00f3ximo domingo \u00e9 celebrada a solenidade de S\u00e3o Pedro e S\u00e3o Paulo. \u00c9 uma solenidade transferida do dia 29 para o domingo anterior. \u00c9 tamb\u00e9m uma solenidade que tem liturgia pr\u00f3pria para a vig\u00edlia. Cardeal Orani Jo\u00e3o Tempesta, arcebispo do Rio de Janeiro, explica que no lugar do 13\u00ba domingo do tempo comum, neste ano, teremos essa solenidade dos ap\u00f3stolos.<\/p>\n<figure id=\"attachment_241375\" aria-describedby=\"caption-attachment-241375\" style=\"width: 250px\" class=\"wp-caption alignright\"><a href=\"https:\/\/www.cnbb.org.br\/wp-content\/uploads\/2020\/06\/S.Pedro_.jpg\" data-rel=\"lightbox-image-0\" data-rl_title=\"\" data-rl_caption=\"\" title=\"\"><img decoding=\"async\" loading=\"lazy\" class=\"wp-image-241375 size-full\" src=\"https:\/\/www.cnbb.org.br\/wp-content\/uploads\/2020\/06\/S.Pedro_.jpg\" alt=\"\" width=\"250\" height=\"320\" srcset=\"https:\/\/www.cnbb.org.br\/wp-content\/uploads\/2020\/06\/S.Pedro_.jpg 250w, https:\/\/www.cnbb.org.br\/wp-content\/uploads\/2020\/06\/S.Pedro_-234x300.jpg 234w\" sizes=\"(max-width: 250px) 100vw, 250px\" \/><\/a><figcaption id=\"caption-attachment-241375\" class=\"wp-caption-text\">S\u00e3o Pedro<\/figcaption><\/figure>\n<p style=\"text-align: justify\">\u201cCada ano a liturgia nos leva a meditar sobre a vida destes dois grandes Ap\u00f3stolos. Pedro \u00e9 considerado \u201co cabe\u00e7a dos ap\u00f3stolos\u201d, por ter sido um dos principais l\u00edderes da Igreja Crist\u00e3 primitiva, tanto por sua f\u00e9 e prega\u00e7\u00e3o, como pelo ardor de amor a Jesus\u201d, disse.<\/p>\n<p style=\"text-align: justify\">O cardeal conta que Pedro, que tinha como primeiro nome Sim\u00e3o, era natural de Betsaida, irm\u00e3o do Ap\u00f3stolo Andr\u00e9. Pescador, foi chamado pelo pr\u00f3prio Jesus e, deixando tudo, seguiu ao Mestre, estando presente nos momentos mais importantes da vida do Senhor, que lhe deu o nome de Pedro. Em princ\u00edpio, fraco na f\u00e9, chegou a negar Jesus durante o processo que culminaria em sua morte por crucifix\u00e3o.<\/p>\n<blockquote>\n<p style=\"text-align: justify\">\u201cO pr\u00f3prio Senhor o confirmou na f\u00e9 ap\u00f3s Sua ressurrei\u00e7\u00e3o (da qual o ap\u00f3stolo foi testemunha), tornando-o intr\u00e9pido pregador do Evangelho, de modo especial, ap\u00f3s a descida do Esp\u00edrito Santo de Deus, no Dia de Pentecostes, o que o tornou l\u00edder da primeira comunidade. Selou seu apostolado com o pr\u00f3prio sangue, pois foi martirizado em uma das persegui\u00e7\u00f5es aos crist\u00e3os, sendo crucificado de cabe\u00e7a para baixo a seu pr\u00f3prio pedido, por n\u00e3o se julgar digno de morrer como Seu Senhor, Jesus Cristo. S\u00e3o Pedro escreveu duas cartas e, tamb\u00e9m, serviu como fonte de informa\u00e7\u00f5es para que S\u00e3o Marcos escrevesse seu Evangelho\u201d, comenta dom Orani.<\/p>\n<\/blockquote>\n<p style=\"text-align: justify\">Nesse dia tamb\u00e9m comemora-se o Dia do Papa com ora\u00e7\u00f5es e unidade com aquele que sucede hoje a Pedro: o Papa Francisco. \u201cO nosso presente para o Papa, que \u00e9 o \u00f3bolo de S\u00e3o Pedro, neste ano, ser\u00e1 oferecido pelo povo de Deus na coleta das missas do dia 4 de outubro (S\u00e3o Francisco de Assis), por determina\u00e7\u00e3o do Papa Francisco. \u00c9 com esse \u00f3bolo que tantas na\u00e7\u00f5es e situa\u00e7\u00f5es s\u00e3o ajudadas pelo Papa pelo mundo afora\u201d, afirma o cardeal.<\/p>\n<h3 style=\"text-align: justify\"><strong>Paulo<\/strong><\/h3>\n<p style=\"text-align: justify\">Dom Orani explica que o ap\u00f3stolo das gentes, Paulo, nasceu entre os anos de 5 e 10 da era crist\u00e3, em Tarso, capital da Cil\u00edcia, na \u00c1sia Menor, cidade aberta \u00e0s influ\u00eancias culturais e \u00e0s trocas comerciais entre o Oriente e o Ocidente. Descende de uma fam\u00edlia de judeus da di\u00e1spora, pertencente \u00e0 tribo de Benjamim, que observava rigorosamente a religi\u00e3o dos seus pais, sem recusar os contatos com a vida e a cultura do Imp\u00e9rio Romano.<\/p>\n<figure id=\"attachment_241374\" aria-describedby=\"caption-attachment-241374\" style=\"width: 175px\" class=\"wp-caption alignleft\"><a href=\"https:\/\/www.cnbb.org.br\/wp-content\/uploads\/2020\/06\/S.Paulo_.jpg\" data-rel=\"lightbox-image-1\" data-rl_title=\"\" data-rl_caption=\"\" title=\"\"><img decoding=\"async\" loading=\"lazy\" class=\"wp-image-241374 size-full\" src=\"https:\/\/www.cnbb.org.br\/wp-content\/uploads\/2020\/06\/S.Paulo_.jpg\" alt=\"\" width=\"175\" height=\"288\" \/><\/a><figcaption id=\"caption-attachment-241374\" class=\"wp-caption-text\">S\u00e3o Paulo<\/figcaption><\/figure>\n<p style=\"text-align: justify\">Segundo o arcebispo, os pais deram-lhe o nome de Saul (nome do primeiro rei dos judeus) que, depois, tornou-se Paulo. O nome Saul passou para Saulo porque assim era este nome em grego. Mais tarde, a partir da sua primeira viagem mission\u00e1ria no mundo greco-romano, Paulo usa exclusivamente o sobrenome latino <em>Paulus.<\/em><\/p>\n<p style=\"text-align: justify\">Dom Orani explica tamb\u00e9m que Paulo recebeu a sua primeira educa\u00e7\u00e3o religiosa em Tarso tendo por base o Pentateuco e a lei de Mois\u00e9s. A partir do ano 25 (d.C.) vai para Jerusal\u00e9m onde frequenta as aulas de Gamaliel, aprofundando com ele o conhecimento do Pentateuco escrito e oral. Aprende a falar e a escrever aramaico, hebraico, grego e latim. Pode falar publicamente em grego ao tribuno romano, em hebraico \u00e0 multid\u00e3o em Jerusal\u00e9m (At 21, 37.40) e catequizar hebreus, gregos e romanos.<\/p>\n<blockquote>\n<p style=\"text-align: justify\">\u201cPaulo \u00e9 chamado o Ap\u00f3stolo por ter sido o maior anunciador do cristianismo nos tempos apost\u00f3licos. Entre as grandes figuras do cristianismo nascente, a seguir a Cristo, Paulo \u00e9 de fato a personalidade mais importante que conhecemos. \u00c9 uma das pessoas mais interessantes e modernas de toda a literatura grega, e a sua Carta aos Cor\u00edntios \u00e9 das obras mais significativas da humanidade. Escreveu 13 cartas \u00e0s Igrejas por ele fundadas: cartas grandes: duas aos tessalonicenses; duas aos cor\u00edntios; aos g\u00e1latas; aos romanos. Cartas da pris\u00e3o: aos filipenses; bilhete a Filemon; aos colossenses; aos ef\u00e9sios. Cartas pastorais: duas a Tim\u00f3teo e uma a Tito\u201d, comenta cardeal Orani.<\/p>\n<\/blockquote>\n<p style=\"text-align: justify\">Os ap\u00f3stolos, segundo o cardeal, testemunharam Jesus n\u00e3o somente com a palavra, mas tamb\u00e9m com o modo de viver e com a pr\u00f3pria morte. \u201cPor isso mesmo, seu mart\u00edrio \u00e9 uma festa para a Igreja, pois \u00e9 o selo de tudo quanto anunciaram\u201d, diz o bispo.<\/p>\n<p style=\"text-align: justify\">\u201cEis o sinal do verdadeiro Ap\u00f3stolo: dar a vida pelo rebanho, com Jesus e como Jesus, gastando-se, morrendo, para que os irm\u00e3os vivam no Senhor! Por isso, car\u00edssimos meus, a alegria da Igreja na Festa: Pedro e Paulo n\u00e3o s\u00f3 falaram, n\u00e3o s\u00f3 viveram, mas tamb\u00e9m morreram pelo seu Senhor; e j\u00e1 sabemos pelo pr\u00f3prio Cristo-Deus que n\u00e3o h\u00e1 maior prova de amor que dar a vida por quem amamos! Bem-aventurado \u00e9 Pedro, bendito \u00e9 Paulo, que amaram tanto o Senhor a ponto de darem a vida por ele! Nisto s\u00e3o um exemplo, um modelo, uma norma de vida para todos n\u00f3s. Aprendamos com eles!\u201d, finaliza dom Orani.<\/p>\n","protected":false},"excerpt":{"rendered":"<p>Dom Orani, arcebispo do Rio, explica que no lugar do 13\u00ba domingo do tempo comum, neste ano, teremos a solenidade dos ap\u00f3stolos<\/p>\n","protected":false},"author":83,"featured_media":241373,"comment_status":"closed","ping_status":"open","sticky":false,"template":"","format":"standard","meta":{"site-sidebar-layout":"default","site-content-layout":"default","ast-global-header-display":"","ast-banner-title-visibility":"","ast-main-header-display":"","ast-hfb-above-header-display":"","ast-hfb-below-header-display":"","ast-hfb-mobile-header-display":"","site-post-title":"","ast-breadcrumbs-content":"","ast-featured-img":"","footer-sml-layout":"","theme-transparent-header-meta":"","adv-header-id-meta":"","stick-header-meta":"","header-above-stick-meta":"","header-main-stick-meta":"","header-below-stick-meta":""},"categories":[1851],"tags":[2254,2255,2256],"acf":[],"_links":{"self":[{"href":"https:\/\/www.cnbb.org.br\/cnbb-app\/wp\/v2\/posts\/241367"}],"collection":[{"href":"https:\/\/www.cnbb.org.br\/cnbb-app\/wp\/v2\/posts"}],"about":[{"href":"https:\/\/www.cnbb.org.br\/cnbb-app\/wp\/v2\/types\/post"}],"author":[{"embeddable":true,"href":"https:\/\/www.cnbb.org.br\/cnbb-app\/wp\/v2\/users\/83"}],"replies":[{"embeddable":true,"href":"https:\/\/www.cnbb.org.br\/cnbb-app\/wp\/v2\/comments?post=241367"}],"version-history":[{"count":0,"href":"https:\/\/www.cnbb.org.br\/cnbb-app\/wp\/v2\/posts\/241367\/revisions"}],"wp:featuredmedia":[{"embeddable":true,"href":"https:\/\/www.cnbb.org.br\/cnbb-app\/wp\/v2\/media\/241373"}],"wp:attachment":[{"href":"https:\/\/www.cnbb.org.br\/cnbb-app\/wp\/v2\/media?parent=241367"}],"wp:term":[{"taxonomy":"category","embeddable":true,"href":"https:\/\/www.cnbb.org.br\/cnbb-app\/wp\/v2\/categories?post=241367"},{"taxonomy":"post_tag","embeddable":true,"href":"https:\/\/www.cnbb.org.br\/cnbb-app\/wp\/v2\/tags?post=241367"}],"curies":[{"name":"wp","href":"https:\/\/api.w.org\/{rel}","templated":true}]}}