{"id":241401,"date":"2020-06-26T20:28:57","date_gmt":"2020-06-26T23:28:57","guid":{"rendered":"https:\/\/www.cnbb.org.br\/?p=241401"},"modified":"2020-09-14T14:51:09","modified_gmt":"2020-09-14T17:51:09","slug":"cnbb-acolhe-e-apoia-o-fortalecimento-da-articulacao-da-rede-clamor-no-brasil","status":"publish","type":"post","link":"https:\/\/www.cnbb.org.br\/cnbb-acolhe-e-apoia-o-fortalecimento-da-articulacao-da-rede-clamor-no-brasil\/","title":{"rendered":"CNBB acolhe e apoia o fortalecimento da articula\u00e7\u00e3o da Rede Clamor no Brasil"},"content":{"rendered":"<p style=\"text-align: justify\">Foi realizada hoje, 26 de junho, uma reuni\u00e3o virtual com diversas entidades, servi\u00e7os, pastorais e obras da Igreja Cat\u00f3lica no Brasil\u00a0 com o objetivo de fortalecer, no pa\u00eds, a articula\u00e7\u00e3o da \u201cRede Clamor\u201d, ou Rede Latino-americana e do Caribe para a Pastoral de Migrantes, Refugiados e v\u00edtimas do tr\u00e1fico. A articula\u00e7\u00e3o surgiu em 2016 com o apoio do Conselho Episcopal Latino-americano (Celam) por meio de seu Departamento Justi\u00e7a e Solidariedade (DEJUSOL).<\/p>\n<p style=\"text-align: justify\">Segundo o bispo auxiliar do Rio de Janeiro e secret\u00e1rio-geral da CNBB, dom Joel Portella Amado, trata-se de uma iniciativa que conta com o apoio da Confer\u00eancia e visa fortalecer a uni\u00e3o e a articula\u00e7\u00e3o dos servi\u00e7os que atuam junto \u00e0 pessoas e grupos que s\u00e3o for\u00e7adas a abandonar suas ra\u00edzes, migrar para outras localidades e se refugiar em outro locais e pa\u00edses, muitos at\u00e9 mesmo em situa\u00e7\u00e3o de tr\u00e1fico humano. Na Igreja no Brasil, segundo levantamento inicial dos participantes, estima-se que existam mais de 100 obras e servi\u00e7os que atuam nessa causa.<\/p>\n<p style=\"text-align: justify\">Dom Joel informa que o primeiro passo acordado para fortalecer a articula\u00e7\u00e3o \u00e9 a formaliza\u00e7\u00e3o de um conv\u00eanio entre a CNBB e as entidades que atuam nessa frente no pa\u00eds. A Rede Clamor ficar\u00e1 vinculada ao trabalho que realiza a Comiss\u00e3o Episcopal Pastoral para a A\u00e7\u00e3o Sociotransformadora da CNBB.<\/p>\n<p style=\"text-align: justify\">Sete a\u00e7\u00f5es integram o trabalho que buscar\u00e1 fortalecer a Rede Clamor no Brasil: 1) Partilhar as diferentes experi\u00eancias no trabalho com migrantes, refugiados e tr\u00e1fico humano; 2) Formar agentes de pastoral na Igreja no Brasil; 3) Produzir subs\u00eddios; 4) Desenvolver campanhas de mobiliza\u00e7\u00e3o e conscientiza\u00e7\u00e3o sobre o tema; 5) Estimular a\u00e7\u00f5es concretas que visam defender as pessoas for\u00e7adas \u00e0 migra\u00e7\u00e3o, ref\u00fagio e ao tr\u00e1fico humano; 6) Celebrar as datas significativas; e 7) Mapear os servi\u00e7os e obras, especialmente os da Igreja Cat\u00f3lica no pa\u00eds, que atuam na \u00e1rea.<\/p>\n<p style=\"text-align: justify\">Duas datas mobilizar\u00e3o a Rede Clamor no Brasil no segundo semestre deste ano: Dia Nacional do Enfrentamento ao Tr\u00e1fico de Pessoas, celebrado no pr\u00f3ximo 30 de julho, e a 106\u00aa Jornada Mundial do Migrante e Refugiado, em setembro.<\/p>\n<p style=\"text-align: justify\"><span class=\"news_capital_letter\">Ao acolher a articula\u00e7\u00e3o da Rede Clamor no Brasil, o secret\u00e1rio-geral da CNBB, dom Joel Portella, faz coro \u00e0s palavras do Papa Francisco, na homilia da celebra\u00e7\u00e3o de Corpus Christi deste ano: &#8220;\u00c9 necess\u00e1rio<\/span> urg\u00eancia no cuidado daqueles que t\u00eam fome de comida e dignidade, daqueles que n\u00e3o t\u00eam emprego e lutam para avan\u00e7ar. E fazendo-o concretamente\u201d.<\/p>\n<p style=\"text-align: justify\">Do Brasil, participaram da reuni\u00e3o o secret\u00e1rio-geral da CNBB, dom Joel Portella Amado, representantes da Comiss\u00e3o Episcopal Pastoral para a A\u00e7\u00e3o Sociotransformadora da CNBB,\u00a0 do Servi\u00e7o Pastoral dos Migrantes (SPM), da Confer\u00eancia dos Religiosos do Brasil (CRB), da C\u00e1ritas Brasileira, do Servi\u00e7o Jesu\u00edta para Migrantes e Refugiados (SJMR), do Institu\u00eddo Migra\u00e7\u00e3o e Direitos Humanos (IMDH) e padres e religiosas Scalabrianos.<\/p>\n<p>&nbsp;    \t<\/p>\n","protected":false},"excerpt":{"rendered":"<p>Apoiada pelo Celam, a rede surgiu em 2016 com a tarefa de acompanhar migrantes, refugiados e combater o  tr\u00e1fico de humano <\/p>\n","protected":false},"author":83,"featured_media":241403,"comment_status":"closed","ping_status":"open","sticky":false,"template":"","format":"standard","meta":{"site-sidebar-layout":"default","site-content-layout":"default","ast-global-header-display":"","ast-banner-title-visibility":"","ast-main-header-display":"","ast-hfb-above-header-display":"","ast-hfb-below-header-display":"","ast-hfb-mobile-header-display":"","site-post-title":"","ast-breadcrumbs-content":"","ast-featured-img":"","footer-sml-layout":"","theme-transparent-header-meta":"","adv-header-id-meta":"","stick-header-meta":"","header-above-stick-meta":"","header-main-stick-meta":"","header-below-stick-meta":""},"categories":[863],"tags":[2017,2217],"acf":[],"_links":{"self":[{"href":"https:\/\/www.cnbb.org.br\/cnbb-app\/wp\/v2\/posts\/241401"}],"collection":[{"href":"https:\/\/www.cnbb.org.br\/cnbb-app\/wp\/v2\/posts"}],"about":[{"href":"https:\/\/www.cnbb.org.br\/cnbb-app\/wp\/v2\/types\/post"}],"author":[{"embeddable":true,"href":"https:\/\/www.cnbb.org.br\/cnbb-app\/wp\/v2\/users\/83"}],"replies":[{"embeddable":true,"href":"https:\/\/www.cnbb.org.br\/cnbb-app\/wp\/v2\/comments?post=241401"}],"version-history":[{"count":0,"href":"https:\/\/www.cnbb.org.br\/cnbb-app\/wp\/v2\/posts\/241401\/revisions"}],"wp:featuredmedia":[{"embeddable":true,"href":"https:\/\/www.cnbb.org.br\/cnbb-app\/wp\/v2\/media\/241403"}],"wp:attachment":[{"href":"https:\/\/www.cnbb.org.br\/cnbb-app\/wp\/v2\/media?parent=241401"}],"wp:term":[{"taxonomy":"category","embeddable":true,"href":"https:\/\/www.cnbb.org.br\/cnbb-app\/wp\/v2\/categories?post=241401"},{"taxonomy":"post_tag","embeddable":true,"href":"https:\/\/www.cnbb.org.br\/cnbb-app\/wp\/v2\/tags?post=241401"}],"curies":[{"name":"wp","href":"https:\/\/api.w.org\/{rel}","templated":true}]}}