{"id":24143,"date":"2010-08-05T00:00:00","date_gmt":"2010-08-05T03:00:00","guid":{"rendered":"https:\/\/www.cnbb.org.br\/regional-norte-2-se-prepara-para-receber-o-forum-mudancas-climaticas-e-justica-social\/"},"modified":"2010-08-05T00:00:00","modified_gmt":"2010-08-05T03:00:00","slug":"regional-norte-2-se-prepara-para-receber-o-forum-mudancas-climaticas-e-justica-social","status":"publish","type":"post","link":"https:\/\/www.cnbb.org.br\/regional-norte-2-se-prepara-para-receber-o-forum-mudancas-climaticas-e-justica-social\/","title":{"rendered":"Regional Norte 2 se prepara para receber o F\u00f3rum Mudan\u00e7as Clim\u00e1ticas e Justi\u00e7a Social"},"content":{"rendered":"<p style=\"text-align: justify\">O F\u00f3rum Mudan\u00e7as Clim\u00e1ticas e Justi\u00e7a Social em parceria com pastorais, organismos e os Regionais da CNBB continua em atividade. A pr\u00f3xima etapa ser\u00e1 no Regional Norte 2 da CNBB (Amap\u00e1 e Par\u00e1), nos dias 16 a 18, em Bel\u00e9m (PA), e tratar\u00e1 sobre o bioma Amaz\u00f4nia Oriental.<\/p>\n<p><!--more--><\/p>\n<p style=\"text-align: justify\">A primeira etapa aconteceu em Bras\u00edlia e englobou o Regional Centro-Oeste da CNBB (Tocantins, Goi\u00e1s e Distrito Federal), tratando do bioma Cerrado.<\/p>\n<p style=\"text-align: justify\">De acordo com a coordena\u00e7\u00e3o do evento, os Semin\u00e1rios ser\u00e3o fundamentais para deslanchar a dissemina\u00e7\u00e3o de atividades de forma\u00e7\u00e3o e mobiliza\u00e7\u00e3o em todo o pa\u00eds, contribuindo com o processo de mudan\u00e7as urgentes e necess\u00e1rias para evitar as consequ\u00eancias das mudan\u00e7as clim\u00e1ticas.<\/p>\n<p style=\"text-align: justify\">A coordena\u00e7\u00e3o do evento no Regional Norte 2 ser\u00e1 feito pela C\u00e1ritas, Comiss\u00e3o Pastoral da Terra (CPT), Conselho Pastoral de Pesca (CPP), Conselho Indigenista Mission\u00e1rio (CIMI), Comunidades Eclesiais de Base (CEBs) e Movimento de Atingidos por Barragens (MAB).<\/p>\n<p style=\"text-align: justify\">Os participantes v\u00e3o refletir sobre o aquecimento global e mudan\u00e7as clim\u00e1ticas. Ser\u00e1 feito um levantamento sobre o que os povos, entidades, movimentos sociais est\u00e3o fazendo para conviver com a Amaz\u00f4nia, sugerir o que se pode ou deve fazer para possibilitar maior consci\u00eancia sobre o que est\u00e1 acontecendo na regi\u00e3o e no mundo inteiro, al\u00e9m de propor a\u00e7\u00f5es concretas tendo em vista que o tema da pr\u00f3xima Campanha da Fraternidade ser\u00e1 \u201cFraternidade e Vida no Planeta\u201d.<\/p>\n","protected":false},"excerpt":{"rendered":"<p>O F\u00f3rum Mudan\u00e7as Clim\u00e1ticas e Justi\u00e7a Social em parceria com pastorais, organismos e os Regionais da CNBB continua em atividade. A pr\u00f3xima etapa ser\u00e1 no Regional Norte 2 da CNBB (Amap\u00e1 e Par\u00e1), nos dias 16 a 18, em Bel\u00e9m (PA), e tratar\u00e1 sobre o bioma Amaz\u00f4nia Oriental.<\/p>\n","protected":false},"author":83,"featured_media":13279,"comment_status":"open","ping_status":"open","sticky":false,"template":"","format":"standard","meta":{"site-sidebar-layout":"default","site-content-layout":"default","ast-global-header-display":"","ast-banner-title-visibility":"","ast-main-header-display":"","ast-hfb-above-header-display":"","ast-hfb-below-header-display":"","ast-hfb-mobile-header-display":"","site-post-title":"","ast-breadcrumbs-content":"","ast-featured-img":"","footer-sml-layout":"","theme-transparent-header-meta":"","adv-header-id-meta":"","stick-header-meta":"","header-above-stick-meta":"","header-main-stick-meta":"","header-below-stick-meta":""},"categories":[822,769],"tags":[],"acf":[],"_links":{"self":[{"href":"https:\/\/www.cnbb.org.br\/cnbb-app\/wp\/v2\/posts\/24143"}],"collection":[{"href":"https:\/\/www.cnbb.org.br\/cnbb-app\/wp\/v2\/posts"}],"about":[{"href":"https:\/\/www.cnbb.org.br\/cnbb-app\/wp\/v2\/types\/post"}],"author":[{"embeddable":true,"href":"https:\/\/www.cnbb.org.br\/cnbb-app\/wp\/v2\/users\/83"}],"replies":[{"embeddable":true,"href":"https:\/\/www.cnbb.org.br\/cnbb-app\/wp\/v2\/comments?post=24143"}],"version-history":[{"count":0,"href":"https:\/\/www.cnbb.org.br\/cnbb-app\/wp\/v2\/posts\/24143\/revisions"}],"wp:featuredmedia":[{"embeddable":true,"href":"https:\/\/www.cnbb.org.br\/cnbb-app\/wp\/v2\/media\/13279"}],"wp:attachment":[{"href":"https:\/\/www.cnbb.org.br\/cnbb-app\/wp\/v2\/media?parent=24143"}],"wp:term":[{"taxonomy":"category","embeddable":true,"href":"https:\/\/www.cnbb.org.br\/cnbb-app\/wp\/v2\/categories?post=24143"},{"taxonomy":"post_tag","embeddable":true,"href":"https:\/\/www.cnbb.org.br\/cnbb-app\/wp\/v2\/tags?post=24143"}],"curies":[{"name":"wp","href":"https:\/\/api.w.org\/{rel}","templated":true}]}}