{"id":24144,"date":"2010-08-14T00:00:00","date_gmt":"2010-08-14T03:00:00","guid":{"rendered":"https:\/\/www.cnbb.org.br\/padres-da-diocese-de-guaxupe-sao-recebidos-pela-diocese-irma-de-braganca-do-para\/"},"modified":"2010-08-14T00:00:00","modified_gmt":"2010-08-14T03:00:00","slug":"padres-da-diocese-de-guaxupe-sao-recebidos-pela-diocese-irma-de-braganca-do-para","status":"publish","type":"post","link":"https:\/\/www.cnbb.org.br\/padres-da-diocese-de-guaxupe-sao-recebidos-pela-diocese-irma-de-braganca-do-para\/","title":{"rendered":"Padres da diocese de Guaxup\u00e9 s\u00e3o recebidos pela diocese Irm\u00e3 de Bragan\u00e7a do Par\u00e1"},"content":{"rendered":"<p style=\"text-align: justify\">No m\u00eas vocacional, a diocese de Guaxup\u00e9 (MG) envia dois de seus padres para a diocese de Bragan\u00e7a do Par\u00e1 (PA), situada na regi\u00e3o amaz\u00f4nica. Trata-se do Projeto Igrejas Irm\u00e3s, organizado desde 1972 pela CNBB. No dia 1\u00ba de agosto, na cidade de Paragominas (PA), os padres Francisco Albertin Ferreira e Ant\u00f4nio Carlos Melo foram entregues por dom Jos\u00e9 Lanza Neto, durante celebra\u00e7\u00e3o eucar\u00edstica, \u00e0 Pr\u00f3-par\u00f3quia S\u00e3o Jos\u00e9 do Nagib\u00e3o como primeiros frutos do trabalho mission\u00e1rio da diocese mineira. At\u00e9 ent\u00e3o Paragominas contava com apenas quatro padres para aproximadamente 100 mil habitantes.<\/p>\n<p><!--more--><\/p>\n<p style=\"text-align: justify\">Nos \u00faltimos dois anos, as dioceses de Guaxup\u00e9 e Bragan\u00e7a come\u00e7aram a firmar entre si la\u00e7os de fraternidade. Em janeiro de 2009, padre Francisco Albertin, ent\u00e3o p\u00e1roco da par\u00f3quia S\u00e3o Paulo Ap\u00f3stolo de Po\u00e7os de Caldas (MG), foi conhecer Bragan\u00e7a. Padre Ant\u00f4nio Carlos Melo tamb\u00e9m sentiu o desejo de ajudar a diocese.<\/p>\n<p style=\"text-align: justify\">No in\u00edcio da celebra\u00e7\u00e3o os padres receberam a provis\u00e3o que os encarregava de cuidar do povo a eles confiado. O bispo de Bragan\u00e7a, dom Lu\u00eds Ferrando, ap\u00f3s o rito de posse disse que os padres j\u00e1 pertenciam ao povo. Em seguida, agradeceu o bispo de Guaxup\u00e9 por conceder dois padres \u00e0 regi\u00e3o amaz\u00f4nica. \u201cAgrade\u00e7o a diocese de Guaxup\u00e9, na pessoa de dom Jos\u00e9 Lanza, por ter f\u00e9 e coragem, doando-nos dois padres valiosos. \u00c9 muita generosidade, \u00e9 muita caridade, \u00e9 muito amor para com o povo, para com a Igreja.\u201d <img decoding=\"async\" loading=\"lazy\" class=\" alignright size-full wp-image-6005\" style=\"float: right\" src=\"https:\/\/www.cnbb.org.br\/wp-content\/uploads\/2020\/03\/pesdioceseguaxupe2.jpg\" alt=\"pesdioceseguaxupe2\" width=\"555\" height=\"369\" \/><\/p>\n<p style=\"text-align: justify\">O bispo pediu aos fi\u00e9is da pr\u00f3-par\u00f3quia que se deixassem ser conduzidos por Deus atrav\u00e9s do servi\u00e7o dos padres. \u201cEspero que deixem os padres fazerem de voc\u00eas uma Igreja de Deus\u201d. E acolheu os dois presb\u00edteros incentivando-os \u00e0 perten\u00e7a em seu presbit\u00e9rio. \u201cN\u00e3o percam a presen\u00e7a de voc\u00eas no presbit\u00e9rio da Diocese de Guaxup\u00e9, mas, a partir de hoje, n\u00f3s adquirimos voc\u00eas em nosso meio\u201d, disse referindo-se aos demais padres da Diocese de Bragan\u00e7a que participavam da celebra\u00e7\u00e3o.<\/p>\n<p style=\"text-align: justify\">Dom Jos\u00e9 Lanza, ao final da celebra\u00e7\u00e3o, expressou sua alegria pelo passo mission\u00e1rio das dioceses. \u201cSou membro da comiss\u00e3o episcopal para a Miss\u00e3o Continental e agora realizo o sonho de uma Igreja mais mission\u00e1ria. Espero que os dois padres amem todas as pessoas, atendendo ao mandato de Jesus de \u2018anunciar o Evangelho a toda criatura\u2019. Estou tamb\u00e9m impressionado com o fervor do povo da diocese de Bragan\u00e7a.\u201d<\/p>\n<p style=\"text-align: justify\">Os dois padres iniciam a segunda par\u00f3quia da cidade. O gesto representa o primeiro passo da diocese de Guaxup\u00e9 dentro de seu projeto mission\u00e1rio. A cada dois anos, dois novos padres dever\u00e3o assumir a responsabilidade.<img decoding=\"async\" loading=\"lazy\" class=\" alignright size-full wp-image-6006\" style=\"float: right\" src=\"https:\/\/www.cnbb.org.br\/wp-content\/uploads\/2020\/03\/pesdioceseguaxupe3.jpg\" alt=\"pesdioceseguaxupe3\" width=\"555\" height=\"369\" \/><\/p>\n","protected":false},"excerpt":{"rendered":"<p>No m\u00eas vocacional, a diocese de Guaxup\u00e9 (MG) envia dois de seus padres para a diocese de Bragan\u00e7a do Par\u00e1 (PA), situada na regi\u00e3o amaz\u00f4nica. Trata-se do Projeto Igrejas Irm\u00e3s, organizado desde 1972 pela CNBB. No dia 1\u00ba de agosto, na cidade de Paragominas (PA), os padres Francisco Albertin Ferreira e Ant\u00f4nio Carlos Melo foram &hellip;<\/p>\n<p class=\"read-more\"> <a class=\"\" href=\"https:\/\/www.cnbb.org.br\/padres-da-diocese-de-guaxupe-sao-recebidos-pela-diocese-irma-de-braganca-do-para\/\"> <span class=\"screen-reader-text\">Padres da diocese de Guaxup\u00e9 s\u00e3o recebidos pela diocese Irm\u00e3 de Bragan\u00e7a do Par\u00e1<\/span> Leia mais &raquo;<\/a><\/p>\n","protected":false},"author":83,"featured_media":24145,"comment_status":"open","ping_status":"open","sticky":false,"template":"","format":"standard","meta":{"site-sidebar-layout":"default","site-content-layout":"default","ast-global-header-display":"","ast-banner-title-visibility":"","ast-main-header-display":"","ast-hfb-above-header-display":"","ast-hfb-below-header-display":"","ast-hfb-mobile-header-display":"","site-post-title":"","ast-breadcrumbs-content":"","ast-featured-img":"","footer-sml-layout":"","theme-transparent-header-meta":"","adv-header-id-meta":"","stick-header-meta":"","header-above-stick-meta":"","header-main-stick-meta":"","header-below-stick-meta":""},"categories":[822,769],"tags":[],"acf":[],"_links":{"self":[{"href":"https:\/\/www.cnbb.org.br\/cnbb-app\/wp\/v2\/posts\/24144"}],"collection":[{"href":"https:\/\/www.cnbb.org.br\/cnbb-app\/wp\/v2\/posts"}],"about":[{"href":"https:\/\/www.cnbb.org.br\/cnbb-app\/wp\/v2\/types\/post"}],"author":[{"embeddable":true,"href":"https:\/\/www.cnbb.org.br\/cnbb-app\/wp\/v2\/users\/83"}],"replies":[{"embeddable":true,"href":"https:\/\/www.cnbb.org.br\/cnbb-app\/wp\/v2\/comments?post=24144"}],"version-history":[{"count":0,"href":"https:\/\/www.cnbb.org.br\/cnbb-app\/wp\/v2\/posts\/24144\/revisions"}],"wp:featuredmedia":[{"embeddable":true,"href":"https:\/\/www.cnbb.org.br\/cnbb-app\/wp\/v2\/media\/24145"}],"wp:attachment":[{"href":"https:\/\/www.cnbb.org.br\/cnbb-app\/wp\/v2\/media?parent=24144"}],"wp:term":[{"taxonomy":"category","embeddable":true,"href":"https:\/\/www.cnbb.org.br\/cnbb-app\/wp\/v2\/categories?post=24144"},{"taxonomy":"post_tag","embeddable":true,"href":"https:\/\/www.cnbb.org.br\/cnbb-app\/wp\/v2\/tags?post=24144"}],"curies":[{"name":"wp","href":"https:\/\/api.w.org\/{rel}","templated":true}]}}