{"id":241463,"date":"2020-06-29T12:22:02","date_gmt":"2020-06-29T15:22:02","guid":{"rendered":"https:\/\/www.cnbb.org.br\/?p=241463"},"modified":"2020-06-29T12:22:02","modified_gmt":"2020-06-29T15:22:02","slug":"quatro-arcebispos-brasileiros-receberao-o-palio-arquiepiscopal-abencoado-pelo-papa","status":"publish","type":"post","link":"https:\/\/www.cnbb.org.br\/quatro-arcebispos-brasileiros-receberao-o-palio-arquiepiscopal-abencoado-pelo-papa\/","title":{"rendered":"Quatro arcebispos brasileiros receber\u00e3o o P\u00e1lio Arquiepiscopal aben\u00e7oado pelo Papa"},"content":{"rendered":"<p style=\"text-align: justify\">O Papa Francisco aben\u00e7oou os p\u00e1lios que ser\u00e3o entregues aos arcebispos metropolitanos nomeados no decorrer do \u00faltimo ano. Quatro arcebispos brasileiros receber\u00e3o a ins\u00edgnia aben\u00e7oada durante a celebra\u00e7\u00e3o da Solenidade de S\u00e3o Pedro e S\u00e3o Paulo, neste domingo, 28 de junho.<\/p>\n<p style=\"text-align: justify\">Cardeal Sergio da Rocha, arcebispo de Salvador (BA); dom Josaf\u00e1 Menezes da Silva, arcebispo de Vit\u00f3ria da Conquista (BA); dom Irineu Roman, arcebispo de Santar\u00e9m (PA); e dom Leonardo Steiner, arcebispo de Manaus (AM), s\u00e3o os bispos que v\u00e3o receber o p\u00e1lio, uma esp\u00e9cie de colarinho feito de l\u00e3 branca com seis cruzes, que representa o minist\u00e9rio do arcebispo \u00e0 frente da Igreja metropolitana.<\/p>\n<div id='gallery-1' class='gallery galleryid-241463 gallery-columns-4 gallery-size-thumbnail'><figure class='gallery-item'>\n\t\t\t<div class='gallery-icon landscape'>\n\t\t\t\t<img width=\"150\" height=\"150\" src=\"https:\/\/www.cnbb.org.br\/wp-content\/uploads\/2020\/05\/Cardeal-Sergio-da-Rocha-150x150.jpg\" class=\"attachment-thumbnail size-thumbnail\" alt=\"\" decoding=\"async\" loading=\"lazy\" aria-describedby=\"gallery-1-239584\" srcset=\"https:\/\/www.cnbb.org.br\/wp-content\/uploads\/2020\/05\/Cardeal-Sergio-da-Rocha-150x150.jpg 150w, https:\/\/www.cnbb.org.br\/wp-content\/uploads\/2020\/05\/Cardeal-Sergio-da-Rocha-300x300.jpg 300w\" sizes=\"(max-width: 150px) 100vw, 150px\" \/>\n\t\t\t<\/div>\n\t\t\t\t<figcaption class='wp-caption-text gallery-caption' id='gallery-1-239584'>\n\t\t\t\tCardeal Sergio da Rocha\n\t\t\t\t<\/figcaption><\/figure>\n\t\t<\/div>\n\n<blockquote><p>&#8220;<em>Neste dia, benzem-se os p\u00e1lios que ser\u00e3o entregues ao Decano do Col\u00e9gio Cardinal\u00edcio e aos Arcebispos Metropolitas nomeados no decorrer do \u00faltimo ano. O p\u00e1lio recorda a unidade entre as ovelhas e o Pastor que, como Jesus, carrega a ovelha aos ombros e nunca mais a larga<\/em>&#8220;, disse o Papa Francisco.<\/p><\/blockquote>\n<figure style=\"width: 800px\" class=\"wp-caption aligncenter\"><img decoding=\"async\" loading=\"lazy\" src=\"http:\/\/www.vatican.va\/content\/dam\/francesco\/images\/homilies\/santipietroepaolo29giugno2020\/1593416764775.JPG\/_jcr_content\/renditions\/cq5dam.web.800.800.jpeg\" alt=\"\" width=\"800\" height=\"531\" \/><figcaption class=\"wp-caption-text\"><em>Papa Francisco faz imposi\u00e7\u00e3o do p\u00e1lio ao Decano do Col\u00e9gio Cardinal\u00edcio | Vatican Media<\/em><\/figcaption><\/figure>\n<p style=\"text-align: justify\"><strong>P\u00e1lio<\/strong><\/p>\n<p style=\"text-align: justify\">O p\u00e1lio \u2013 derivado do latim pallium, manto de l\u00e3 \u2013 \u00e9 uma vestimenta lit\u00fargica usada na Igreja Cat\u00f3lica, consistindo de uma faixa de pano de l\u00e3 branca que \u00e9 colocada sobre ombros dos Arcebispos.<\/p>\n<p style=\"text-align: justify\">Este pano representa a ovelha que o pastor carrega nos ombros, assim como fez Cristo com a ovelha perdida. Desta forma podemos dizer que o palio \u00e9 o s\u00edmbolo da miss\u00e3o pastoral do bispo. O p\u00e1lio \u00e9 tamb\u00e9m a prerrogativa dos arcebispos metropolitanos, como s\u00edmbolo de jurisdi\u00e7\u00e3o em comunh\u00e3o com a Santa S\u00e9.<\/p>\n<p style=\"text-align: justify\"><strong>Hist\u00f3ria<\/strong><\/p>\n<p style=\"text-align: justify\">Originalmente o p\u00e1lio era o manto usado pelos fil\u00f3sofos e na arte paleocrist\u00e3, eram pintados neste \u201cmanto\u201d Jesus e os ap\u00f3stolos. Esta pr\u00e1tica foi posteriormente adotada tamb\u00e9m pela Igreja Crist\u00e3, com um uso semelhante ao do omoforion (uma tira de pano), muito mais larga que o p\u00e1lio, atualmente usada pelos bispos ortodoxos e pelos bispos cat\u00f3licos orientais de rito bizantino.<\/p>\n<p style=\"text-align: justify\">O p\u00e1lio era originalmente uma \u00fanica tira de pano enrolada nos ombros e ca\u00edda no peito na altura do ombro esquerdo; nos primeiros s\u00e9culos do cristianismo foi trazido por todos os bispos.<\/p>\n<p style=\"text-align: justify\">Podemos ver nas iconografias que representam os primeiros bispos e santos, como Santo Ambr\u00f3sio, Santo Atan\u00e1sio, S\u00e3o Jo\u00e3o Cris\u00f3stomo, Santo In\u00e1cio de Antioquia, S\u00e3o Hil\u00e1rio e outros.<\/p>\n<p style=\"text-align: justify\">O primeiro caso conhecido de imposi\u00e7\u00e3o do p\u00e1lio a um bispo remonta a 513, quando o Papa Simmaco concedeu o p\u00e1lio a S\u00e3o Ces\u00e1rio, bispo de Arles.<\/p>\n<p style=\"text-align: justify\">A partir do s\u00e9culo IX reduziu-se ao formato atual de \u201cY\u201d, com as duas extremidades descendo abaixo do pesco\u00e7o at\u00e9 o meio do peito e nas costas e se tornando a marca registrada dos arcebispos metropolitanos que o obtiveram pelo papa. O Papa Jo\u00e3o Paulo II, por ocasi\u00e3o da noite de Natal de 1999, abertura do Jubileu de 2000, usava um omoforion com cruzes vermelhas.<\/p>\n<p style=\"text-align: justify\"><strong><img decoding=\"async\" loading=\"lazy\" class=\"alignleft\" src=\"http:\/\/www.vatican.va\/content\/dam\/francesco\/images\/homilies\/santipietroepaolo29giugno2020\/1593415259654.JPG\/_jcr_content\/renditions\/cq5dam.web.800.800.jpeg\" width=\"324\" height=\"215\" \/>Confec\u00e7\u00e3o do p\u00e1lio<\/strong><\/p>\n<p style=\"text-align: justify\">Dois cordeiros cuja l\u00e3 \u00e9 destinada, no ano anterior, s\u00e3o criados pelos monges trapistas da Abadia de Tre Fontane, em Roma. E desde 1644, s\u00e3o aben\u00e7oados pelo Abade Geral dos C\u00f4negos Lateranenses em Bas\u00edlica, na Via Nomentana Complexo Monumental de Santa In\u00eas, fora dos muros, no dia em que se faz mem\u00f3ria da Santa, em 21 de janeiro.<\/p>\n<p style=\"text-align: justify\">Depois s\u00e3o levados ao Papa no Pal\u00e1cio Apost\u00f3lico. O p\u00e1lio \u00e9 tecido e costurado pelas freiras de clausura do convento romano de Santa Cec\u00edlia em Trastevere. Os p\u00e1lios s\u00e3o armazenados na Bas\u00edlica de S\u00e3o Pedro, em Roma, aos p\u00e9s do altar de confiss\u00e3o (altar central), muito pr\u00f3ximo ao t\u00famulo do Ap\u00f3stolo Pedro.<\/p>\n<p style=\"text-align: justify\"><strong>Como \u00e9 p\u00e1lio<\/strong><\/p>\n<p style=\"text-align: justify\">O p\u00e1lio, em sua forma atual, \u00e9 uma faixa estreita de tecido, com cerca de cinco cent\u00edmetros de largura, tecida em l\u00e3 branca, curvada no meio para poder repousar sobre os ombros acima da casula e com duas abas pretas penduradas na frente e atr\u00e1s, de modo que \u2013 visto tanto na frente quanto atr\u00e1s \u2013 a vestimenta lembra a letra \u201cY\u201d.<\/p>\n<p style=\"text-align: justify\"><img decoding=\"async\" loading=\"lazy\" class=\"alignright\" src=\"http:\/\/www.vatican.va\/content\/dam\/francesco\/images\/homilies\/santipietroepaolo29giugno2020\/1593416768416.JPG\/_jcr_content\/renditions\/cq5dam.web.800.800.jpeg\" width=\"503\" height=\"335\" \/>\u00c9 decorado com seis cruzes negras de seda (que lembram as feridas de Cristo), uma em cada cauda e quatro na curvatura, e \u00e9 cortado na frente e atr\u00e1s, com tr\u00eas alfinetes de gema aciculada em forma de alfinete. Essas duas \u00faltimas caracter\u00edsticas parecem ser uma lembran\u00e7a dos momentos em que o p\u00e1lio era um simples len\u00e7o duplo dobrado e pregado com um alfinete no ombro esquerdo.<\/p>\n<p style=\"text-align: justify\">Piero Marini para o Papa Bento XVI restaurou o uso do longo e cruzado p\u00e1lio no ombro esquerdo usado at\u00e9 o s\u00e9culo IX, deixando inalterada a forma do p\u00e1lio concedido aos arcebispos, com as duas abas penduradas no alto centro do peito e no meio das costas.<\/p>\n<p style=\"text-align: justify\">Por ocasi\u00e3o da Missa de 29 de junho de 2008 (Solenidade dos Santos Pedro e Paulo), o Papa voltou a usar um p\u00e1lio em formato de \u201cY\u201d, similar ao usado comumente pelos metropolitas, mas com forma mais ampla e com a cor vermelha das cruzes: essas diferen\u00e7as hoje p\u00f5e em evidencia a diversidade da jurisdi\u00e7\u00e3o, reservado para o Bispo de Roma, enquanto que em \u00e9pocas anteriores em per\u00edodos remotos, n\u00e3o havia este significado particular, dado que eram comuns a todos os bispos, sem distin\u00e7\u00e3o.<\/p>\n<p style=\"text-align: justify\">O mesmo p\u00e1lio foi usado pelo Papa Francisco ap\u00f3s a cerim\u00f4nia solene de imposi\u00e7\u00e3o do p\u00e1lio das m\u00e3os do proto-di\u00e1cono cardeal Jean-Louis Tauran, durante a Missa de inaugura\u00e7\u00e3o do seu minist\u00e9rio petrino.<\/p>\n<p style=\"text-align: justify\"><em>Informa\u00e7\u00f5es Vatican News, com Portal CNBB<br \/>\nCom fotos de Vatican Mediaarce<\/em><\/p>\n","protected":false},"excerpt":{"rendered":"<p>Na Solenidade de S\u00e3o Pedro e S\u00e3o Paulo, foram aben\u00e7oados p\u00e1lios do Decano do Col\u00e9gio Cardinal\u00edcio e dos arcebispos metropolitas<\/p>\n","protected":false},"author":83,"featured_media":241464,"comment_status":"closed","ping_status":"open","sticky":false,"template":"","format":"standard","meta":{"site-sidebar-layout":"default","site-content-layout":"default","ast-global-header-display":"","ast-banner-title-visibility":"","ast-main-header-display":"","ast-hfb-above-header-display":"","ast-hfb-below-header-display":"","ast-hfb-mobile-header-display":"","site-post-title":"","ast-breadcrumbs-content":"","ast-featured-img":"","footer-sml-layout":"","theme-transparent-header-meta":"","adv-header-id-meta":"","stick-header-meta":"","header-above-stick-meta":"","header-main-stick-meta":"","header-below-stick-meta":""},"categories":[784],"tags":[2258,1199],"acf":[],"_links":{"self":[{"href":"https:\/\/www.cnbb.org.br\/cnbb-app\/wp\/v2\/posts\/241463"}],"collection":[{"href":"https:\/\/www.cnbb.org.br\/cnbb-app\/wp\/v2\/posts"}],"about":[{"href":"https:\/\/www.cnbb.org.br\/cnbb-app\/wp\/v2\/types\/post"}],"author":[{"embeddable":true,"href":"https:\/\/www.cnbb.org.br\/cnbb-app\/wp\/v2\/users\/83"}],"replies":[{"embeddable":true,"href":"https:\/\/www.cnbb.org.br\/cnbb-app\/wp\/v2\/comments?post=241463"}],"version-history":[{"count":0,"href":"https:\/\/www.cnbb.org.br\/cnbb-app\/wp\/v2\/posts\/241463\/revisions"}],"wp:featuredmedia":[{"embeddable":true,"href":"https:\/\/www.cnbb.org.br\/cnbb-app\/wp\/v2\/media\/241464"}],"wp:attachment":[{"href":"https:\/\/www.cnbb.org.br\/cnbb-app\/wp\/v2\/media?parent=241463"}],"wp:term":[{"taxonomy":"category","embeddable":true,"href":"https:\/\/www.cnbb.org.br\/cnbb-app\/wp\/v2\/categories?post=241463"},{"taxonomy":"post_tag","embeddable":true,"href":"https:\/\/www.cnbb.org.br\/cnbb-app\/wp\/v2\/tags?post=241463"}],"curies":[{"name":"wp","href":"https:\/\/api.w.org\/{rel}","templated":true}]}}