{"id":241468,"date":"2020-06-30T13:34:35","date_gmt":"2020-06-30T16:34:35","guid":{"rendered":"https:\/\/www.cnbb.org.br\/?p=241468"},"modified":"2020-06-30T13:34:35","modified_gmt":"2020-06-30T16:34:35","slug":"a-comunicacao-a-servico-da-solidariedade-e-o-tema-da-live-e-tempo-de-cuidar","status":"publish","type":"post","link":"https:\/\/www.cnbb.org.br\/a-comunicacao-a-servico-da-solidariedade-e-o-tema-da-live-e-tempo-de-cuidar\/","title":{"rendered":"\u201cA comunica\u00e7\u00e3o a servi\u00e7o da solidariedade\u201d \u00e9 o tema da live \u201c\u00c9 tempo de Cuidar\u201d"},"content":{"rendered":"<p style=\"text-align: justify\">A pandemia do novo coronav\u00edrus mudou a rotina do brasileiro, oferecendo a possibilidade de novos rumos em meio \u00e0 forma de se comunicar. Nesse processo, a Igreja no Brasil, em comunh\u00e3o com o sofrimento da humanidade, precisou se reinventar para unir os fi\u00e9is espiritualmente, sem presen\u00e7a f\u00edsica, durante o tempo de emerg\u00eancia sanit\u00e1ria.<\/p>\n<p style=\"text-align: justify\">\u00c9 nessa linha que a live \u201c\u00c9 tempo de cuidar\u201d desta ter\u00e7a-feira, 30 de junho, vai abordar a import\u00e2ncia da \u201cComunica\u00e7\u00e3o a servi\u00e7o da solidariedade em tempos de Covid-19\u201d. Os convidados desta edi\u00e7\u00e3o ser\u00e3o o presidente da Comiss\u00e3o Episcopal Pastoral para a Comunica\u00e7\u00e3o da Confer\u00eancia Nacional dos Bispos do Brasil (CNBB), dom Joaquim Mol; a coordenadora da assessoria de Comunica\u00e7\u00e3o da CNBB, Manuela Castro, e a assessora de Comunica\u00e7\u00e3o da C\u00e1ritas, Jucelene Rocha.<\/p>\n<blockquote>\n<p style=\"text-align: justify\">\u201cA comunica\u00e7\u00e3o tem um papel muito importante nesse tempo de pandemia, principalmente para as a\u00e7\u00f5es de solidariedade, porque tudo est\u00e1 sendo feito pelos meios de comunica\u00e7\u00e3o j\u00e1 que n\u00e3o existe mais os grandes eventos, n\u00e3o se pode fazer lan\u00e7amento presencialmente, ent\u00e3o tudo est\u00e1 sendo transmitido via redes sociais, tudo est\u00e1 dependendo da comunica\u00e7\u00e3o para acontecer e, principalmente, as a\u00e7\u00f5es de solidariedade&#8221;, explica Manuela Castro.<\/p>\n<\/blockquote>\n<p style=\"text-align: justify\">Eles v\u00e3o dialogar, entre outros assuntos, sobre a import\u00e2ncia da Pastoral da Comunica\u00e7\u00e3o (Pascom), que teve papel primordial durante o per\u00edodo. \u201cA Pascom em todo o pa\u00eds assumiu as missas de transmiss\u00e3o online, as formas de comunica\u00e7\u00e3o das igrejas particulares com os seus fieis\u201d, afirma Manuela Castro.<\/p>\n<p style=\"text-align: justify\">Outra quest\u00e3o que tamb\u00e9m ser\u00e1 debatida \u00e9 como a Igreja se reinventou para ajudar os mais necessitados, mesmo que ainda de longe. \u201cA comunica\u00e7\u00e3o assumiu um papel important\u00edssimo nessa pandemia e na quest\u00e3o da solidariedade muito mais porque a Igreja teve que se reinventar, criar formas de arrecadar, vide a A\u00e7\u00e3o Emergencial da Igreja no Brasil \u2013 \u00c9 tempo de Cuidar, promovida pela CNBB e C\u00e1ritas&#8221;, finaliza Manuela.<\/p>\n<p style=\"text-align: justify\">A live tem in\u00edcio \u00e0s 17h, hor\u00e1rio de Bras\u00edlia, nas p\u00e1ginas da Confer\u00eancia Nacional dos Bispos do Brasil (CNBB) e da C\u00e1ritas Brasileira. Participe deste debate enviando perguntas ao vivo pelas redes sociais. Tamb\u00e9m fa\u00e7a postagens com a hashtag #tempodecuidar e marque a CNBB e a C\u00e1ritas nas publica\u00e7\u00f5es.<\/p>\n","protected":false},"excerpt":{"rendered":"<p>A live tem in\u00edcio \u00e0s 17h, nas p\u00e1ginas da CNBB e C\u00e1ritas Brasileira <\/p>\n","protected":false},"author":83,"featured_media":241479,"comment_status":"closed","ping_status":"open","sticky":false,"template":"","format":"standard","meta":{"site-sidebar-layout":"default","site-content-layout":"default","ast-global-header-display":"","ast-banner-title-visibility":"","ast-main-header-display":"","ast-hfb-above-header-display":"","ast-hfb-below-header-display":"","ast-hfb-mobile-header-display":"","site-post-title":"","ast-breadcrumbs-content":"","ast-featured-img":"","footer-sml-layout":"","theme-transparent-header-meta":"","adv-header-id-meta":"","stick-header-meta":"","header-above-stick-meta":"","header-main-stick-meta":"","header-below-stick-meta":""},"categories":[1869],"tags":[1256,1850,1856],"acf":[],"_links":{"self":[{"href":"https:\/\/www.cnbb.org.br\/cnbb-app\/wp\/v2\/posts\/241468"}],"collection":[{"href":"https:\/\/www.cnbb.org.br\/cnbb-app\/wp\/v2\/posts"}],"about":[{"href":"https:\/\/www.cnbb.org.br\/cnbb-app\/wp\/v2\/types\/post"}],"author":[{"embeddable":true,"href":"https:\/\/www.cnbb.org.br\/cnbb-app\/wp\/v2\/users\/83"}],"replies":[{"embeddable":true,"href":"https:\/\/www.cnbb.org.br\/cnbb-app\/wp\/v2\/comments?post=241468"}],"version-history":[{"count":0,"href":"https:\/\/www.cnbb.org.br\/cnbb-app\/wp\/v2\/posts\/241468\/revisions"}],"wp:featuredmedia":[{"embeddable":true,"href":"https:\/\/www.cnbb.org.br\/cnbb-app\/wp\/v2\/media\/241479"}],"wp:attachment":[{"href":"https:\/\/www.cnbb.org.br\/cnbb-app\/wp\/v2\/media?parent=241468"}],"wp:term":[{"taxonomy":"category","embeddable":true,"href":"https:\/\/www.cnbb.org.br\/cnbb-app\/wp\/v2\/categories?post=241468"},{"taxonomy":"post_tag","embeddable":true,"href":"https:\/\/www.cnbb.org.br\/cnbb-app\/wp\/v2\/tags?post=241468"}],"curies":[{"name":"wp","href":"https:\/\/api.w.org\/{rel}","templated":true}]}}