{"id":241571,"date":"2020-07-01T09:18:05","date_gmt":"2020-07-01T12:18:05","guid":{"rendered":"https:\/\/www.cnbb.org.br\/?p=241571"},"modified":"2020-07-01T09:18:05","modified_gmt":"2020-07-01T12:18:05","slug":"cristo-redentor-recebe-missa-em-tributo-as-vitimas-da-covid-19","status":"publish","type":"post","link":"https:\/\/www.cnbb.org.br\/cristo-redentor-recebe-missa-em-tributo-as-vitimas-da-covid-19\/","title":{"rendered":"Cristo Redentor recebe missa em tributo \u00e0s v\u00edtimas da Covid-19"},"content":{"rendered":"<p style=\"text-align: justify\">O Santu\u00e1rio do Cristo Redentor recebe na noite de hoje, dia 1\u00ba de julho, uma missa em tributo \u00e0s v\u00edtimas da Covid-19. A celebra\u00e7\u00e3o ser\u00e1 transmitida para todo o Brasil e tem como tema <strong>\u201cPara Cada Vida\u201d.<\/strong> Um momento com mensagens de solidariedade \u00e0s fam\u00edlias fortemente afetadas pelas perdas nesta pandemia, de gratid\u00e3o aos trabalhadores e volunt\u00e1rios an\u00f4nimos, assim como aos profissionais da sa\u00fade, e de esperan\u00e7a a todos os brasileiros.<\/p>\n<p style=\"text-align: justify\">A celebra\u00e7\u00e3o ter\u00e1 como cen\u00e1rio uma das sete maravilhas do mundo, considerado Patrim\u00f4nio da Humanidade pela UNESCO \u2013 o Cristo Redentor, no Rio de Janeiro \u2013 e ser\u00e1 transmitida ao vivo pelo Facebook e pelo YouTube da Confer\u00eancia Nacional dos Bispos do Brasil (CNBB), uma das organizadoras do evento, junto com a C\u00e1ritas Brasileira, com apoio do Verificado &#8211; iniciativa das Na\u00e7\u00f5es Unidas para combate \u00e0 desinforma\u00e7\u00e3o.<\/p>\n<h3>Celebra\u00e7\u00e3o<\/h3>\n<p style=\"text-align: justify\"><a href=\"https:\/\/www.cnbb.org.br\/wp-content\/uploads\/2020\/06\/WhatsApp-Image-2020-06-26-at-18.43.11.jpeg\" data-rel=\"lightbox-image-0\" data-rl_title=\"\" data-rl_caption=\"\" title=\"\"><img decoding=\"async\" loading=\"lazy\" class=\" wp-image-241415 alignright\" src=\"https:\/\/www.cnbb.org.br\/wp-content\/uploads\/2020\/06\/WhatsApp-Image-2020-06-26-at-18.43.11.jpeg\" alt=\"\" width=\"390\" height=\"234\" srcset=\"https:\/\/www.cnbb.org.br\/wp-content\/uploads\/2020\/06\/WhatsApp-Image-2020-06-26-at-18.43.11.jpeg 1280w, https:\/\/www.cnbb.org.br\/wp-content\/uploads\/2020\/06\/WhatsApp-Image-2020-06-26-at-18.43.11-300x180.jpeg 300w, https:\/\/www.cnbb.org.br\/wp-content\/uploads\/2020\/06\/WhatsApp-Image-2020-06-26-at-18.43.11-1024x614.jpeg 1024w, https:\/\/www.cnbb.org.br\/wp-content\/uploads\/2020\/06\/WhatsApp-Image-2020-06-26-at-18.43.11-768x461.jpeg 768w, https:\/\/www.cnbb.org.br\/wp-content\/uploads\/2020\/06\/WhatsApp-Image-2020-06-26-at-18.43.11-500x300.jpeg 500w\" sizes=\"(max-width: 390px) 100vw, 390px\" \/><\/a>A missa ter\u00e1 a honra de contar com uma mensagem de solidariedade e uma ben\u00e7\u00e3o do Papa Francisco, vibrando pela chegada de dias melhores, e tamb\u00e9m com uma mensagem do arcebispo de Belo Horizonte (MG) e presidente da CNBB, dom Walmor Oliveira de Azevedo.<\/p>\n<p style=\"text-align: justify\">A cerim\u00f4nia religiosa ser\u00e1 presidida pelo arcebispo do Rio de Janeiro, cardeal Orani Jo\u00e3o Tempesta. \u201cA nossa arquidiocese foi escolhida para ser o lugar de manifestar a nossa solidariedade e ora\u00e7\u00e3o por aqueles que faleceram com essa pandemia. Justamente nesse altar, que \u00e9 o Cristo Redentor, queremos colocar todas as pessoas do mundo inteiro que partiram, para que sejam recebidas na casa do Pai. E rezar pelos seus familiares para que consolados prossigamos na procura do bem e da paz.&#8221;, disse o cardeal.<\/p>\n<h3 style=\"text-align: justify\">Show<\/h3>\n<p style=\"text-align: justify\">Em seguida, uma proje\u00e7\u00e3o impactante ser\u00e1 transmitida no Cristo Redentor, um dos maiores cart\u00f5es-postais do mundo. Para encerramento da celebra\u00e7\u00e3o, haver\u00e1 um show da cantora Alcione, contribuindo para promover um momento de esperan\u00e7a, essencial em meio ao sentimento de fragilidade do cen\u00e1rio atual.<\/p>\n<p style=\"text-align: justify\">Com a celebra\u00e7\u00e3o, a CNBB, a C\u00e1ritas Brasileira e o Verificado t\u00eam o objetivo de proporcionar uma homenagem para cada vida, al\u00e9m de humanizar este momento cr\u00edtico pelo qual o mundo est\u00e1 passando, dando luz \u00e0s vidas perdidas, que tendem a serem apenas estat\u00edsticas devido ao alto n\u00famero de \u00f3bitos di\u00e1rios.<\/p>\n<h3>Projeto Verificado<\/h3>\n<p style=\"text-align: justify\">A celebra\u00e7\u00e3o \u201cPara Cada Vida\u201d conta com o apoio do projeto Verificado, uma iniciativa global da Na\u00e7\u00f5es Unidas, que busca inundar os canais de comunica\u00e7\u00e3o com informa\u00e7\u00f5es verificadas e transmitidas pela ONU envolvendo os temas de ci\u00eancia, solidariedade e solu\u00e7\u00f5es, combatendo assim, a infodemia de desinforma\u00e7\u00f5es em meio a esta pandemia que assola o mundo. O projeto conta com a colabora\u00e7\u00e3o da Purpose, uma das maiores organiza\u00e7\u00f5es de mobiliza\u00e7\u00e3o social do mundo, e com o apoio de articula\u00e7\u00e3o do NEXUS, movimento global que facilita espa\u00e7os de encontro entre as novas gera\u00e7\u00f5es de filantropos, empreendedores sociais e investidores de impacto.<\/p>\n<p style=\"text-align: justify\">O projeto Verificado \u00e9 uma iniciativa global ONU que tem o objetivo de combater a infodemia de desinforma\u00e7\u00e3o em meio \u00e0 pandemia, compartilhar informa\u00e7\u00f5es que salvam vidas e orienta\u00e7\u00f5es baseadas em fatos e hist\u00f3rias do melhor da humanidade. O site Verificado traz uma galeria de informa\u00e7\u00f5es verificadas e transmitidas pelas Na\u00e7\u00f5es Unidas. Na busca de inundar os canais de comunica\u00e7\u00e3o, as mensagens s\u00e3o baseadas em tr\u00eas frentes:\u00a0 Ci\u00eancia \u2013 para salvar vidas, Solidariedade \u2013 para promover coopera\u00e7\u00e3o local e global; e Solu\u00e7\u00f5es \u2013 para defender o apoio a popula\u00e7\u00f5es impactada. Acesse: <u><a href=\"http:\/\/www.compartilheverificado.com.br\/\" target=\"_blank\" rel=\"noopener\">www.compartilheverificado.com.br<\/a><\/u><\/p>\n","protected":false},"excerpt":{"rendered":"<p>CNBB transmite celebra\u00e7\u00e3o e show com a cantora Alcione<\/p>\n","protected":false},"author":83,"featured_media":241415,"comment_status":"closed","ping_status":"open","sticky":false,"template":"","format":"standard","meta":{"site-sidebar-layout":"default","site-content-layout":"default","ast-global-header-display":"","ast-banner-title-visibility":"","ast-main-header-display":"","ast-hfb-above-header-display":"","ast-hfb-below-header-display":"","ast-hfb-mobile-header-display":"","site-post-title":"","ast-breadcrumbs-content":"","ast-featured-img":"","footer-sml-layout":"","theme-transparent-header-meta":"","adv-header-id-meta":"","stick-header-meta":"","header-above-stick-meta":"","header-main-stick-meta":"","header-below-stick-meta":""},"categories":[841],"tags":[1854,1855,1856],"acf":[],"_links":{"self":[{"href":"https:\/\/www.cnbb.org.br\/cnbb-app\/wp\/v2\/posts\/241571"}],"collection":[{"href":"https:\/\/www.cnbb.org.br\/cnbb-app\/wp\/v2\/posts"}],"about":[{"href":"https:\/\/www.cnbb.org.br\/cnbb-app\/wp\/v2\/types\/post"}],"author":[{"embeddable":true,"href":"https:\/\/www.cnbb.org.br\/cnbb-app\/wp\/v2\/users\/83"}],"replies":[{"embeddable":true,"href":"https:\/\/www.cnbb.org.br\/cnbb-app\/wp\/v2\/comments?post=241571"}],"version-history":[{"count":0,"href":"https:\/\/www.cnbb.org.br\/cnbb-app\/wp\/v2\/posts\/241571\/revisions"}],"wp:featuredmedia":[{"embeddable":true,"href":"https:\/\/www.cnbb.org.br\/cnbb-app\/wp\/v2\/media\/241415"}],"wp:attachment":[{"href":"https:\/\/www.cnbb.org.br\/cnbb-app\/wp\/v2\/media?parent=241571"}],"wp:term":[{"taxonomy":"category","embeddable":true,"href":"https:\/\/www.cnbb.org.br\/cnbb-app\/wp\/v2\/categories?post=241571"},{"taxonomy":"post_tag","embeddable":true,"href":"https:\/\/www.cnbb.org.br\/cnbb-app\/wp\/v2\/tags?post=241571"}],"curies":[{"name":"wp","href":"https:\/\/api.w.org\/{rel}","templated":true}]}}