{"id":24160,"date":"2010-10-04T00:00:00","date_gmt":"2010-10-04T03:00:00","guid":{"rendered":"https:\/\/www.cnbb.org.br\/cnbb-parabeniza-dom-erwin-krautler-por-premio-nobel-alternativo-da-paz\/"},"modified":"2010-10-04T00:00:00","modified_gmt":"2010-10-04T03:00:00","slug":"cnbb-parabeniza-dom-erwin-krautler-por-premio-nobel-alternativo-da-paz","status":"publish","type":"post","link":"https:\/\/www.cnbb.org.br\/cnbb-parabeniza-dom-erwin-krautler-por-premio-nobel-alternativo-da-paz\/","title":{"rendered":"CNBB parabeniza dom Erwin Krautler por pr\u00eamio Nobel Alternativo da Paz"},"content":{"rendered":"<p style=\"text-align: justify\">A Confer\u00eancia Nacional dos Bispos do Brasil (CNBB), parabenizou, na manh\u00e3 de hoje, 4, por meio de nota, o bispo da Prelazia do Xingu (PA), dom Erwin Krautler, por ter sido condecorado pela funda\u00e7\u00e3o sueca <em>Right Livelihood Prize<\/em>, com o Pr\u00eamio Nobel Alternativo da Paz, por seu trabalho, ao longo de d\u00e9cadas, em favor dos povos ind\u00edgenas e dos pobres na Amaz\u00f4nia.<\/p>\n<p><!--more--><\/p>\n<p style=\"text-align: justify\">Segundo a Presid\u00eancia da CNBB, o pr\u00eamio faz justi\u00e7a a este \u201cgrande pastor-profeta que honra a Igreja no Brasil e a CNBB. Admirado por sua profunda espiritualidade e vasta cultura, dom Erwin fez da op\u00e7\u00e3o pelos pobres a marca de seu minist\u00e9rio episcopal e de sua vida, comprometido de forma especial com a defesa dos povos ind\u00edgenas, dos que t\u00eam seus direitos negados ou desrespeitados e com a preserva\u00e7\u00e3o da natureza, especialmente na Amaz\u00f4nia\u201d, destaca a nota.<\/p>\n<p style=\"text-align: justify\">Confira abaixo a \u00edntegra da nota da CNBB ao bispo do Xingu, dom Erwin Krautler:<\/p>\n<h3 style=\"text-align: justify\">Dom Erwin Krautler, Nobel Alternativo da Paz<\/h3>\n<p style=\"text-align: justify\">A Confer\u00eancia Nacional dos Bispos do Brasil \u2013 CNBB \u2013 congratula-se com Dom Erwin Krautler, bispo da Prelazia do Xingu, no Par\u00e1, pelo pr\u00eamio Nobel Alternativo da Paz, que lhe foi concedido, conforme anunciado no dia 30 de setembro passado, pela funda\u00e7\u00e3o sueca Right Livelihood Prize.<\/p>\n<p style=\"text-align: justify\">O pr\u00eamio faz justi\u00e7a a este grande pastor-profeta que honra a Igreja no Brasil e a CNBB. Admirado por sua profunda espiritualidade e vasta cultura, Dom Erwin fez da op\u00e7\u00e3o pelos pobres a marca de seu minist\u00e9rio episcopal e de sua vida, comprometido de forma especial com a defesa dos povos ind\u00edgenas, dos que t\u00eam seus direitos negados ou desrespeitados e com a preserva\u00e7\u00e3o da natureza, especialmente na Amaz\u00f4nia.<\/p>\n<p style=\"text-align: justify\">Ao conceder a Dom Erwin Krautler t\u00e3o grande honraria, a funda\u00e7\u00e3o Right Livelihood Prize presta inestim\u00e1vel apoio \u00e0s causas por ele defendidas e d\u00e1-lhes uma visibilidade de grande alcance no cen\u00e1rio internacional, contribuindo, assim, para o reconhecimento dos empobrecidos e a restaura\u00e7\u00e3o de sua dignidade.<\/p>\n<p style=\"text-align: justify\">Pedimos \u00e0 Virgem de Nazar\u00e9 que, junto a seu Filho Jesus Cristo, interceda sempre por Dom Erwin para que continue firme na defesa da vida dos povos ind\u00edgenas e dos pobres.<\/p>\n<p style=\"text-align: justify\">Bras\u00edlia, 4 de outubro de 2010<\/p>\n<p style=\"text-align: center\">Dom Geraldo Lyrio Rocha<br \/>\nArcebispo de Mariana (MG)<br \/>\nPresidente da CNBB<\/p>\n<p style=\"text-align: center\">Dom Luiz Soares Vieira<br \/>\nArcebispo de Manaus (AM)<br \/>\nVice-presidente da CNBB<\/p>\n<p style=\"text-align: center\">Dom Dimas Lara Barbosa<br \/>\nBispo Auxiliar do Rio de Janeiro (RJ)<br \/>\nSecret\u00e1rio Geral da CNBB<\/p>\n","protected":false},"excerpt":{"rendered":"<p>A Confer\u00eancia Nacional dos Bispos do Brasil (CNBB), parabenizou, na manh\u00e3 de hoje, 4, por meio de nota, o bispo da Prelazia do Xingu (PA), dom Erwin Krautler, por ter sido condecorado pela funda\u00e7\u00e3o sueca Right Livelihood Prize, com o Pr\u00eamio Nobel Alternativo da Paz, por seu trabalho, ao longo de d\u00e9cadas, em favor dos &hellip;<\/p>\n<p class=\"read-more\"> <a class=\"\" href=\"https:\/\/www.cnbb.org.br\/cnbb-parabeniza-dom-erwin-krautler-por-premio-nobel-alternativo-da-paz\/\"> <span class=\"screen-reader-text\">CNBB parabeniza dom Erwin Krautler por pr\u00eamio Nobel Alternativo da Paz<\/span> Leia mais &raquo;<\/a><\/p>\n","protected":false},"author":83,"featured_media":24161,"comment_status":"open","ping_status":"open","sticky":false,"template":"","format":"standard","meta":{"site-sidebar-layout":"default","site-content-layout":"default","ast-global-header-display":"","ast-banner-title-visibility":"","ast-main-header-display":"","ast-hfb-above-header-display":"","ast-hfb-below-header-display":"","ast-hfb-mobile-header-display":"","site-post-title":"","ast-breadcrumbs-content":"","ast-featured-img":"","footer-sml-layout":"","theme-transparent-header-meta":"","adv-header-id-meta":"","stick-header-meta":"","header-above-stick-meta":"","header-main-stick-meta":"","header-below-stick-meta":""},"categories":[822,769],"tags":[],"acf":[],"_links":{"self":[{"href":"https:\/\/www.cnbb.org.br\/cnbb-app\/wp\/v2\/posts\/24160"}],"collection":[{"href":"https:\/\/www.cnbb.org.br\/cnbb-app\/wp\/v2\/posts"}],"about":[{"href":"https:\/\/www.cnbb.org.br\/cnbb-app\/wp\/v2\/types\/post"}],"author":[{"embeddable":true,"href":"https:\/\/www.cnbb.org.br\/cnbb-app\/wp\/v2\/users\/83"}],"replies":[{"embeddable":true,"href":"https:\/\/www.cnbb.org.br\/cnbb-app\/wp\/v2\/comments?post=24160"}],"version-history":[{"count":0,"href":"https:\/\/www.cnbb.org.br\/cnbb-app\/wp\/v2\/posts\/24160\/revisions"}],"wp:featuredmedia":[{"embeddable":true,"href":"https:\/\/www.cnbb.org.br\/cnbb-app\/wp\/v2\/media\/24161"}],"wp:attachment":[{"href":"https:\/\/www.cnbb.org.br\/cnbb-app\/wp\/v2\/media?parent=24160"}],"wp:term":[{"taxonomy":"category","embeddable":true,"href":"https:\/\/www.cnbb.org.br\/cnbb-app\/wp\/v2\/categories?post=24160"},{"taxonomy":"post_tag","embeddable":true,"href":"https:\/\/www.cnbb.org.br\/cnbb-app\/wp\/v2\/tags?post=24160"}],"curies":[{"name":"wp","href":"https:\/\/api.w.org\/{rel}","templated":true}]}}