{"id":241634,"date":"2020-07-02T11:29:20","date_gmt":"2020-07-02T14:29:20","guid":{"rendered":"https:\/\/www.cnbb.org.br\/?p=241634"},"modified":"2020-09-08T13:52:29","modified_gmt":"2020-09-08T16:52:29","slug":"catequese-e-a-palavra","status":"publish","type":"post","link":"https:\/\/www.cnbb.org.br\/catequese-e-a-palavra\/","title":{"rendered":"Catequese e a Palavra"},"content":{"rendered":"<p align=\"right\"><b>Cardeal Orani Jo\u00e3o Tempesta<br \/>\n<\/b><b>Arcebispo do Rio de Janeiro (RJ)<\/b><b><\/b><\/p>\n<p style=\"text-align: justify\" align=\"center\"><b>\u00a0<\/b><\/p>\n<p style=\"text-align: justify\">A Igreja v\u00ea com grande import\u00e2ncia o an\u00fancio da Palavra de Deus e a catequese est\u00e1 em sua ess\u00eancia evangelizadora. Por isso ela sempre se preocupou em formar catequistas para que, com experi\u00eancia, possam transmitir aos catec\u00famenos a mensagem do Evangelho.<\/p>\n<p style=\"text-align: justify\">A Igreja est\u00e1 atenta, sobretudo, na transmiss\u00e3o do Evangelho a esses catec\u00famenos com o an\u00fancio do querigma, ou seja, por meio da apresenta\u00e7\u00e3o de Jesus Cristo para que esses tornando-se crist\u00e3os permane\u00e7am sempre firmes na f\u00e9. O Sacramento do Batismo \u00e9 o primeiro sacramento que recebemos na nossa vida de f\u00e9, \u00e9 a porta de entrada para os Sacramentos e para a vida na Igreja. Por meio dele somos chamados de \u201cFilhos de Deus\u201d. Ele faz parte do ciclo dos Sacramentos da inicia\u00e7\u00e3o crist\u00e3, por isso \u00e9 t\u00e3o importante a sua prepara\u00e7\u00e3o, que possui tamb\u00e9m a finalidade de que aqueles que receberam o Batismo permane\u00e7am firmes na f\u00e9 para receberem a Eucaristia e a Crisma que significa assumir com maturidade a f\u00e9 que recebemos no Batismo.<\/p>\n<p style=\"text-align: justify\">Desse modo, a Igreja se compromete na prepara\u00e7\u00e3o desses catequistas que devem, de maneira especial, ser fi\u00e9is batizados, leigos e leigos, com o mandato de an\u00fancio do Evangelho. Todo batizado, com a voca\u00e7\u00e3o universal \u00e0 santidade, \u00e9 chamado a ser disc\u00edpulo mission\u00e1rio de Jesus Cristo e a levar a Boa Nova do Evangelho a todas as pessoas, cumprindo o que Jesus pediu aos Ap\u00f3stolos: \u201c<i>Ide por todo mundo e a todos pregai o Evangelho<\/i>\u201d. A Igreja se preocupa tamb\u00e9m na forma\u00e7\u00e3o dos padres para que estes sejam por excel\u00eancia os catequistas em suas comunidades. Os bispos, como sucessores dos ap\u00f3stolos, s\u00e3o chamados a levar adiante a propaga\u00e7\u00e3o da Palavra de Deus e os di\u00e1conos que s\u00e3o \u201cministros da Palavra\u201d s\u00e3o chamados por Deus a levar a sua Palavra aos doentes e marginalizados.<\/p>\n<p style=\"text-align: justify\">A Palavra de Deus chegou at\u00e9 n\u00f3s por meio da Palavra revelada por Jesus, que \u00e9 a Palavra\u00a0<i>encarnada\u00a0<\/i>do Pai, que Deus enviou como revela\u00e7\u00e3o do seu amor para conosco.<\/p>\n<p style=\"text-align: justify\">Atrav\u00e9s da catequese nos colocamos em comunh\u00e3o com Jesus Cristo e conhecemos a sua intimidade e a rela\u00e7\u00e3o de \u201camor\u201d da Sant\u00edssima Trindade. Aprofundamos a nossa comunh\u00e3o com Ele e desejamos participar dos Sacramentos deixados por Deus. De certa forma fazemos o caminho catecumenal para que possamos entender o porqu\u00ea estamos nos preparando para receber os Sacramentos. A comunidade paroquial deve ser a semelhan\u00e7a da Sant\u00edssima Trindade essa comunh\u00e3o de \u201camor\u201d entre os paroquianos.<\/p>\n<p style=\"text-align: justify\">A forma\u00e7\u00e3o catequ\u00e9tica se d\u00e1 de maneira diferente em cada cultura, ela deve se adequar ao local, seja o Pa\u00eds ou Estado na qual a Igreja est\u00e1 inserida. Deve-se usar din\u00e2micas para que todos participem e \u00e9 claro n\u00e3o deve faltar o estudo da Palavra de Deus.<\/p>\n<p style=\"text-align: justify\">A forma\u00e7\u00e3o catequ\u00e9tica deve ser permanente iniciando na prepara\u00e7\u00e3o para o Batismo e continuando a vida inteira, passando pela prepara\u00e7\u00e3o para receber a Eucaristia e a Crisma. A catequese ajuda a aprofundar o conhecimento dos mist\u00e9rios que est\u00e3o por detr\u00e1s dos Sacramentos, sobretudo da celebra\u00e7\u00e3o eucar\u00edstica. A catequese ajuda a celebr\u00e1-los, viv\u00ea-los e entend\u00ea-los na nossa vida de f\u00e9. Para poder participar vivamente e n\u00e3o como meros expectadores que est\u00e3o ali sem entender nada.<\/p>\n<p style=\"text-align: justify\">A catequese nos d\u00e1 a forma\u00e7\u00e3o moral nos ensinando a evitar aquilo que desagrada a Deus, optando pelo caminho do bem e n\u00e3o do mal. A catequese nos educa liturgicamente a como se comportar em uma celebra\u00e7\u00e3o Eucar\u00edstica e nos prepara para a vida comunit\u00e1ria, participando dos mist\u00e9rios da Sant\u00edssima Trindade junto com os demais membros da comunidade. A catequese nos ajuda a entender a import\u00e2ncia da miss\u00e3o na vida da Igreja e nos inspira a preparar tamb\u00e9m outras pessoas para seguirem Jesus, que \u00e9 o caminho, a verdade e a vida.<\/p>\n<p style=\"text-align: justify\">Jesus Cristo \u00e9 a\u00a0<i>Palavra de Deus,\u00a0<\/i>na Celebra\u00e7\u00e3o Eucar\u00edstica participamos de duas grandes mesas: a mesa da Palavra e a mesa da Eucaristia, tendo sempre como centro Jesus Cristo, por isso antes de mais nada a Palavra transmitida pela catequese \u00e9\u00a0<i>cristoc\u00eantrica.\u00a0<\/i>Os Evangelhos narram a vida de Jesus, por isso est\u00e3o no centro da mensagem catequ\u00e9tica, que \u00e9 o estudo aprofundado do Evangelho.<\/p>\n<p style=\"text-align: justify\">A mensagem evang\u00e9lica sobretudo anuncia a \u201cSalva\u00e7\u00e3o\u201d querida por Deus em Jesus Cristo, pois a Palavra de Deus \u00e9 Palavra de Salva\u00e7\u00e3o e aqueles que se encontram ca\u00eddos e perdidos, por meio da transmiss\u00e3o da Palavra s\u00e3o convidados a se levantar, a se encontrar e fazer parte da miss\u00e3o da Igreja.<\/p>\n<p style=\"text-align: justify\">Aquilo que est\u00e1 contido na Palavra de Deus \u00e9 aquilo que a Igreja professa como F\u00e9. Na Palavra de Deus est\u00e3o contidos os S\u00edmbolos apost\u00f3licos e os Sacramentos que nos fazem caminhar e acreditar no amor misericordioso de Deus por n\u00f3s.<\/p>\n<p style=\"text-align: justify\">Por meio do Catecismo da Igreja Cat\u00f3lica os catequistas podem tomar por base o ensinamento da Igreja vindo do Magist\u00e9rio e aquilo que orienta a nossa vida de f\u00e9 enquanto crist\u00e3os. O Catecismo presta um servi\u00e7o eclesial a Igreja.<\/p>\n<p style=\"text-align: justify\">Tudo aquilo que aprendemos na catequese levamos para o resto da nossa vida, pois faz surgir no homem as esperan\u00e7as e os anseios por dias melhores e faz crescer a f\u00e9 que deve ser sempre alimentada pela Palavra de Deus. Cabe aos catequizandos n\u00e3o guardar para si aquilo que recebem, mas transmitir aos outros. A Palavra de Deus nos torna pessoas melhores e respons\u00e1veis pelas nossas coisas e pelas coisas de Deus.<\/p>\n<p style=\"text-align: justify\">Portanto, a Palavra de Deus e a catequese sempre v\u00e3o caminhar juntas e tendo fundamentalmente como objetivo ser o alimento para fortalecer todos aqueles que dela necessitam; essa Palavra nos encoraja para a miss\u00e3o, para n\u00e3o deixar nunca que essa palavra \u201cmorra\u201d, mas sempre continue viva e eficaz na vida da Igreja.<\/p>\n<p style=\"text-align: justify\">A catequese e a transmiss\u00e3o da f\u00e9 s\u00e3o aspectos permanentes na vida da Igreja, e o s\u00e3o para a vida toda; podem come\u00e7ar quando somos crian\u00e7as ou somente quando j\u00e1 estamos na fase adulta, mas sempre \u00e9 tempo para optar pelos caminhos de Deus e crescer na f\u00e9.<\/p>\n<p style=\"text-align: justify\">Que Deus auxilie todos os catequistas e catequizandos a continuarem firmes em sua miss\u00e3o de ensinar e aprender dando sempre testemunho de que s\u00e3o propagadores da Palavra de Deus.<\/p>\n<p style=\"text-align: justify\">Que o novo Diret\u00f3rio para a Catequese, promulgado em 23 de mar\u00e7o de 2020, e tornado p\u00fablico pelo Pontif\u00edcio Conselho para a Promo\u00e7\u00e3o da Nova Evangeliza\u00e7\u00e3o no dia 25 de junho de 2020 produza muitos frutos em toda a a\u00e7\u00e3o da Igreja que peregrina pelo mundo!<\/p>\n<p>&nbsp;<\/p>\n<p align=\"right\">\n","protected":false},"excerpt":{"rendered":"<p>Cardeal Orani Jo\u00e3o Tempesta Arcebispo do Rio de Janeiro (RJ) \u00a0 A Igreja v\u00ea com grande import\u00e2ncia o an\u00fancio da Palavra de Deus e a catequese est\u00e1 em sua ess\u00eancia evangelizadora. Por isso ela sempre se preocupou em formar catequistas para que, com experi\u00eancia, possam transmitir aos catec\u00famenos a mensagem do Evangelho. A Igreja est\u00e1 &hellip;<\/p>\n<p class=\"read-more\"> <a class=\"\" href=\"https:\/\/www.cnbb.org.br\/catequese-e-a-palavra\/\"> <span class=\"screen-reader-text\">Catequese e a Palavra<\/span> Leia mais &raquo;<\/a><\/p>\n","protected":false},"author":31,"featured_media":0,"comment_status":"closed","ping_status":"open","sticky":false,"template":"","format":"standard","meta":{"site-sidebar-layout":"default","site-content-layout":"default","ast-global-header-display":"","ast-banner-title-visibility":"","ast-main-header-display":"","ast-hfb-above-header-display":"","ast-hfb-below-header-display":"","ast-hfb-mobile-header-display":"","site-post-title":"","ast-breadcrumbs-content":"","ast-featured-img":"","footer-sml-layout":"","theme-transparent-header-meta":"","adv-header-id-meta":"","stick-header-meta":"","header-above-stick-meta":"","header-main-stick-meta":"","header-below-stick-meta":""},"categories":[758],"tags":[],"acf":[],"_links":{"self":[{"href":"https:\/\/www.cnbb.org.br\/cnbb-app\/wp\/v2\/posts\/241634"}],"collection":[{"href":"https:\/\/www.cnbb.org.br\/cnbb-app\/wp\/v2\/posts"}],"about":[{"href":"https:\/\/www.cnbb.org.br\/cnbb-app\/wp\/v2\/types\/post"}],"author":[{"embeddable":true,"href":"https:\/\/www.cnbb.org.br\/cnbb-app\/wp\/v2\/users\/31"}],"replies":[{"embeddable":true,"href":"https:\/\/www.cnbb.org.br\/cnbb-app\/wp\/v2\/comments?post=241634"}],"version-history":[{"count":0,"href":"https:\/\/www.cnbb.org.br\/cnbb-app\/wp\/v2\/posts\/241634\/revisions"}],"wp:attachment":[{"href":"https:\/\/www.cnbb.org.br\/cnbb-app\/wp\/v2\/media?parent=241634"}],"wp:term":[{"taxonomy":"category","embeddable":true,"href":"https:\/\/www.cnbb.org.br\/cnbb-app\/wp\/v2\/categories?post=241634"},{"taxonomy":"post_tag","embeddable":true,"href":"https:\/\/www.cnbb.org.br\/cnbb-app\/wp\/v2\/tags?post=241634"}],"curies":[{"name":"wp","href":"https:\/\/api.w.org\/{rel}","templated":true}]}}