{"id":241769,"date":"2020-07-03T15:37:07","date_gmt":"2020-07-03T18:37:07","guid":{"rendered":"https:\/\/www.cnbb.org.br\/?p=241769"},"modified":"2020-07-03T15:37:07","modified_gmt":"2020-07-03T18:37:07","slug":"em-180-anos-pela-1a-vez-a-festa-do-pai-eterno-acontece-sem-participacao-dos-fieis","status":"publish","type":"post","link":"https:\/\/www.cnbb.org.br\/em-180-anos-pela-1a-vez-a-festa-do-pai-eterno-acontece-sem-participacao-dos-fieis\/","title":{"rendered":"Em 180 anos, pela 1\u00aa vez a festa do Pai Eterno acontece sem participa\u00e7\u00e3o dos fi\u00e9is"},"content":{"rendered":"<p style=\"text-align: justify\">Pela primeira vez, em 180 anos, a tradicional festa do Divino Pai Eterno, o segundo maior evento religioso do Brasil que atrai mais de 3 milh\u00f5es de romeiros durante os 10 dias de devo\u00e7\u00e3o, acontecer\u00e1 de forma virtual pelos meios de comunica\u00e7\u00e3o da Associa\u00e7\u00e3o Filhos do Pai Eterno, sem a participa\u00e7\u00e3o dos devotos e presen\u00e7a f\u00edsica dos fi\u00e9is. A Festa acontece no per\u00edodo de 26 de junho a 05 de julho. Neste ano celebra-se o Jubileu de 180 anos de origem desta devo\u00e7\u00e3o no cora\u00e7\u00e3o do Brasil.<\/p>\n<p style=\"text-align: justify\">O an\u00fancio foi feito ainda em maio, no dia 15, ap\u00f3s reuni\u00e3o na sede da Associa\u00e7\u00e3o Filhos do Pai Eterno (Afipe), em Trindade. O encontro contou com as presen\u00e7as do reitor do Santu\u00e1rio Bas\u00edlica, padre Robson Oliveira, prefeito J\u00e2nio Darrot, secret\u00e1rio de Comunica\u00e7\u00e3o, Gustavo Queiroz, representantes da Igreja Cat\u00f3lica, do Governo de Goi\u00e1s e das for\u00e7as de Seguran\u00e7a P\u00fablica.<\/p>\n<figure id=\"attachment_241785\" aria-describedby=\"caption-attachment-241785\" style=\"width: 300px\" class=\"wp-caption alignleft\"><a href=\"https:\/\/www.cnbb.org.br\/wp-content\/uploads\/2020\/07\/Padre-Robson.jpg\" data-rel=\"lightbox-image-0\" data-rl_title=\"\" data-rl_caption=\"\" title=\"\"><img decoding=\"async\" loading=\"lazy\" class=\"wp-image-241785 size-medium\" src=\"https:\/\/www.cnbb.org.br\/wp-content\/uploads\/2020\/07\/Padre-Robson-300x200.jpg\" alt=\"\" width=\"300\" height=\"200\" srcset=\"https:\/\/www.cnbb.org.br\/wp-content\/uploads\/2020\/07\/Padre-Robson-300x200.jpg 300w, https:\/\/www.cnbb.org.br\/wp-content\/uploads\/2020\/07\/Padre-Robson-1024x683.jpg 1024w, https:\/\/www.cnbb.org.br\/wp-content\/uploads\/2020\/07\/Padre-Robson-768x512.jpg 768w, https:\/\/www.cnbb.org.br\/wp-content\/uploads\/2020\/07\/Padre-Robson-391x260.jpg 391w, https:\/\/www.cnbb.org.br\/wp-content\/uploads\/2020\/07\/Padre-Robson-500x333.jpg 500w, https:\/\/www.cnbb.org.br\/wp-content\/uploads\/2020\/07\/Padre-Robson.jpg 1368w\" sizes=\"(max-width: 300px) 100vw, 300px\" \/><\/a><figcaption id=\"caption-attachment-241785\" class=\"wp-caption-text\">Reitor do Santu\u00e1rio Bas\u00edlica dedicado ao Pai Eterno, padre Robson Oliveira. Fotos: Afipe<\/figcaption><\/figure>\n<p style=\"text-align: justify\">O reitor do Santu\u00e1rio Bas\u00edlica, padre Robson Oliveira, falou ao portal da Confer\u00eancia Nacional dos Bispos do Brasil\u00a0 (CNBB) sobre qual o significado tem celebrar esta festa com o santu\u00e1rio vazio.<\/p>\n<p style=\"text-align: justify\"><em>&#8220;A devo\u00e7\u00e3o ao Pai Eterno completa 180 anos desde a sua origem e, nunca na hist\u00f3ria, imaginamos que passar\u00edamos por uma situa\u00e7\u00e3o como esta, de ter que celebrar sem p\u00fablico, com a igreja de portas fechadas e vazia&#8221;<\/em>, disse.<\/p>\n<p style=\"text-align: justify\">O padre Robson disse que o cora\u00e7\u00e3o est\u00e1 bastante apertado porque a realidade no dia a dia do santu\u00e1rio e, especialmente, aos finais de semana, \u00e9 totalmente o contr\u00e1rio. &#8220;O normal \u00e9 sempre ver o Santu\u00e1rio movimentado, repleto de romeiros, que nos trazem alegria e as mais diversas express\u00f5es de f\u00e9. Por\u00e9m, em tudo Deus tem um prop\u00f3sito. Por isso, penso que esta seja uma oportunidade de aprendermos a dar mais valor aos verdadeiros tesouros de nossa vida, que s\u00e3o a nossa fam\u00edlia, nossos amigos e, principalmente, a nossa unidade e comunh\u00e3o com Deus&#8221;, avaliou.<\/p>\n<p style=\"text-align: justify\">Para ele, muitas vezes, a correria n\u00e3o permite enxergar a import\u00e2ncia da fam\u00edlia, dos amigos e da comunh\u00e3o com Deus. &#8220;Sendo obrigados a dar uma pausa &#8211; claro que nem todos tem essa op\u00e7\u00e3o, como por exemplo as pessoas que trabalham nos servi\u00e7os essenciais &#8211; , temos a chance de olhar para n\u00f3s mesmos, de perceber as belezas e a grandeza de Deus em nossas vidas. Tenho muita f\u00e9 e esperan\u00e7a que, quando tudo isso passar, seremos pessoas melhores, que buscam mais a Deus e que sabem expressar mais o seu amor e a sua gratid\u00e3o a Deus e aos que fazem parte do nosso conv\u00edvio&#8221;, apontou.<\/p>\n<p><strong>Elo com os devotos<\/strong><\/p>\n<p style=\"text-align: justify\">O reitor do Santu\u00e1rio Bas\u00edlica informou que desde o dia 19 de mar\u00e7o, quando saiu o decreto do Estado de Goi\u00e1s e a orienta\u00e7\u00e3o da Arquidiocese de Goi\u00e2nia para a realiza\u00e7\u00e3o de missas <em>sine populo<\/em> (sem a presen\u00e7a dos fi\u00e9is), est\u00e1 sendo feito tudo para que os fi\u00e9is se sintam acolhidos e amparados pelo amor do Pai Eterno, em suas casas.<\/p>\n<p style=\"text-align: justify\">Neste tempo de novo coronav\u00edrus, todas as celebra\u00e7\u00f5es s\u00e3o realizadas com transmiss\u00e3o pela TV Pai Eterno e tamb\u00e9m pela internet, por meio de aplicativo, portal e nas redes sociais. Al\u00e9m disso, a TV Pai Eterno, que trabalha 24h por dia, em comunh\u00e3o com o Santu\u00e1rio Bas\u00edlica, tem transmitido tamb\u00e9m um momento de Adora\u00e7\u00e3o ao Sant\u00edssimo Sacramento, de segunda a sexta, direto do Santu\u00e1rio.<\/p>\n<p style=\"text-align: justify\">O padre Robson destaca que, na TV Pai Eterno, a programa\u00e7\u00e3o \u00e9 toda pensada para fomentar a espiritualidade e a f\u00e9 dos telespectadores que, mesmo em suas casas,&#8221;podem sentir a presen\u00e7a de Deus, nosso Pai, e tamb\u00e9m de Maria Sant\u00edssima, nossa M\u00e3e t\u00e3o querida que olha e intercede por n\u00f3s a todo momento&#8221;.<\/p>\n<p style=\"text-align: justify\"><strong><a href=\"https:\/\/www.cnbb.org.br\/wp-content\/uploads\/2020\/07\/Irm\u00e3o-no-Pai-Eterno.jpg\" data-rel=\"lightbox-image-1\" data-rl_title=\"\" data-rl_caption=\"\" title=\"\"><img decoding=\"async\" loading=\"lazy\" class=\"alignnone size-full wp-image-241788\" src=\"https:\/\/www.cnbb.org.br\/wp-content\/uploads\/2020\/07\/Irm\u00e3o-no-Pai-Eterno.jpg\" alt=\"\" width=\"1368\" height=\"912\" srcset=\"https:\/\/www.cnbb.org.br\/wp-content\/uploads\/2020\/07\/Irm\u00e3o-no-Pai-Eterno.jpg 1368w, https:\/\/www.cnbb.org.br\/wp-content\/uploads\/2020\/07\/Irm\u00e3o-no-Pai-Eterno-300x200.jpg 300w, https:\/\/www.cnbb.org.br\/wp-content\/uploads\/2020\/07\/Irm\u00e3o-no-Pai-Eterno-1024x683.jpg 1024w, https:\/\/www.cnbb.org.br\/wp-content\/uploads\/2020\/07\/Irm\u00e3o-no-Pai-Eterno-768x512.jpg 768w, https:\/\/www.cnbb.org.br\/wp-content\/uploads\/2020\/07\/Irm\u00e3o-no-Pai-Eterno-391x260.jpg 391w, https:\/\/www.cnbb.org.br\/wp-content\/uploads\/2020\/07\/Irm\u00e3o-no-Pai-Eterno-500x333.jpg 500w\" sizes=\"(max-width: 1368px) 100vw, 1368px\" \/><\/a>Programa\u00e7\u00e3o:<\/strong><br \/>\nEm dias normais s\u00e3o duas missas di\u00e1rias, uma \u00e0s 7h e outra \u00e0s 19h. No domingo, est\u00e1 programado a Ora\u00e7\u00e3o do Ter\u00e7o, \u00e0s 8h, e missas \u00e0s 9h e 17h30.<\/p>\n<p>&nbsp;    \t<\/p>\n","protected":false},"excerpt":{"rendered":"<p>O reitor do Santu\u00e1rio, padre Robson Oliveira, falou ao portal da CNBB sobre o significado de celebrar com o santu\u00e1rio vazio<\/p>\n","protected":false},"author":83,"featured_media":241784,"comment_status":"closed","ping_status":"open","sticky":false,"template":"","format":"standard","meta":{"site-sidebar-layout":"default","site-content-layout":"default","ast-global-header-display":"","ast-banner-title-visibility":"","ast-main-header-display":"","ast-hfb-above-header-display":"","ast-hfb-below-header-display":"","ast-hfb-mobile-header-display":"","site-post-title":"","ast-breadcrumbs-content":"","ast-featured-img":"","footer-sml-layout":"","theme-transparent-header-meta":"","adv-header-id-meta":"","stick-header-meta":"","header-above-stick-meta":"","header-main-stick-meta":"","header-below-stick-meta":""},"categories":[841],"tags":[1890,1891],"acf":[],"_links":{"self":[{"href":"https:\/\/www.cnbb.org.br\/cnbb-app\/wp\/v2\/posts\/241769"}],"collection":[{"href":"https:\/\/www.cnbb.org.br\/cnbb-app\/wp\/v2\/posts"}],"about":[{"href":"https:\/\/www.cnbb.org.br\/cnbb-app\/wp\/v2\/types\/post"}],"author":[{"embeddable":true,"href":"https:\/\/www.cnbb.org.br\/cnbb-app\/wp\/v2\/users\/83"}],"replies":[{"embeddable":true,"href":"https:\/\/www.cnbb.org.br\/cnbb-app\/wp\/v2\/comments?post=241769"}],"version-history":[{"count":0,"href":"https:\/\/www.cnbb.org.br\/cnbb-app\/wp\/v2\/posts\/241769\/revisions"}],"wp:featuredmedia":[{"embeddable":true,"href":"https:\/\/www.cnbb.org.br\/cnbb-app\/wp\/v2\/media\/241784"}],"wp:attachment":[{"href":"https:\/\/www.cnbb.org.br\/cnbb-app\/wp\/v2\/media?parent=241769"}],"wp:term":[{"taxonomy":"category","embeddable":true,"href":"https:\/\/www.cnbb.org.br\/cnbb-app\/wp\/v2\/categories?post=241769"},{"taxonomy":"post_tag","embeddable":true,"href":"https:\/\/www.cnbb.org.br\/cnbb-app\/wp\/v2\/tags?post=241769"}],"curies":[{"name":"wp","href":"https:\/\/api.w.org\/{rel}","templated":true}]}}