{"id":24183,"date":"2011-04-15T00:00:00","date_gmt":"2011-04-15T03:00:00","guid":{"rendered":"https:\/\/www.cnbb.org.br\/via-sacra-da-terra-na-diocese-de-santarem\/"},"modified":"2011-04-15T00:00:00","modified_gmt":"2011-04-15T03:00:00","slug":"via-sacra-da-terra-na-diocese-de-santarem","status":"publish","type":"post","link":"https:\/\/www.cnbb.org.br\/via-sacra-da-terra-na-diocese-de-santarem\/","title":{"rendered":"\u201cVia Sacra da Terra\u201d na diocese de Santar\u00e9m"},"content":{"rendered":"<p style=\"text-align: justify\">Nesta sexta-feira, \u00e0s 18h, a diocese de Santar\u00e9m (PA) promove, por meio da Pastoral Urbana, a Via Sacra da Terra. O evento acontece na igreja de Santo Ant\u00f4nio, bairro do Laguinho, local de medita\u00e7\u00e3o da 1\u00aa Esta\u00e7\u00e3o.<\/p>\n<p><!--more--><\/p>\n<p style=\"text-align: justify\">Com in\u00edcio na Avenida Tapaj\u00f3s a Via Sacra ter\u00e1 14 paradas at\u00e9 a igreja S\u00e3o Sebasti\u00e3o onde ser\u00e1 meditada a 15\u00aa Esta\u00e7\u00e3o. No percurso, as comunidades e \u00e1reas pastorais fazem a mem\u00f3ria do sofrimento, morte e ressurrei\u00e7\u00e3o de Jesus. As medita\u00e7\u00f5es destacam ainda a Campanha da Fraternidade deste ano, \u201cFraternidade e a Vida no Planeta\u201d.<\/p>\n<p style=\"text-align: justify\">A Via Sacra \u00e9 uma caminhada penitencial que ajuda na prepara\u00e7\u00e3o para a festa da P\u00e1scoa. Devem participar comunidades, estudantes, trabalhadores e a popula\u00e7\u00e3o em geral, e ter\u00e1 a participa\u00e7\u00e3o do bispo da diocese, dom Esmeraldo Barreto de Farias.<\/p>\n","protected":false},"excerpt":{"rendered":"<p>Nesta sexta-feira, \u00e0s 18h, a diocese de Santar\u00e9m (PA) promove, por meio da Pastoral Urbana, a Via Sacra da Terra. O evento acontece na igreja de Santo Ant\u00f4nio, bairro do Laguinho, local de medita\u00e7\u00e3o da 1\u00aa Esta\u00e7\u00e3o.<\/p>\n","protected":false},"author":83,"featured_media":24184,"comment_status":"open","ping_status":"open","sticky":false,"template":"","format":"standard","meta":{"site-sidebar-layout":"default","site-content-layout":"default","ast-global-header-display":"","ast-banner-title-visibility":"","ast-main-header-display":"","ast-hfb-above-header-display":"","ast-hfb-below-header-display":"","ast-hfb-mobile-header-display":"","site-post-title":"","ast-breadcrumbs-content":"","ast-featured-img":"","footer-sml-layout":"","theme-transparent-header-meta":"","adv-header-id-meta":"","stick-header-meta":"","header-above-stick-meta":"","header-main-stick-meta":"","header-below-stick-meta":""},"categories":[822,769],"tags":[],"acf":[],"_links":{"self":[{"href":"https:\/\/www.cnbb.org.br\/cnbb-app\/wp\/v2\/posts\/24183"}],"collection":[{"href":"https:\/\/www.cnbb.org.br\/cnbb-app\/wp\/v2\/posts"}],"about":[{"href":"https:\/\/www.cnbb.org.br\/cnbb-app\/wp\/v2\/types\/post"}],"author":[{"embeddable":true,"href":"https:\/\/www.cnbb.org.br\/cnbb-app\/wp\/v2\/users\/83"}],"replies":[{"embeddable":true,"href":"https:\/\/www.cnbb.org.br\/cnbb-app\/wp\/v2\/comments?post=24183"}],"version-history":[{"count":0,"href":"https:\/\/www.cnbb.org.br\/cnbb-app\/wp\/v2\/posts\/24183\/revisions"}],"wp:featuredmedia":[{"embeddable":true,"href":"https:\/\/www.cnbb.org.br\/cnbb-app\/wp\/v2\/media\/24184"}],"wp:attachment":[{"href":"https:\/\/www.cnbb.org.br\/cnbb-app\/wp\/v2\/media?parent=24183"}],"wp:term":[{"taxonomy":"category","embeddable":true,"href":"https:\/\/www.cnbb.org.br\/cnbb-app\/wp\/v2\/categories?post=24183"},{"taxonomy":"post_tag","embeddable":true,"href":"https:\/\/www.cnbb.org.br\/cnbb-app\/wp\/v2\/tags?post=24183"}],"curies":[{"name":"wp","href":"https:\/\/api.w.org\/{rel}","templated":true}]}}