{"id":241892,"date":"2020-07-06T15:32:29","date_gmt":"2020-07-06T18:32:29","guid":{"rendered":"https:\/\/www.cnbb.org.br\/?p=241892"},"modified":"2020-07-06T15:32:29","modified_gmt":"2020-07-06T18:32:29","slug":"diocese-de-palmares-pe-realiza-dia-de-oracao-pela-saude-de-dom-henrique-soares","status":"publish","type":"post","link":"https:\/\/www.cnbb.org.br\/diocese-de-palmares-pe-realiza-dia-de-oracao-pela-saude-de-dom-henrique-soares\/","title":{"rendered":"Diocese de Palmares (PE) realiza dia de ora\u00e7\u00e3o pela sa\u00fade de dom Henrique Soares"},"content":{"rendered":"<p style=\"text-align: justify\" data-raofz=\"15\">A\u00a0<a role=\"link\" href=\"http:\/\/diocesepalmares.com.br\/\" data-raofz=\"15\" target=\"_blank\" rel=\"noopener\"><strong>Diocese de Palmares<\/strong><\/a>, na zona da mata sul de Pernambuco, promove, desde o meio-dia desta segunda (6), 24 horas de ora\u00e7\u00e3o pelo bispo, dom Henrique Soares da Costa. A iniciativa tem o objetivo de unir leigos, cl\u00e9rigos e religiosos em uma corrente de intercess\u00e3o pela sa\u00fade do prelado.<\/p>\n<p style=\"text-align: justify\" data-raofz=\"15\"><a role=\"link\" href=\"http:\/\/cnbbne2.org.br\/bispo-de-palmares-pe-dom-henrique-soares-e-internado-com-crise-respiratoria\/\" rel=\"noopener noreferrer\" data-raofz=\"15\" target=\"_blank\"><strong>Dom Henrique foi internado no s\u00e1bado (4)<\/strong><\/a>, na UTI do Hospital Memorial S\u00e3o Jos\u00e9, no Recife, ap\u00f3s apresentar um quadro de crise respirat\u00f3ria. Segundo o vig\u00e1rio geral da Diocese de Palmares, padre Noberto Penzkofer, em nota divulgada neste domingo (5), o bispo respira por conta pr\u00f3pria e seu estado de sa\u00fade geral \u00e9 est\u00e1vel.<\/p>\n<p data-raofz=\"15\"><a href=\"http:\/\/cnbbne2.org.br\/diocese-de-palmares-pe-realizara-dia-de-oracao-pela-saude-de-dom-henrique-soares\/\" target=\"_blank\" rel=\"noopener\">Confira a not\u00edcia na \u00edntegra.\u00a0<\/a><\/p>\n","protected":false},"excerpt":{"rendered":"<p>Dom Henrique foi internado no s\u00e1bado (4), na UTI do Hospital Memorial S\u00e3o Jos\u00e9, no Recife, ap\u00f3s apresentar um quadro de crise respirat\u00f3ria<\/p>\n","protected":false},"author":83,"featured_media":241897,"comment_status":"closed","ping_status":"open","sticky":false,"template":"","format":"standard","meta":{"site-sidebar-layout":"default","site-content-layout":"default","ast-global-header-display":"","ast-banner-title-visibility":"","ast-main-header-display":"","ast-hfb-above-header-display":"","ast-hfb-below-header-display":"","ast-hfb-mobile-header-display":"","site-post-title":"","ast-breadcrumbs-content":"","ast-featured-img":"","footer-sml-layout":"","theme-transparent-header-meta":"","adv-header-id-meta":"","stick-header-meta":"","header-above-stick-meta":"","header-main-stick-meta":"","header-below-stick-meta":""},"categories":[770],"tags":[],"acf":[],"_links":{"self":[{"href":"https:\/\/www.cnbb.org.br\/cnbb-app\/wp\/v2\/posts\/241892"}],"collection":[{"href":"https:\/\/www.cnbb.org.br\/cnbb-app\/wp\/v2\/posts"}],"about":[{"href":"https:\/\/www.cnbb.org.br\/cnbb-app\/wp\/v2\/types\/post"}],"author":[{"embeddable":true,"href":"https:\/\/www.cnbb.org.br\/cnbb-app\/wp\/v2\/users\/83"}],"replies":[{"embeddable":true,"href":"https:\/\/www.cnbb.org.br\/cnbb-app\/wp\/v2\/comments?post=241892"}],"version-history":[{"count":0,"href":"https:\/\/www.cnbb.org.br\/cnbb-app\/wp\/v2\/posts\/241892\/revisions"}],"wp:featuredmedia":[{"embeddable":true,"href":"https:\/\/www.cnbb.org.br\/cnbb-app\/wp\/v2\/media\/241897"}],"wp:attachment":[{"href":"https:\/\/www.cnbb.org.br\/cnbb-app\/wp\/v2\/media?parent=241892"}],"wp:term":[{"taxonomy":"category","embeddable":true,"href":"https:\/\/www.cnbb.org.br\/cnbb-app\/wp\/v2\/categories?post=241892"},{"taxonomy":"post_tag","embeddable":true,"href":"https:\/\/www.cnbb.org.br\/cnbb-app\/wp\/v2\/tags?post=241892"}],"curies":[{"name":"wp","href":"https:\/\/api.w.org\/{rel}","templated":true}]}}