{"id":241908,"date":"2020-07-06T15:46:03","date_gmt":"2020-07-06T18:46:03","guid":{"rendered":"https:\/\/www.cnbb.org.br\/?p=241908"},"modified":"2020-09-08T13:52:26","modified_gmt":"2020-09-08T16:52:26","slug":"mundo-pos-pandemia","status":"publish","type":"post","link":"https:\/\/www.cnbb.org.br\/mundo-pos-pandemia\/","title":{"rendered":"Mundo p\u00f3s pandemia"},"content":{"rendered":"<p style=\"text-align: right\"><strong>Dom Pedro Carlos Cipollini<br \/>\nBispo de Santo Andr\u00e9 (SP)<br \/>\n<\/strong><\/p>\n<p>&nbsp;<\/p>\n<p style=\"text-align: justify\">A pandemia do coronav\u00edrus (declarada em 11 de mar\u00e7o de 2020) \u00e9 o primeiro evento verdadeiramente global. Deixar\u00e1 uma marca profunda em nosso tempo. Vai afetar nossa forma de pensar o poder, a economia, a sociedade e a vida.<\/p>\n<p style=\"text-align: justify\">\u00c9 a pr\u00f3pria alma da sociedade, ou seja, a rela\u00e7\u00e3o inter-humana, que \u00e9 posta em causa e o mundo que sair\u00e1 deste acontecimento ser\u00e1 diferente. Melhor ou pior? Quem sabe? Depender\u00e1 desta gera\u00e7\u00e3o e da pr\u00f3xima.<\/p>\n<p style=\"text-align: justify\">As imagens das filas, de pessoas com m\u00e1scaras, de doentes em hospitais, e caix\u00f5es de mortos indo para o sepultamento, ficar\u00e3o na mem\u00f3ria por muito tempo. O cont\u00e1gio da doen\u00e7a aumentou o fosso socioecon\u00f4mico e aponta para o distanciamento entre pa\u00edses pobres e ricos, ap\u00f3s a pandemia.<\/p>\n<p style=\"text-align: justify\">A pobreza global aumentar\u00e1 este ano pela primeira vez em duas d\u00e9cadas, segundo dados de institui\u00e7\u00f5es internacionais. Vai atingir perto de 8% da popula\u00e7\u00e3o e significar\u00e1 mais fome. Esta sim, outra pandemia por vir, seguindo a cl\u00e1ssica trilogia apocal\u00edptica: peste, fome e guerra.<\/p>\n<p style=\"text-align: justify\">Neste contexto dram\u00e1tico, em que somente aqui no Grande ABC j\u00e1 morreram mais de mil pessoas, \u00e9 preciso optar pela vida, para se evitar o pior. Pior? Sim, sempre pode piorar! Jesus Cristo indica a sacralidade da vida humana diante de todas as outras op\u00e7\u00f5es.<\/p>\n<p style=\"text-align: justify\">H\u00e1 uma diferen\u00e7a essencial entre uma pol\u00edtica feita em nome da vida, e outra que faz da morte de alguns, condi\u00e7\u00e3o da vida de outros. Foi por isso que, apesar da dificuldade de aceitar o auto isolamento do clero, e o cancelamento das celebra\u00e7\u00f5es presenciais nas igrejas, vimos nesta medida, a retid\u00e3o e o bom senso. Caso contr\u00e1rio, nos tornar\u00edamos n\u00f3s pr\u00f3prios instrumentos de cont\u00e1gio.<\/p>\n<p style=\"text-align: justify\">A solidariedade \u00e9 nossa resposta de f\u00e9 \u00e0 tristeza e ao drama que se abateu sobre nossas comunidades, e sobre o mundo todo. \u201cEstamos todos no mesmo barco e precisamos remar juntos\u201d (Papa Francisco). O voluntariado adquire hoje toda sua beleza e for\u00e7a diante desta crise. Voluntariado feito de ren\u00fancias, generosidade, sacrif\u00edcio e amor. Estas s\u00e3o as for\u00e7as inspiradoras da gra\u00e7a de Deus que pode fazer tudo renascer: \u201cEis que fa\u00e7o novas todas as coisas (Ap. 21,5).<\/p>\n<p style=\"text-align: justify\">Deus age, assim como fez ap\u00f3s o dil\u00favio, ap\u00f3s o \u00eaxodo, ap\u00f3s a morte de Jesus na Cruz\u2026 \u00c9 neste fazer nova todas as coisas, que os crist\u00e3os tem um papel importante, uma miss\u00e3o \u201cespiritual\u201d. \u00c9 dar alma aos acontecimentos em favor da justi\u00e7a e da paz, constru\u00e7\u00f5es cont\u00ednuas, a serem sempre recome\u00e7adas e nunca terminadas na hist\u00f3ria direcionada para o Reino de Deus.<\/p>\n<p style=\"text-align: justify\">Em qualquer situa\u00e7\u00e3o humana a testemunha atesta o que foi dito e feito por outro. E n\u00f3s somos testemunhas de Jesus Cristo, Filho de Deus que morreu e ressuscitou: est\u00e1 vivo! Com Ele o dom\u00ednio da morte acabou. Por isso, tranquilizemo-nos uns aos outros quanto \u00e0 vit\u00f3ria final do amor.<\/p>\n<p style=\"text-align: justify\">Jesus disse: \u201cMeu Pai age sempre e eu tamb\u00e9m trabalho\u201d (Jo 5,17). Precisamos discernir a a\u00e7\u00e3o de Deus mesmo em meio a esta pandemia e perceber o que Ele pede de n\u00f3s para o futuro.<\/p>\n<p style=\"text-align: justify\">Ouso enumerar aqui algumas intui\u00e7\u00f5es de muitas pessoas neste tempo, com o olhar voltado para o futuro que se anuncia no p\u00f3s-pandemia: N\u00e3o apostar no mito de um progresso ilimitado que prescinde de Deus.\u00a0 A fam\u00edlia humana deve ser solid\u00e1ria em todos os \u00e2mbitos da exist\u00eancia. Uma ecologia integral que preserve a cria\u00e7\u00e3o, a casa comum \u00e9 tarefa urgente. Educar as mentes, mas antes, os cora\u00e7\u00f5es.\u00a0 O ser humano deve reconhecer seus limites e fragilidades: n\u00e3o somos donos de nossas vidas. A par dos direitos e liberdade, existem os deveres e responsabilidades sociais uns para com os outros.<\/p>\n<p style=\"text-align: justify\">Que Deus nos d\u00ea coragem e nos ajude. Para Ele nada \u00e9 imposs\u00edvel.<\/p>\n<p style=\"text-align: justify\">\n","protected":false},"excerpt":{"rendered":"<p>Dom Pedro Carlos Cipollini Bispo de Santo Andr\u00e9 (SP) &nbsp; A pandemia do coronav\u00edrus (declarada em 11 de mar\u00e7o de 2020) \u00e9 o primeiro evento verdadeiramente global. Deixar\u00e1 uma marca profunda em nosso tempo. Vai afetar nossa forma de pensar o poder, a economia, a sociedade e a vida. \u00c9 a pr\u00f3pria alma da sociedade, &hellip;<\/p>\n<p class=\"read-more\"> <a class=\"\" href=\"https:\/\/www.cnbb.org.br\/mundo-pos-pandemia\/\"> <span class=\"screen-reader-text\">Mundo p\u00f3s pandemia<\/span> Leia mais &raquo;<\/a><\/p>\n","protected":false},"author":28,"featured_media":0,"comment_status":"closed","ping_status":"open","sticky":false,"template":"","format":"standard","meta":{"site-sidebar-layout":"default","site-content-layout":"default","ast-global-header-display":"","ast-banner-title-visibility":"","ast-main-header-display":"","ast-hfb-above-header-display":"","ast-hfb-below-header-display":"","ast-hfb-mobile-header-display":"","site-post-title":"","ast-breadcrumbs-content":"","ast-featured-img":"","footer-sml-layout":"","theme-transparent-header-meta":"","adv-header-id-meta":"","stick-header-meta":"","header-above-stick-meta":"","header-main-stick-meta":"","header-below-stick-meta":""},"categories":[758],"tags":[],"acf":[],"_links":{"self":[{"href":"https:\/\/www.cnbb.org.br\/cnbb-app\/wp\/v2\/posts\/241908"}],"collection":[{"href":"https:\/\/www.cnbb.org.br\/cnbb-app\/wp\/v2\/posts"}],"about":[{"href":"https:\/\/www.cnbb.org.br\/cnbb-app\/wp\/v2\/types\/post"}],"author":[{"embeddable":true,"href":"https:\/\/www.cnbb.org.br\/cnbb-app\/wp\/v2\/users\/28"}],"replies":[{"embeddable":true,"href":"https:\/\/www.cnbb.org.br\/cnbb-app\/wp\/v2\/comments?post=241908"}],"version-history":[{"count":0,"href":"https:\/\/www.cnbb.org.br\/cnbb-app\/wp\/v2\/posts\/241908\/revisions"}],"wp:attachment":[{"href":"https:\/\/www.cnbb.org.br\/cnbb-app\/wp\/v2\/media?parent=241908"}],"wp:term":[{"taxonomy":"category","embeddable":true,"href":"https:\/\/www.cnbb.org.br\/cnbb-app\/wp\/v2\/categories?post=241908"},{"taxonomy":"post_tag","embeddable":true,"href":"https:\/\/www.cnbb.org.br\/cnbb-app\/wp\/v2\/tags?post=241908"}],"curies":[{"name":"wp","href":"https:\/\/api.w.org\/{rel}","templated":true}]}}