{"id":24201,"date":"2011-05-27T00:00:00","date_gmt":"2011-05-27T03:00:00","guid":{"rendered":"https:\/\/www.cnbb.org.br\/crime-no-para-comissao-da-cnbb-divulga-declaracao\/"},"modified":"2011-05-27T00:00:00","modified_gmt":"2011-05-27T03:00:00","slug":"crime-no-para-comissao-da-cnbb-divulga-declaracao","status":"publish","type":"post","link":"https:\/\/www.cnbb.org.br\/crime-no-para-comissao-da-cnbb-divulga-declaracao\/","title":{"rendered":"Crime no Par\u00e1: Comiss\u00e3o da CNBB divulga declara\u00e7\u00e3o"},"content":{"rendered":"<p style=\"text-align: justify\">A Comiss\u00e3o Episcopal Pastoral para a Caridade, Justi\u00e7a e Paz da Confer\u00eancia Nacional dos Bispos do Brasil (CNBB) divulgou uma declara\u00e7\u00e3o sobre o assassinato dos l\u00edderes ambientalistas Jos\u00e9 Cl\u00e1udio Ribeiro da Silva e sua esposa Maria do Esp\u00edrito Santo Silva, ocorrido no dia 24, por volta das 8h em Nova Ipixuna, estado do Par\u00e1. O casal foi assassinado a tiros no interior do Projeto de Assentamento Extrativista, Praia Alta Piranheira, no munic\u00edpio de Nova Ipixuna, sudeste do estado.<\/p>\n<p><!--more--><\/p>\n<p style=\"text-align: justify\">\u201cA Comiss\u00e3o Episcopal Pastoral para o Servi\u00e7o da Caridade, da Justi\u00e7a e da Paz &#8211; CNBB se une \u00e0s in\u00fameras manifesta\u00e7\u00f5es de rep\u00fadio ao brutal assassinato do casal\u201d, diz um trecho. A Comiss\u00e3o lembra tamb\u00e9m uma declara\u00e7\u00e3o feita em novembro de 2010, por Jos\u00e9 Cl\u00e1udio diante de mais de 400 pensadores de diversas \u00e1reas do conhecimento, na qual ele disse \u201cvivo da floresta, protejo ela de todo jeito, por isso vivo com a bala na cabe\u00e7a a qualquer hora porque eu vou pra cima, eu denuncio\u201d.<\/p>\n<p style=\"text-align: justify\">Ainda na declara\u00e7\u00e3o, a Comiss\u00e3o pede, em nome das Pastorais Sociais e dos Organismos a ela vinculados, \u201csolidariedade \u00e0s comunidades da diocese de Marab\u00e1, ao povo de Nova Ipixuna e aos familiares do casal\u201d.<\/p>\n<p style=\"text-align: justify\">Leia declara\u00e7\u00e3o na \u00edntegra<\/p>\n<div style=\"text-align: center\"><strong>Declara\u00e7\u00e3o de rep\u00fadio ao assassinato do casal de extrativistas<br \/>\nno Estado do Par\u00e1<br \/>\n<\/strong><\/div>\n<p>\u201cComo a terra faz desabrochar suas sementes, Deus far\u00e1 germinar a justi\u00e7a diante de todas as na\u00e7\u00f5es\u2019 (cf. Isaias, 61,11).<\/p>\n<p style=\"text-align: justify\">A Comiss\u00e3o Episcopal Pastoral para o Servi\u00e7o da Caridade, da Justi\u00e7a e da Paz &#8211; CNBB se une \u00e0s in\u00fameras manifesta\u00e7\u00f5es de rep\u00fadio ao brutal assassinato do casal Maria do Esp\u00edrito Santo da Silva e Jos\u00e9 Cl\u00e1udio Ribeiro da Silva, l\u00edderes camponeses, ocorrido na manh\u00e3 desta ter\u00e7a-feira, 24 de maio, em Nova Ipixuna, sudeste do Par\u00e1.<\/p>\n<p style=\"text-align: justify\">Conhecido por sua lideran\u00e7a no projeto de assentamento agroextrativista Praialta-Piranheira, criado em 1997, e na associa\u00e7\u00e3o de camponeses da regi\u00e3o, o casal ganhou o respeito e a admira\u00e7\u00e3o de todos na regi\u00e3o por sua bravura na den\u00fancia da a\u00e7\u00e3o de madeireiros ilegais na floresta amaz\u00f4nica.<\/p>\n<p style=\"text-align: justify\">A declara\u00e7\u00e3o feita, em novembro de 2010, diante de mais de 400 pensadores de diversas \u00e1reas do conhecimento sob o tema da qualidade de vida no planeta, nos d\u00e1 uma dimens\u00e3o da luta e do comprometimento de Jos\u00e9 Cl\u00e1udio com a ecologia:<\/p>\n<p style=\"text-align: justify\"><em>&#8220;Vivo da floresta, protejo ela de todo jeito, por isso vivo com a bala na cabe\u00e7a a qualquer hora porque eu vou pra cima, eu denuncio. Quando vejo uma \u00e1rvore em cima do caminh\u00e3o indo pra serraria me d\u00e1 uma dor.\u00a0 \u00c9 como o cortejo f\u00fanebre levando o ente mais querido que voc\u00ea tem, porque isso \u00e9 vida pra mim que vivo na floresta e pra voc\u00eas tamb\u00e9m, que vivem nos centros urbanos&#8221;.<\/em><\/p>\n<p style=\"text-align: justify\">O assassinato de Maria e Jos\u00e9 Cl\u00e1udio, com repercuss\u00e3o internacional, traz \u00e0 mem\u00f3ria Chico Mendes e Ir. Dorothy, v\u00edtimas do mesmo poder econ\u00f4mico que avan\u00e7a sobre as florestas. A viol\u00eancia que mata estas lideran\u00e7as em nosso pa\u00eds, evidencia a urg\u00eancia de um modelo de desenvolvimento que respeite e promova a riqueza das culturas tradicionais na prote\u00e7\u00e3o, conviv\u00eancia e produtividade dos povos da floresta. Este pensamento foi expresso pela CNBB ao afirmar que:<\/p>\n<p style=\"text-align: justify\"><em>\u201cOrganizar um processo produtivo que efetive a solidariedade e harmonize as sociedades atuais com as gera\u00e7\u00f5es futuras e com o meio ambiente \u00e9 o desafio de um novo paradigma para a quest\u00e3o agr\u00e1ria no in\u00edcio do s\u00e9culo XXI\u201d.<\/em> (cf. Doc. 99, Estudos da CNBB, n\u00ba 235-236).<\/p>\n<p style=\"text-align: justify\">Em nome das Pastorais Sociais e dos Organismos a ela vinculados, a Comiss\u00e3o Pastoral para o Servi\u00e7o da Caridade, da Justi\u00e7a e da Paz &#8211; CNBB manifesta sua solidariedade \u00e0s comunidades da diocese de Marab\u00e1, ao povo de Nova Ipixuna e aos familiares do casal Maria e Jos\u00e9 Cl\u00e1udio. Exige, ao mesmo tempo, a apura\u00e7\u00e3o imediata dos crimes com a consequente puni\u00e7\u00e3o dos culpados, bem como a prote\u00e7\u00e3o a todas as lideran\u00e7as camponesas amea\u00e7adas de morte, para que flores\u00e7a a justi\u00e7a em nosso pa\u00eds.<\/p>\n<p style=\"text-align: justify\">Bras\u00edlia, DF, 26 de maio de 2011.<\/p>\n<p>&nbsp;<\/p>\n<div style=\"text-align: center\">\n<p><strong>Dom Guilherme Ant\u00f4nio Werlang MSF<\/strong><\/p>\n<p>Presidente da Comiss\u00e3o Episcopal Pastoral<br \/>\npara o Servi\u00e7o da Caridade, da Justi\u00e7a e da Paz<\/p>\n<\/div>\n","protected":false},"excerpt":{"rendered":"<p>A Comiss\u00e3o Episcopal Pastoral para a Caridade, Justi\u00e7a e Paz da Confer\u00eancia Nacional dos Bispos do Brasil (CNBB) divulgou uma declara\u00e7\u00e3o sobre o assassinato dos l\u00edderes ambientalistas Jos\u00e9 Cl\u00e1udio Ribeiro da Silva e sua esposa Maria do Esp\u00edrito Santo Silva, ocorrido no dia 24, por volta das 8h em Nova Ipixuna, estado do Par\u00e1. O &hellip;<\/p>\n<p class=\"read-more\"> <a class=\"\" href=\"https:\/\/www.cnbb.org.br\/crime-no-para-comissao-da-cnbb-divulga-declaracao\/\"> <span class=\"screen-reader-text\">Crime no Par\u00e1: Comiss\u00e3o da CNBB divulga declara\u00e7\u00e3o<\/span> Leia mais &raquo;<\/a><\/p>\n","protected":false},"author":83,"featured_media":24202,"comment_status":"open","ping_status":"open","sticky":false,"template":"","format":"standard","meta":{"site-sidebar-layout":"default","site-content-layout":"default","ast-global-header-display":"","ast-banner-title-visibility":"","ast-main-header-display":"","ast-hfb-above-header-display":"","ast-hfb-below-header-display":"","ast-hfb-mobile-header-display":"","site-post-title":"","ast-breadcrumbs-content":"","ast-featured-img":"","footer-sml-layout":"","theme-transparent-header-meta":"","adv-header-id-meta":"","stick-header-meta":"","header-above-stick-meta":"","header-main-stick-meta":"","header-below-stick-meta":""},"categories":[822,769],"tags":[],"acf":[],"_links":{"self":[{"href":"https:\/\/www.cnbb.org.br\/cnbb-app\/wp\/v2\/posts\/24201"}],"collection":[{"href":"https:\/\/www.cnbb.org.br\/cnbb-app\/wp\/v2\/posts"}],"about":[{"href":"https:\/\/www.cnbb.org.br\/cnbb-app\/wp\/v2\/types\/post"}],"author":[{"embeddable":true,"href":"https:\/\/www.cnbb.org.br\/cnbb-app\/wp\/v2\/users\/83"}],"replies":[{"embeddable":true,"href":"https:\/\/www.cnbb.org.br\/cnbb-app\/wp\/v2\/comments?post=24201"}],"version-history":[{"count":0,"href":"https:\/\/www.cnbb.org.br\/cnbb-app\/wp\/v2\/posts\/24201\/revisions"}],"wp:featuredmedia":[{"embeddable":true,"href":"https:\/\/www.cnbb.org.br\/cnbb-app\/wp\/v2\/media\/24202"}],"wp:attachment":[{"href":"https:\/\/www.cnbb.org.br\/cnbb-app\/wp\/v2\/media?parent=24201"}],"wp:term":[{"taxonomy":"category","embeddable":true,"href":"https:\/\/www.cnbb.org.br\/cnbb-app\/wp\/v2\/categories?post=24201"},{"taxonomy":"post_tag","embeddable":true,"href":"https:\/\/www.cnbb.org.br\/cnbb-app\/wp\/v2\/tags?post=24201"}],"curies":[{"name":"wp","href":"https:\/\/api.w.org\/{rel}","templated":true}]}}