{"id":242092,"date":"2020-07-09T10:49:51","date_gmt":"2020-07-09T13:49:51","guid":{"rendered":"https:\/\/www.cnbb.org.br\/?p=242092"},"modified":"2020-07-09T10:49:51","modified_gmt":"2020-07-09T13:49:51","slug":"arquidiocese-de-maceio-cria-comite-e-inicia-estudos-para-reabertura-das-igrejas","status":"publish","type":"post","link":"https:\/\/www.cnbb.org.br\/arquidiocese-de-maceio-cria-comite-e-inicia-estudos-para-reabertura-das-igrejas\/","title":{"rendered":"Arquidiocese de Macei\u00f3 cria comit\u00ea e inicia estudos para reabertura das igrejas"},"content":{"rendered":"<p style=\"text-align: justify\">A <a role=\"link\" href=\"https:\/\/www.centenarioarqmaceio.com.br\/\" rel=\"noopener noreferrer\" target=\"_blank\"><strong>arquidiocese de Macei\u00f3<\/strong><\/a>\u00a0trabalha para apresentar ainda este m\u00eas o protocolo de reabertura gradual das igrejas. O estudo ser\u00e1 desenvolvido por um comit\u00ea especial sob a coordena\u00e7\u00e3o da Pastoral da Sa\u00fade que, al\u00e9m de ter como membro o arcebispo, dom Ant\u00f4nio Muniz Fernandes, \u00e9 composto por sacerdotes e m\u00e9dicos.<\/p>\n<p style=\"text-align: justify\">O grupo foi formalizado nesta quarta (8) em reuni\u00e3o virtual, mesmo dia em que Alagoas registrou 1.213 pessoas mortas por Covid-19, e 42.322 casos confirmados de infec\u00e7\u00e3o pelo novo coronav\u00edrus, segundo a Secretaria de Estado da Sa\u00fade (Sesau).\u00a0Al\u00e9m de analisar os dados estaduais, o comit\u00ea pretende ouvir as par\u00f3quias para entender suas realidades locais antes de estruturar as normas. O protocolo tamb\u00e9m ser\u00e1 inspirado nas experi\u00eancias de outras dioceses que j\u00e1 iniciaram a reabertura dos templos. At\u00e9 a conclus\u00e3o do documento os fi\u00e9is permanecer\u00e3o acompanhando as celebra\u00e7\u00f5es virtuais.<\/p>\n<p style=\"text-align: justify\"><a href=\"http:\/\/cnbbne2.org.br\/arquidiocese-de-maceio-cria-comite-e-inicia-estudos-para-reabertura-das-igrejas\/\" target=\"_blank\" rel=\"noopener\">Confira a not\u00edcia na \u00edntegra.\u00a0<\/a><\/p>\n","protected":false},"excerpt":{"rendered":"<p>Comit\u00ea composto pelo arcebispo, sacerdotes e m\u00e9dicos pretende ouvir as par\u00f3quias para entender suas realidades locais antes de estruturar as normas<\/p>\n","protected":false},"author":83,"featured_media":242093,"comment_status":"closed","ping_status":"open","sticky":false,"template":"","format":"standard","meta":{"site-sidebar-layout":"default","site-content-layout":"default","ast-global-header-display":"","ast-banner-title-visibility":"","ast-main-header-display":"","ast-hfb-above-header-display":"","ast-hfb-below-header-display":"","ast-hfb-mobile-header-display":"","site-post-title":"","ast-breadcrumbs-content":"","ast-featured-img":"","footer-sml-layout":"","theme-transparent-header-meta":"","adv-header-id-meta":"","stick-header-meta":"","header-above-stick-meta":"","header-main-stick-meta":"","header-below-stick-meta":""},"categories":[770],"tags":[1932,1855,1314],"acf":[],"_links":{"self":[{"href":"https:\/\/www.cnbb.org.br\/cnbb-app\/wp\/v2\/posts\/242092"}],"collection":[{"href":"https:\/\/www.cnbb.org.br\/cnbb-app\/wp\/v2\/posts"}],"about":[{"href":"https:\/\/www.cnbb.org.br\/cnbb-app\/wp\/v2\/types\/post"}],"author":[{"embeddable":true,"href":"https:\/\/www.cnbb.org.br\/cnbb-app\/wp\/v2\/users\/83"}],"replies":[{"embeddable":true,"href":"https:\/\/www.cnbb.org.br\/cnbb-app\/wp\/v2\/comments?post=242092"}],"version-history":[{"count":0,"href":"https:\/\/www.cnbb.org.br\/cnbb-app\/wp\/v2\/posts\/242092\/revisions"}],"wp:featuredmedia":[{"embeddable":true,"href":"https:\/\/www.cnbb.org.br\/cnbb-app\/wp\/v2\/media\/242093"}],"wp:attachment":[{"href":"https:\/\/www.cnbb.org.br\/cnbb-app\/wp\/v2\/media?parent=242092"}],"wp:term":[{"taxonomy":"category","embeddable":true,"href":"https:\/\/www.cnbb.org.br\/cnbb-app\/wp\/v2\/categories?post=242092"},{"taxonomy":"post_tag","embeddable":true,"href":"https:\/\/www.cnbb.org.br\/cnbb-app\/wp\/v2\/tags?post=242092"}],"curies":[{"name":"wp","href":"https:\/\/api.w.org\/{rel}","templated":true}]}}