{"id":24219,"date":"2011-10-04T00:00:00","date_gmt":"2011-10-04T03:00:00","guid":{"rendered":"https:\/\/www.cnbb.org.br\/regional-norte-2-manifesta-entusiasmo-pela-realizacao-do-cirio-de-nazare-2011\/"},"modified":"2011-10-04T00:00:00","modified_gmt":"2011-10-04T03:00:00","slug":"regional-norte-2-manifesta-entusiasmo-pela-realizacao-do-cirio-de-nazare-2011","status":"publish","type":"post","link":"https:\/\/www.cnbb.org.br\/regional-norte-2-manifesta-entusiasmo-pela-realizacao-do-cirio-de-nazare-2011\/","title":{"rendered":"Regional Norte 2 manifesta entusiasmo pela realiza\u00e7\u00e3o do C\u00edrio de Nazar\u00e9 2011"},"content":{"rendered":"<p style=\"text-align: justify\">Na noite desta ter\u00e7a-feira, 4, \u00e0s 19h, acontece a abertura oficial do C\u00edrio de Nazar\u00e9 2011, na Casa de Pl\u00e1cido, no Centro Social de Nazar\u00e9, em Bel\u00e9m (PA). Realizado na capital paraense h\u00e1 mais de dois s\u00e9culos, o C\u00edrio de Nazar\u00e9 \u00e9 uma das maiores profiss\u00f5es cat\u00f3licas do mundo. Todos os anos cerca de dois milh\u00f5es de romeiros participam da caminha de f\u00e9 pelas ruas de Bel\u00e9m em homenagem a Nossa Senhora de Nazar\u00e9.<\/p>\n<p>  <!--more-->  <\/p>\n<p style=\"text-align: justify\">No segundo domingo de outubro, a prociss\u00e3o sai da catedral de e segue at\u00e9 a Pra\u00e7a Santu\u00e1rio de Nazar\u00e9, onde a imagem da Virgem fica exposta para venera\u00e7\u00e3o dos fi\u00e9is durante 15 dias. O percurso \u00e9 de 3,6 quil\u00f4metros e j\u00e1 chegou a ser percorrido em nove horas e quinze minutos, como ocorreu no ano de 2004, no mais longo C\u00edrio de toda a hist\u00f3ria.<\/p>\n<p style=\"text-align: justify\">Por ocasi\u00e3o do C\u00edrio, o Regional Norte 2 da CNBB (Par\u00e1) manifestou em nota a alegria da realiza\u00e7\u00e3o de mais uma edi\u00e7\u00e3o da maior festa cat\u00f3lica do Brasil. \u201cO C\u00edrio \u00e9 a Festa da Fam\u00edlia! \u00c9 a\u00a0 confraterniza\u00e7\u00e3o! \u00c9 o grande mutir\u00e3o para \u201cencher as talhas de \u00e1gua\u201d, para que Jesus a transforme em vinho, o vinho novo da paz, da justi\u00e7a e do compromisso com a causa do Evangelho\u201d, diz um trecho do texto.<\/p>\n<p style=\"text-align: justify\">Al\u00e9m da prociss\u00e3o de domingo, o C\u00edrio agrega v\u00e1rias outras manifesta\u00e7\u00f5es de devo\u00e7\u00e3o, como a traslada\u00e7\u00e3o, a romaria fluvial e diversas outras peregrina\u00e7\u00f5es e romarias que ocorrem na quadra Nazarena.<\/p>\n<p style=\"text-align: justify\"><a title=\"link\" href=\"http:\/\/www.ciriodenazare.com.br\/v2.0\/index.php?action=Destaque.show&amp;id=319\" target=\"_blank\" rel=\"noopener\"><span style=\"color: #ffffff\"><strong><span style=\"background-color: #3366ff\">Confira a programa\u00e7\u00e3o completa do C\u00edrio de Nazar\u00e9 2011<\/span><\/strong><\/span><\/a><\/p>\n","protected":false},"excerpt":{"rendered":"<p>Na noite desta ter\u00e7a-feira, 4, \u00e0s 19h, acontece a abertura oficial do C\u00edrio de Nazar\u00e9 2011, na Casa de Pl\u00e1cido, no Centro Social de Nazar\u00e9, em Bel\u00e9m (PA). Realizado na capital paraense h\u00e1 mais de dois s\u00e9culos, o C\u00edrio de Nazar\u00e9 \u00e9 uma das maiores profiss\u00f5es cat\u00f3licas do mundo. Todos os anos cerca de dois &hellip;<\/p>\n<p class=\"read-more\"> <a class=\"\" href=\"https:\/\/www.cnbb.org.br\/regional-norte-2-manifesta-entusiasmo-pela-realizacao-do-cirio-de-nazare-2011\/\"> <span class=\"screen-reader-text\">Regional Norte 2 manifesta entusiasmo pela realiza\u00e7\u00e3o do C\u00edrio de Nazar\u00e9 2011<\/span> Leia mais &raquo;<\/a><\/p>\n","protected":false},"author":83,"featured_media":24220,"comment_status":"open","ping_status":"open","sticky":false,"template":"","format":"standard","meta":{"site-sidebar-layout":"default","site-content-layout":"default","ast-global-header-display":"","ast-banner-title-visibility":"","ast-main-header-display":"","ast-hfb-above-header-display":"","ast-hfb-below-header-display":"","ast-hfb-mobile-header-display":"","site-post-title":"","ast-breadcrumbs-content":"","ast-featured-img":"","footer-sml-layout":"","theme-transparent-header-meta":"","adv-header-id-meta":"","stick-header-meta":"","header-above-stick-meta":"","header-main-stick-meta":"","header-below-stick-meta":""},"categories":[822,769],"tags":[],"acf":[],"_links":{"self":[{"href":"https:\/\/www.cnbb.org.br\/cnbb-app\/wp\/v2\/posts\/24219"}],"collection":[{"href":"https:\/\/www.cnbb.org.br\/cnbb-app\/wp\/v2\/posts"}],"about":[{"href":"https:\/\/www.cnbb.org.br\/cnbb-app\/wp\/v2\/types\/post"}],"author":[{"embeddable":true,"href":"https:\/\/www.cnbb.org.br\/cnbb-app\/wp\/v2\/users\/83"}],"replies":[{"embeddable":true,"href":"https:\/\/www.cnbb.org.br\/cnbb-app\/wp\/v2\/comments?post=24219"}],"version-history":[{"count":0,"href":"https:\/\/www.cnbb.org.br\/cnbb-app\/wp\/v2\/posts\/24219\/revisions"}],"wp:featuredmedia":[{"embeddable":true,"href":"https:\/\/www.cnbb.org.br\/cnbb-app\/wp\/v2\/media\/24220"}],"wp:attachment":[{"href":"https:\/\/www.cnbb.org.br\/cnbb-app\/wp\/v2\/media?parent=24219"}],"wp:term":[{"taxonomy":"category","embeddable":true,"href":"https:\/\/www.cnbb.org.br\/cnbb-app\/wp\/v2\/categories?post=24219"},{"taxonomy":"post_tag","embeddable":true,"href":"https:\/\/www.cnbb.org.br\/cnbb-app\/wp\/v2\/tags?post=24219"}],"curies":[{"name":"wp","href":"https:\/\/api.w.org\/{rel}","templated":true}]}}