{"id":242191,"date":"2020-07-10T16:28:28","date_gmt":"2020-07-10T19:28:28","guid":{"rendered":"https:\/\/www.cnbb.org.br\/?p=242191"},"modified":"2020-09-08T13:52:20","modified_gmt":"2020-09-08T16:52:20","slug":"escutem-e-a-voz-de-um-santo","status":"publish","type":"post","link":"https:\/\/www.cnbb.org.br\/escutem-e-a-voz-de-um-santo\/","title":{"rendered":"Escutem, \u00e9 a voz de um Santo"},"content":{"rendered":"<p style=\"text-align: right\"><strong><em>Dom Jo\u00e3o Justino de Medeiros Silva<br \/>\n<\/em><em>Arcebispo de Montes Claros<\/em><\/strong><\/p>\n<p>&nbsp;<\/p>\n<p style=\"text-align: justify\">\u00a0\u00a0\u00a0\u00a0\u00a0\u00a0\u00a0\u00a0\u00a0\u00a0\u00a0 H\u00e1 exatamente 40 anos S\u00e3o Jo\u00e3o Paulo II realizou sua primeira visita ao Brasil. Era a primeira vez que um sucessor do ap\u00f3stolo Pedro pisava na Terra de Santa Cruz. E, como j\u00e1 fizera em outras viagens, ao descer da aeronave, no aeroporto de Bras\u00edlia, no dia 30 de junho de 1980, Jo\u00e3o Paulo II ajoelhou-se e beijou o solo. O Papa polon\u00eas foi aclamado por todo o Brasil como Jo\u00e3o de Deus. As multid\u00f5es cantavam: \u201cS\u00ea bem-vindo e aben\u00e7oa este povo que te ama\u201d. Presidiu encontros e celebra\u00e7\u00f5es que reuniram centenas de milhares de pessoas em Bras\u00edlia, Belo Horizonte, Rio de janeiro, S\u00e3o Paulo, Aparecida, Porto Alegre, Curitiba, Salvador, Recife, Teresina, Bel\u00e9m, Fortaleza e Manaus, de onde regressou para Roma no dia 11 de julho.<\/p>\n<p style=\"text-align: justify\">\u00a0\u00a0\u00a0\u00a0\u00a0\u00a0\u00a0\u00a0\u00a0\u00a0\u00a0 Eu tinha 13 anos e acompanhei pela televis\u00e3o, pelos jornais e revistas a trajet\u00f3ria do Papa peregrino. Com certeza minha voca\u00e7\u00e3o era germinada em meio \u00e0quelas imagens de f\u00e9 e de acolhida. Foi um per\u00edodo decisivo para dar rumo \u00e0 minha escolha pelo minist\u00e9rio sacerdotal. O c\u00e2ntico \u201cA barca\u201d expressava o que eu sentia: \u201cSenhor, tu me olhaste nos olhos, a sorrir pronunciaste meu nome\u201d. Passadas quatro d\u00e9cadas dessa visita que marcou a hist\u00f3ria da Igreja no Brasil, decidi revisitar os discursos e homilias do Papa. Uma das mais belas e fortes homilias foi pronunciada em Belo Horizonte, na missa com os jovens e os estudantes. Viv\u00edamos os anos do regime militar. Passo a palavra ao Papa. Sua prega\u00e7\u00e3o \u00e9 atual\u00edssima. Escutem, \u00e9 a voz de um Santo falando aos jovens:<\/p>\n<p style=\"text-align: justify\">\u201cAbertos para as dimens\u00f5es sociais do homem, voc\u00eas n\u00e3o escondem sua vontade de transformar radicalmente as estruturas que se lhes apresentam injustas na sociedade. Voc\u00eas dizem, com raz\u00e3o, que \u00e9 imposs\u00edvel ser feliz, vendo uma multid\u00e3o de irm\u00e3os carentes das m\u00ednimas oportunidades de uma exist\u00eancia humana. Voc\u00eas dizem, tamb\u00e9m, que \u00e9 indecente que alguns esbanjem o que falta \u00e0 mesa dos demais. Voc\u00eas est\u00e3o resolvidos a construir uma sociedade justa, livre e pr\u00f3spera, onde todos e cada um possam gozar dos benef\u00edcios do progresso. Eu vivi na minha juventude estas mesmas convic\u00e7\u00f5es. Eu as proclamei, jovem estudante, pela voz da literatura e pela voz da arte. Deus quis que elas recebessem sua t\u00eampera ao fogo de uma guerra cuja atrocidade n\u00e3o poupou o meu lar. Vi desprezadas de muitas maneiras essas convic\u00e7\u00f5es. Temi por elas vendo-as expostas \u00e0 tempestade. Um dia decidi confront\u00e1-las com Jesus Cristo: pensei que era o \u00fanico a revelar-me o verdadeiro conte\u00fado e valor delas e de proteg\u00ea-las contra n\u00e3o sei que inevit\u00e1veis desgastes. [&#8230;] Percebi que \u201co Evangelho de Cristo enuncia e proclama a liberdade dos filhos de Deus, e rejeita toda a escravid\u00e3o, derivada, em \u00faltima an\u00e1lise, do pecado; respeita integralmente a dignidade da consci\u00eancia e a sua decis\u00e3o livre; adverte incansavelmente que todos os talentos humanos devem ser desenvolvidos, para o servi\u00e7o de Deus e o bem dos homens; e, finalmente, recomenda todos \u00e0 caridade de todos. Isto corresponde \u00e0 lei fundamental da proposta crist\u00e3\u201d (<a href=\"http:\/\/www.vatican.va\/archive\/hist_councils\/ii_vatican_council\/documents\/vat-ii_const_19651207_gaudium-et-spes_po.html\" target=\"_blank\" rel=\"noopener\"><em>Gaudium et Spes<\/em><\/a>, 41). Aprendi que um jovem crist\u00e3o deixa de ser jovem, e h\u00e1 muito n\u00e3o \u00e9 crist\u00e3o, quando se deixa seduzir por doutrinas ou ideologias que pregam o \u00f3dio e a viol\u00eancia. Pois n\u00e3o se constr\u00f3i uma sociedade justa sobre a injusti\u00e7a. N\u00e3o se constr\u00f3i uma sociedade que mere\u00e7a o t\u00edtulo de humana, desrespeitando e, pior ainda, destruindo a liberdade humana, negando aos indiv\u00edduos as liberdades mais fundamentais\u201d (S\u00e3o Jo\u00e3o Paulo II, Homilia em Belo Horizonte, 01.07.1980).<\/p>\n<p>&nbsp;    \t<\/p>\n","protected":false},"excerpt":{"rendered":"<p>Dom Jo\u00e3o Justino de Medeiros Silva Arcebispo de Montes Claros &nbsp; \u00a0\u00a0\u00a0\u00a0\u00a0\u00a0\u00a0\u00a0\u00a0\u00a0\u00a0 H\u00e1 exatamente 40 anos S\u00e3o Jo\u00e3o Paulo II realizou sua primeira visita ao Brasil. Era a primeira vez que um sucessor do ap\u00f3stolo Pedro pisava na Terra de Santa Cruz. E, como j\u00e1 fizera em outras viagens, ao descer da aeronave, no aeroporto &hellip;<\/p>\n<p class=\"read-more\"> <a class=\"\" href=\"https:\/\/www.cnbb.org.br\/escutem-e-a-voz-de-um-santo\/\"> <span class=\"screen-reader-text\">Escutem, \u00e9 a voz de um Santo<\/span> Leia mais &raquo;<\/a><\/p>\n","protected":false},"author":64,"featured_media":0,"comment_status":"closed","ping_status":"open","sticky":false,"template":"","format":"standard","meta":{"site-sidebar-layout":"default","site-content-layout":"default","ast-global-header-display":"","ast-banner-title-visibility":"","ast-main-header-display":"","ast-hfb-above-header-display":"","ast-hfb-below-header-display":"","ast-hfb-mobile-header-display":"","site-post-title":"","ast-breadcrumbs-content":"","ast-featured-img":"","footer-sml-layout":"","theme-transparent-header-meta":"","adv-header-id-meta":"","stick-header-meta":"","header-above-stick-meta":"","header-main-stick-meta":"","header-below-stick-meta":""},"categories":[758],"tags":[],"acf":[],"_links":{"self":[{"href":"https:\/\/www.cnbb.org.br\/cnbb-app\/wp\/v2\/posts\/242191"}],"collection":[{"href":"https:\/\/www.cnbb.org.br\/cnbb-app\/wp\/v2\/posts"}],"about":[{"href":"https:\/\/www.cnbb.org.br\/cnbb-app\/wp\/v2\/types\/post"}],"author":[{"embeddable":true,"href":"https:\/\/www.cnbb.org.br\/cnbb-app\/wp\/v2\/users\/64"}],"replies":[{"embeddable":true,"href":"https:\/\/www.cnbb.org.br\/cnbb-app\/wp\/v2\/comments?post=242191"}],"version-history":[{"count":0,"href":"https:\/\/www.cnbb.org.br\/cnbb-app\/wp\/v2\/posts\/242191\/revisions"}],"wp:attachment":[{"href":"https:\/\/www.cnbb.org.br\/cnbb-app\/wp\/v2\/media?parent=242191"}],"wp:term":[{"taxonomy":"category","embeddable":true,"href":"https:\/\/www.cnbb.org.br\/cnbb-app\/wp\/v2\/categories?post=242191"},{"taxonomy":"post_tag","embeddable":true,"href":"https:\/\/www.cnbb.org.br\/cnbb-app\/wp\/v2\/tags?post=242191"}],"curies":[{"name":"wp","href":"https:\/\/api.w.org\/{rel}","templated":true}]}}