{"id":24225,"date":"2011-11-18T00:00:00","date_gmt":"2011-11-18T02:00:00","guid":{"rendered":"https:\/\/www.cnbb.org.br\/primeiro-encontro-de-bispos-e-formadores-sobre-a-experiencia-missionaria-dos-seminaristas\/"},"modified":"2011-11-18T00:00:00","modified_gmt":"2011-11-18T02:00:00","slug":"primeiro-encontro-de-bispos-e-formadores-sobre-a-experiencia-missionaria-dos-seminaristas","status":"publish","type":"post","link":"https:\/\/www.cnbb.org.br\/primeiro-encontro-de-bispos-e-formadores-sobre-a-experiencia-missionaria-dos-seminaristas\/","title":{"rendered":"Primeiro encontro de Bispos e formadores sobre a experi\u00eancia mission\u00e1ria dos seminaristas"},"content":{"rendered":"<p style=\"text-align: justify\">Nos dias 10 e 11 de novembro do corrente ano, estiveram reunidos no CCM, em Bras\u00edlia, alguns bispos e formadores do Brasil para tratarem da experi\u00eancia mission\u00e1ria dos seminaristas.<\/p>\n<p><!--more--><\/p>\n<p style=\"text-align: justify\">O encontro teve in\u00edcio com a sauda\u00e7\u00e3o de D. Pedro como presidente da Comiss\u00e3o para os Minist\u00e9rios ordenados. O objetivo do encontro tamb\u00e9m foi destacado que seria partilhar as diversas iniciativas dentro da forma\u00e7\u00e3o pastoral-mission\u00e1ria dos futuros sacerdotes do Brasil \u2013 tendo como base o doc. 93 -, bem como a constata\u00e7\u00e3o dos diversos desafios encontrados. Durante os dois dias foram feitos debates, trabalhos em grupo, ora\u00e7\u00f5es em comum&#8230;<\/p>\n<p style=\"text-align: justify\">No decorrer do encontro muitas foram as partilhas dos diversos formadores, bem como dos senhores bispos que estavam presentes. Nas diversas apresenta\u00e7\u00f5es foi destacada a necessidade de se formar padres mission\u00e1rios que estejam dispon\u00edveis para atuarem nos diversos campos de miss\u00e3o do nosso contexto social. Outra \u00eanfase em todo o encontro foi que esse trabalho s\u00f3 seria produtivo se partisse da experi\u00eancia do encontro apaixonado com a Pessoa de Jesus Cristo.<\/p>\n<p style=\"text-align: justify\">Dentre as diversas experi\u00eancias apresentadas durante o processo de forma\u00e7\u00e3o dos futuros sacerdotes foram destacadas algumas:<\/p>\n<ul>\n<li>Est\u00e1gios de finais de semana;<\/li>\n<li>Miss\u00f5es durante uma semana ou mais tempo na pr\u00f3pria diocese ou em outras;<\/li>\n<li>Ano pastoral na pr\u00f3pria diocese ou em outra, tendo sido o estudo interrompido;<\/li>\n<li>Miss\u00e3o de 40 dias ou menos na Diocese de Santar\u00e9m;<\/li>\n<li>Trabalhos com diversos movimentos e outras realidades eclesiais;<\/li>\n<\/ul>\n<p style=\"text-align: justify\">Foi constatado por todos que essas diversas experi\u00eancias pastorais mission\u00e1rias preparam, j\u00e1 no tempo da forma\u00e7\u00e3o inicial, o futuro presb\u00edtero para vivenciar aquilo que ser\u00e1 o seu futuro minist\u00e9rio. Outro destaque foi dado ao fato de que a viv\u00eancia mission\u00e1ria desenvolve no candidato algumas caracter\u00edsticas importantes para o sacerd\u00f3cio: vida de ora\u00e7\u00e3o; desapego; compaix\u00e3o; dedica\u00e7\u00e3o&#8230;<\/p>\n<p style=\"text-align: justify\">Todos foram un\u00e2nimes em afirmar que o encontro foi muito produtivo e enriquecedor tanto para os formadores como para os bispos. Foi pensada a possibilidade de se realizar outro, no pr\u00f3ximo ano, com mais formadores e os bispos respons\u00e1veis de cada regional. Al\u00e9m disso, se enfatizou muito a necessidade de tornar acess\u00edvel a todos o que tem sido feito nesse campo da forma\u00e7\u00e3o.<\/p>\n<p style=\"text-align: justify\">Bendigamos a Deus por mais esse passo dado na condu\u00e7\u00e3o da forma\u00e7\u00e3o dos futuros sacerdotes da Igreja no Brasil e esperamos que esse caminho se desenvolva sempre mais conduzindo os nosso formandos a um encontro di\u00e1rio com a Pessoa de Jesus na Eucaristia, nos irm\u00e3os, na Palavra e na comunidade. Que esse encontro nos leve a anunci\u00e1-LO a todos e em todos os ambientes onde formos chamados a exercermos nosso minist\u00e9rio sacerdotal. Que a Virgem de Guadalupe nos conduza nesse caminho de discipulado!<\/p>\n","protected":false},"excerpt":{"rendered":"<p>Nos dias 10 e 11 de novembro do corrente ano, estiveram reunidos no CCM, em Bras\u00edlia, alguns bispos e formadores do Brasil para tratarem da experi\u00eancia mission\u00e1ria dos seminaristas.<\/p>\n","protected":false},"author":83,"featured_media":24226,"comment_status":"open","ping_status":"open","sticky":false,"template":"","format":"standard","meta":{"site-sidebar-layout":"default","site-content-layout":"default","ast-global-header-display":"","ast-banner-title-visibility":"","ast-main-header-display":"","ast-hfb-above-header-display":"","ast-hfb-below-header-display":"","ast-hfb-mobile-header-display":"","site-post-title":"","ast-breadcrumbs-content":"","ast-featured-img":"","footer-sml-layout":"","theme-transparent-header-meta":"","adv-header-id-meta":"","stick-header-meta":"","header-above-stick-meta":"","header-main-stick-meta":"","header-below-stick-meta":""},"categories":[822,769],"tags":[],"acf":[],"_links":{"self":[{"href":"https:\/\/www.cnbb.org.br\/cnbb-app\/wp\/v2\/posts\/24225"}],"collection":[{"href":"https:\/\/www.cnbb.org.br\/cnbb-app\/wp\/v2\/posts"}],"about":[{"href":"https:\/\/www.cnbb.org.br\/cnbb-app\/wp\/v2\/types\/post"}],"author":[{"embeddable":true,"href":"https:\/\/www.cnbb.org.br\/cnbb-app\/wp\/v2\/users\/83"}],"replies":[{"embeddable":true,"href":"https:\/\/www.cnbb.org.br\/cnbb-app\/wp\/v2\/comments?post=24225"}],"version-history":[{"count":0,"href":"https:\/\/www.cnbb.org.br\/cnbb-app\/wp\/v2\/posts\/24225\/revisions"}],"wp:featuredmedia":[{"embeddable":true,"href":"https:\/\/www.cnbb.org.br\/cnbb-app\/wp\/v2\/media\/24226"}],"wp:attachment":[{"href":"https:\/\/www.cnbb.org.br\/cnbb-app\/wp\/v2\/media?parent=24225"}],"wp:term":[{"taxonomy":"category","embeddable":true,"href":"https:\/\/www.cnbb.org.br\/cnbb-app\/wp\/v2\/categories?post=24225"},{"taxonomy":"post_tag","embeddable":true,"href":"https:\/\/www.cnbb.org.br\/cnbb-app\/wp\/v2\/tags?post=24225"}],"curies":[{"name":"wp","href":"https:\/\/api.w.org\/{rel}","templated":true}]}}