{"id":24234,"date":"2012-01-20T00:00:00","date_gmt":"2012-01-20T02:00:00","guid":{"rendered":"https:\/\/www.cnbb.org.br\/dom-lorenzo-baldisseri-participa-de-festa-de-oficializacao-da-diocese-de-obido\/"},"modified":"2012-01-20T00:00:00","modified_gmt":"2012-01-20T02:00:00","slug":"dom-lorenzo-baldisseri-participa-de-festa-de-oficializacao-da-diocese-de-obido","status":"publish","type":"post","link":"https:\/\/www.cnbb.org.br\/dom-lorenzo-baldisseri-participa-de-festa-de-oficializacao-da-diocese-de-obido\/","title":{"rendered":"Dom Lorenzo Baldisseri participa de festa de oficializa\u00e7\u00e3o da diocese de \u00d3bidos"},"content":{"rendered":"<p style=\"text-align: justify\">A diocese de \u00d3bidos (PA) receber\u00e1 a visita de dom Lorenzo Baldisseri, neste final de semana, 21 e 22 de janeiro. Dom Baldisseri, que foi nomeado recentemente pelo papa Bento XVI secret\u00e1rio da Congrega\u00e7\u00e3o para os Bispos, no Vaticano, ir\u00e1 a \u00d3bidos com o compromisso de oficializar a eleva\u00e7\u00e3o da prelazia \u00e0 categoria de diocese.<\/p>\n<p><!--more--><\/p>\n<p style=\"text-align: justify\">Nesta mesma ocasi\u00e3o, ser\u00e1 inaugurada a Fazenda da Esperan\u00e7a (Santa Clara de Assis) e o Centro para a juventude do bairro S\u00e3o Francisco (Cultura Pela Paz).<\/p>\n<p style=\"text-align: justify\">A prelazia de \u00d3bidos, no oeste do Par\u00e1, foi elevada a diocese pelo papa no dia 9 de novembro de 2011.<br \/>\nBento XVI nomeou como primeiro bispo da diocese, dom Bernardo Johannes Bahlmann, ent\u00e3o bispo dessa mesma prelazia, desde 2009.<\/p>\n<p style=\"text-align: justify\">A prelazia foi criada em 10 de abril de 1957, pelo papa Pio XII, desmembrando da ent\u00e3o prelazia de Santar\u00e9m. Foi confiada pela Santa S\u00e9 aos cuidados da Ordem dos Frades Menores.<\/p>\n<p style=\"text-align: justify\">Em 2004, a prelazia contava com uma popula\u00e7\u00e3o aproximada de 200 mil habitantes. O territ\u00f3rio da diocese tem mais de 180 mil km\u00b2, organizado em sete par\u00f3quias, localizada no oeste do estado, no Rio Amazonas. A diocese de Juiz de Fora (MG) \u00e9 sua diocese-irm\u00e3.<\/p>\n","protected":false},"excerpt":{"rendered":"<p>A diocese de \u00d3bidos (PA) receber\u00e1 a visita de dom Lorenzo Baldisseri, neste final de semana, 21 e 22 de janeiro. Dom Baldisseri, que foi nomeado recentemente pelo papa Bento XVI secret\u00e1rio da Congrega\u00e7\u00e3o para os Bispos, no Vaticano, ir\u00e1 a \u00d3bidos com o compromisso de oficializar a eleva\u00e7\u00e3o da prelazia \u00e0 categoria de diocese.<\/p>\n","protected":false},"author":83,"featured_media":24235,"comment_status":"open","ping_status":"open","sticky":false,"template":"","format":"standard","meta":{"site-sidebar-layout":"default","site-content-layout":"default","ast-global-header-display":"","ast-banner-title-visibility":"","ast-main-header-display":"","ast-hfb-above-header-display":"","ast-hfb-below-header-display":"","ast-hfb-mobile-header-display":"","site-post-title":"","ast-breadcrumbs-content":"","ast-featured-img":"","footer-sml-layout":"","theme-transparent-header-meta":"","adv-header-id-meta":"","stick-header-meta":"","header-above-stick-meta":"","header-main-stick-meta":"","header-below-stick-meta":""},"categories":[822,769],"tags":[],"acf":[],"_links":{"self":[{"href":"https:\/\/www.cnbb.org.br\/cnbb-app\/wp\/v2\/posts\/24234"}],"collection":[{"href":"https:\/\/www.cnbb.org.br\/cnbb-app\/wp\/v2\/posts"}],"about":[{"href":"https:\/\/www.cnbb.org.br\/cnbb-app\/wp\/v2\/types\/post"}],"author":[{"embeddable":true,"href":"https:\/\/www.cnbb.org.br\/cnbb-app\/wp\/v2\/users\/83"}],"replies":[{"embeddable":true,"href":"https:\/\/www.cnbb.org.br\/cnbb-app\/wp\/v2\/comments?post=24234"}],"version-history":[{"count":0,"href":"https:\/\/www.cnbb.org.br\/cnbb-app\/wp\/v2\/posts\/24234\/revisions"}],"wp:featuredmedia":[{"embeddable":true,"href":"https:\/\/www.cnbb.org.br\/cnbb-app\/wp\/v2\/media\/24235"}],"wp:attachment":[{"href":"https:\/\/www.cnbb.org.br\/cnbb-app\/wp\/v2\/media?parent=24234"}],"wp:term":[{"taxonomy":"category","embeddable":true,"href":"https:\/\/www.cnbb.org.br\/cnbb-app\/wp\/v2\/categories?post=24234"},{"taxonomy":"post_tag","embeddable":true,"href":"https:\/\/www.cnbb.org.br\/cnbb-app\/wp\/v2\/tags?post=24234"}],"curies":[{"name":"wp","href":"https:\/\/api.w.org\/{rel}","templated":true}]}}