{"id":24238,"date":"2012-05-15T00:00:00","date_gmt":"2012-05-15T03:00:00","guid":{"rendered":"https:\/\/www.cnbb.org.br\/arquidiocese-de-belem-abre-inscricoes-para-concurso-sobre-dia-mundial-das-comunicacoes\/"},"modified":"2012-05-15T00:00:00","modified_gmt":"2012-05-15T03:00:00","slug":"arquidiocese-de-belem-abre-inscricoes-para-concurso-sobre-dia-mundial-das-comunicacoes","status":"publish","type":"post","link":"https:\/\/www.cnbb.org.br\/arquidiocese-de-belem-abre-inscricoes-para-concurso-sobre-dia-mundial-das-comunicacoes\/","title":{"rendered":"Arquidiocese de Bel\u00e9m abre inscri\u00e7\u00f5es para concurso sobre Dia Mundial das Comunica\u00e7\u00f5es"},"content":{"rendered":"<p style=\"text-align: justify\">A arquidiocese de Bel\u00e9m (PA) abriu inscri\u00e7\u00f5es para o concurso de reda\u00e7\u00e3o com o tema &#8220;Eu vos anuncio uma boa nova: a comunica\u00e7\u00e3o na Igreja&#8221;. Coordenado pela Pastoral da Comunica\u00e7\u00e3o, o concurso dever\u00e1 premiar a melhor reda\u00e7\u00e3o depois da missa pelo Dia Mundial das Comunica\u00e7\u00f5es, que ser\u00e1 celebrada no pr\u00f3ximo domingo, 20, \u00e0s 18 horas, na Par\u00f3quia de Santa Edwirges, no conjunto residencial Panorama XXI, bairro da Nova Marambaia, em Bel\u00e9m.<\/p>\n<p>  <!--more-->  <\/p>\n<p style=\"text-align: justify\">Segundo o padre Cl\u00e1udio Pighin, coordenador da Pascom da arquidiocese, as inscri\u00e7\u00f5es poder\u00e3o ser feitas at\u00e9 o pr\u00f3ximo dia 17, com os trabalhos enviados para o e-mail: pascomarqbelem@gmail.com ou diretamente na sede do PIME, na Rua Padre Prud\u00eancio com Aristides Lobo, bairro da Campina, ao lado da Igreja de Nossa Senhora do Ros\u00e1rio.<\/p>\n<p style=\"text-align: justify\">Padre Cl\u00e1udio afirma que a Pascom da arquidiocese est\u00e1 fazendo um trabalho concentrado para animar as par\u00f3quias a criarem suas pastorais de comunica\u00e7\u00e3o e que esse concurso tem o apoio das Organiza\u00e7\u00f5es Romulo Maiorana.<\/p>\n<p style=\"text-align: justify\">O concurso \u00e9 aberto a todas as par\u00f3quias, independente de terem sua Pascom paroquial. N\u00e3o h\u00e1 limite de trabalhos a serem apresentados, desde que entregues at\u00e9 a pr\u00f3xima quinta-feira para dar tempo da comiss\u00e3o organizadora fazer a sele\u00e7\u00e3o da melhor reda\u00e7\u00e3o. De acordo com o sacerdote, o concurso de reda\u00e7\u00e3o \u00e9 uma forma de animar as par\u00f3quias a criarem a pastoral de comunica\u00e7\u00e3o e fortalecer aquelas que j\u00e1 t\u00eam seu grupo formado.<\/p>\n<p style=\"text-align: justify\"><strong>Missa<\/strong><\/p>\n<p style=\"text-align: justify\">No Dia Mundial das Comunica\u00e7\u00f5es, 20 de maio, a Igreja celebra a ascens\u00e3o do Senhor. A solene celebra\u00e7\u00e3o ser\u00e1 presidida por dom Vicente Joaquim Zico, arcebispo em\u00e9rito de Bel\u00e9m, na Igreja de Santa Edwirges, aberta a todas as pastorais.<\/p>\n","protected":false},"excerpt":{"rendered":"<p>A arquidiocese de Bel\u00e9m (PA) abriu inscri\u00e7\u00f5es para o concurso de reda\u00e7\u00e3o com o tema &#8220;Eu vos anuncio uma boa nova: a comunica\u00e7\u00e3o na Igreja&#8221;. Coordenado pela Pastoral da Comunica\u00e7\u00e3o, o concurso dever\u00e1 premiar a melhor reda\u00e7\u00e3o depois da missa pelo Dia Mundial das Comunica\u00e7\u00f5es, que ser\u00e1 celebrada no pr\u00f3ximo domingo, 20, \u00e0s 18 horas, &hellip;<\/p>\n<p class=\"read-more\"> <a class=\"\" href=\"https:\/\/www.cnbb.org.br\/arquidiocese-de-belem-abre-inscricoes-para-concurso-sobre-dia-mundial-das-comunicacoes\/\"> <span class=\"screen-reader-text\">Arquidiocese de Bel\u00e9m abre inscri\u00e7\u00f5es para concurso sobre Dia Mundial das Comunica\u00e7\u00f5es<\/span> Leia mais &raquo;<\/a><\/p>\n","protected":false},"author":83,"featured_media":0,"comment_status":"open","ping_status":"open","sticky":false,"template":"","format":"standard","meta":{"site-sidebar-layout":"default","site-content-layout":"default","ast-global-header-display":"","ast-banner-title-visibility":"","ast-main-header-display":"","ast-hfb-above-header-display":"","ast-hfb-below-header-display":"","ast-hfb-mobile-header-display":"","site-post-title":"","ast-breadcrumbs-content":"","ast-featured-img":"","footer-sml-layout":"","theme-transparent-header-meta":"","adv-header-id-meta":"","stick-header-meta":"","header-above-stick-meta":"","header-main-stick-meta":"","header-below-stick-meta":""},"categories":[822,769],"tags":[],"acf":[],"_links":{"self":[{"href":"https:\/\/www.cnbb.org.br\/cnbb-app\/wp\/v2\/posts\/24238"}],"collection":[{"href":"https:\/\/www.cnbb.org.br\/cnbb-app\/wp\/v2\/posts"}],"about":[{"href":"https:\/\/www.cnbb.org.br\/cnbb-app\/wp\/v2\/types\/post"}],"author":[{"embeddable":true,"href":"https:\/\/www.cnbb.org.br\/cnbb-app\/wp\/v2\/users\/83"}],"replies":[{"embeddable":true,"href":"https:\/\/www.cnbb.org.br\/cnbb-app\/wp\/v2\/comments?post=24238"}],"version-history":[{"count":0,"href":"https:\/\/www.cnbb.org.br\/cnbb-app\/wp\/v2\/posts\/24238\/revisions"}],"wp:attachment":[{"href":"https:\/\/www.cnbb.org.br\/cnbb-app\/wp\/v2\/media?parent=24238"}],"wp:term":[{"taxonomy":"category","embeddable":true,"href":"https:\/\/www.cnbb.org.br\/cnbb-app\/wp\/v2\/categories?post=24238"},{"taxonomy":"post_tag","embeddable":true,"href":"https:\/\/www.cnbb.org.br\/cnbb-app\/wp\/v2\/tags?post=24238"}],"curies":[{"name":"wp","href":"https:\/\/api.w.org\/{rel}","templated":true}]}}