{"id":24251,"date":"2012-10-17T00:00:00","date_gmt":"2012-10-17T03:00:00","guid":{"rendered":"https:\/\/www.cnbb.org.br\/ordenacao-e-posse-do-novo-bispo-de-maraba\/"},"modified":"2012-10-17T00:00:00","modified_gmt":"2012-10-17T03:00:00","slug":"ordenacao-e-posse-do-novo-bispo-de-maraba","status":"publish","type":"post","link":"https:\/\/www.cnbb.org.br\/ordenacao-e-posse-do-novo-bispo-de-maraba\/","title":{"rendered":"Ordena\u00e7\u00e3o e posse do novo bispo de Marab\u00e1"},"content":{"rendered":"<p style=\"text-align: justify\">No \u00faltimo dia 10 de outubro, o papa Bento XVI nomeou o monsenhor Vital Corbellini bispo de Marab\u00e1 (PA). O monsenhor ser\u00e1 ordenado no pr\u00f3ximo dia 30 de novembro, no santu\u00e1rio diocesano de Nossa Senhora de Caravaggio, em Farroupilha (RS).<\/p>\n<p>  <!--more-->  <\/p>\n<p style=\"text-align: justify\">A posse do novo bispo est\u00e1 marcada para o dia 21 de dezembro, \u00e0s 19h, na catedral diocesana de Marab\u00e1.<\/p>\n","protected":false},"excerpt":{"rendered":"<p>No \u00faltimo dia 10 de outubro, o papa Bento XVI nomeou o monsenhor Vital Corbellini bispo de Marab\u00e1 (PA). O monsenhor ser\u00e1 ordenado no pr\u00f3ximo dia 30 de novembro, no santu\u00e1rio diocesano de Nossa Senhora de Caravaggio, em Farroupilha (RS).<\/p>\n","protected":false},"author":83,"featured_media":24252,"comment_status":"open","ping_status":"open","sticky":false,"template":"","format":"standard","meta":{"site-sidebar-layout":"default","site-content-layout":"default","ast-global-header-display":"","ast-banner-title-visibility":"","ast-main-header-display":"","ast-hfb-above-header-display":"","ast-hfb-below-header-display":"","ast-hfb-mobile-header-display":"","site-post-title":"","ast-breadcrumbs-content":"","ast-featured-img":"","footer-sml-layout":"","theme-transparent-header-meta":"","adv-header-id-meta":"","stick-header-meta":"","header-above-stick-meta":"","header-main-stick-meta":"","header-below-stick-meta":""},"categories":[822,769],"tags":[],"acf":[],"_links":{"self":[{"href":"https:\/\/www.cnbb.org.br\/cnbb-app\/wp\/v2\/posts\/24251"}],"collection":[{"href":"https:\/\/www.cnbb.org.br\/cnbb-app\/wp\/v2\/posts"}],"about":[{"href":"https:\/\/www.cnbb.org.br\/cnbb-app\/wp\/v2\/types\/post"}],"author":[{"embeddable":true,"href":"https:\/\/www.cnbb.org.br\/cnbb-app\/wp\/v2\/users\/83"}],"replies":[{"embeddable":true,"href":"https:\/\/www.cnbb.org.br\/cnbb-app\/wp\/v2\/comments?post=24251"}],"version-history":[{"count":0,"href":"https:\/\/www.cnbb.org.br\/cnbb-app\/wp\/v2\/posts\/24251\/revisions"}],"wp:featuredmedia":[{"embeddable":true,"href":"https:\/\/www.cnbb.org.br\/cnbb-app\/wp\/v2\/media\/24252"}],"wp:attachment":[{"href":"https:\/\/www.cnbb.org.br\/cnbb-app\/wp\/v2\/media?parent=24251"}],"wp:term":[{"taxonomy":"category","embeddable":true,"href":"https:\/\/www.cnbb.org.br\/cnbb-app\/wp\/v2\/categories?post=24251"},{"taxonomy":"post_tag","embeddable":true,"href":"https:\/\/www.cnbb.org.br\/cnbb-app\/wp\/v2\/tags?post=24251"}],"curies":[{"name":"wp","href":"https:\/\/api.w.org\/{rel}","templated":true}]}}