{"id":24259,"date":"2013-01-30T00:00:00","date_gmt":"2013-01-30T02:00:00","guid":{"rendered":"https:\/\/www.cnbb.org.br\/diocesde-de-maraba-pa-realiza-estudos\/"},"modified":"2013-01-30T00:00:00","modified_gmt":"2013-01-30T02:00:00","slug":"diocesde-de-maraba-pa-realiza-estudos","status":"publish","type":"post","link":"https:\/\/www.cnbb.org.br\/diocesde-de-maraba-pa-realiza-estudos\/","title":{"rendered":"Diocese de Marab\u00e1 (PA) realiza estudos"},"content":{"rendered":"<p style=\"text-align: justify\">No final de semana, de 25 a 27 de Janeiro, a Diocese de Marab\u00e1 (PA) realizou diversos encontros de forma\u00e7\u00e3o em seu centro diocesano. O setor de catequese, por exemplo, fez a programa\u00e7\u00e3o com encontros ao longo do ano e tamb\u00e9m os seminaristas estiveram reunidos com o bispo diocesano, dom Vital Corbellini.<\/p>\n<p><!--more--><\/p>\n<p style=\"text-align: justify\"><em>O texto da diocese:<\/em><\/p>\n<p style=\"text-align: justify\">&#8220;Dar-se-\u00e1 prioridade \u00e0 forma\u00e7\u00e3o com as lideran\u00e7as das par\u00f3quias em vista do m\u00e9todo da catequese, caminho para o discipulado, seja nas par\u00f3quias da cidade de Marab\u00e1, como no interior. Outro encontro debateu-se a quest\u00e3o das barragens que no Estado do Par\u00e1 est\u00e3o previstas a constru\u00e7\u00e3o de diversas devido aos rios.<\/p>\n<p style=\"text-align: justify\">O Movimento dos Atingidos pelas Barragens(MAB) avaliou os trabalhos nesses \u00faltimos anos, fez planejamento de a\u00e7\u00f5es em vista da popula\u00e7\u00e3o que poder\u00e1 ser atingida direta e indiretamente pelas barragens. Dentro da Diocese de Marab\u00e1 pelo menos 10 cidades ser\u00e3o atingidas pela constru\u00e7\u00e3o de novas Hidrel\u00e9tricas. E o terceiro encontro foi o vocacional. Este reuniu diversos adolescentes jovens que est\u00e3o pensando em serem padres.<\/p>\n<p style=\"text-align: justify\">Os seminaristas da Diocese bem como o seu Reitor, Padre Dalvan e o Animador vocacional, Padre Cosme estiveram presentes. N\u00f3s tivemos a ordena\u00e7\u00e3o sacerdotal do jovem Patrick Fernandes da Costa, diocesano que trabalhar\u00e1 em Parauapebas. Dom Vital Corbellini, Bispo diocesano marcou presen\u00e7a nos encontros de forma\u00e7\u00e3o e fez a ordena\u00e7\u00e3o presbiteral.Louvemos a Deus Uno e Trino pelas maravilhas que realiza atrav\u00e9s de suas criaturas&#8221;.<\/p>\n","protected":false},"excerpt":{"rendered":"<p>No final de semana, de 25 a 27 de Janeiro, a Diocese de Marab\u00e1 (PA) realizou diversos encontros de forma\u00e7\u00e3o em seu centro diocesano. O setor de catequese, por exemplo, fez a programa\u00e7\u00e3o com encontros ao longo do ano e tamb\u00e9m os seminaristas estiveram reunidos com o bispo diocesano, dom Vital Corbellini.<\/p>\n","protected":false},"author":83,"featured_media":24260,"comment_status":"open","ping_status":"open","sticky":false,"template":"","format":"standard","meta":{"site-sidebar-layout":"default","site-content-layout":"default","ast-global-header-display":"","ast-banner-title-visibility":"","ast-main-header-display":"","ast-hfb-above-header-display":"","ast-hfb-below-header-display":"","ast-hfb-mobile-header-display":"","site-post-title":"","ast-breadcrumbs-content":"","ast-featured-img":"","footer-sml-layout":"","theme-transparent-header-meta":"","adv-header-id-meta":"","stick-header-meta":"","header-above-stick-meta":"","header-main-stick-meta":"","header-below-stick-meta":""},"categories":[822,769],"tags":[],"acf":[],"_links":{"self":[{"href":"https:\/\/www.cnbb.org.br\/cnbb-app\/wp\/v2\/posts\/24259"}],"collection":[{"href":"https:\/\/www.cnbb.org.br\/cnbb-app\/wp\/v2\/posts"}],"about":[{"href":"https:\/\/www.cnbb.org.br\/cnbb-app\/wp\/v2\/types\/post"}],"author":[{"embeddable":true,"href":"https:\/\/www.cnbb.org.br\/cnbb-app\/wp\/v2\/users\/83"}],"replies":[{"embeddable":true,"href":"https:\/\/www.cnbb.org.br\/cnbb-app\/wp\/v2\/comments?post=24259"}],"version-history":[{"count":0,"href":"https:\/\/www.cnbb.org.br\/cnbb-app\/wp\/v2\/posts\/24259\/revisions"}],"wp:featuredmedia":[{"embeddable":true,"href":"https:\/\/www.cnbb.org.br\/cnbb-app\/wp\/v2\/media\/24260"}],"wp:attachment":[{"href":"https:\/\/www.cnbb.org.br\/cnbb-app\/wp\/v2\/media?parent=24259"}],"wp:term":[{"taxonomy":"category","embeddable":true,"href":"https:\/\/www.cnbb.org.br\/cnbb-app\/wp\/v2\/categories?post=24259"},{"taxonomy":"post_tag","embeddable":true,"href":"https:\/\/www.cnbb.org.br\/cnbb-app\/wp\/v2\/tags?post=24259"}],"curies":[{"name":"wp","href":"https:\/\/api.w.org\/{rel}","templated":true}]}}