{"id":242597,"date":"2020-07-17T14:11:36","date_gmt":"2020-07-17T17:11:36","guid":{"rendered":"https:\/\/www.cnbb.org.br\/?p=242597"},"modified":"2020-07-17T14:11:36","modified_gmt":"2020-07-17T17:11:36","slug":"povos-tradicionais-sao-os-maiores-defensores-da-fauna-e-flora-brasileira-afirma-dom-sebastiao","status":"publish","type":"post","link":"https:\/\/www.cnbb.org.br\/povos-tradicionais-sao-os-maiores-defensores-da-fauna-e-flora-brasileira-afirma-dom-sebastiao\/","title":{"rendered":"&#8220;Povos tradicionais s\u00e3o os maiores defensores da fauna e flora brasileira&#8221;, afirma dom Sebasti\u00e3o"},"content":{"rendered":"<p style=\"text-align: justify\">Nesta sexta-feira, 17 de julho, \u00e9 celebrado o Dia de Prote\u00e7\u00e3o \u00e0s Florestas, com a Amaz\u00f4nia registrando um aumento de 25% de devasta\u00e7\u00e3o de sua \u00e1rea em compara\u00e7\u00e3o com o primeiro semestre do ano passado. Nos seis primeiros meses de 2020, o Instituto Nacional de Pesquisas Espaciais (INPE) registrou que a Amaz\u00f4nia teve uma \u00e1rea de 3.069,57 km\u00b2 devastada.<\/p>\n<p style=\"text-align: justify\">Ainda de acordo com dados do INPE, o \u00faltimo m\u00eas de junho teve o maior registro de alertas de desmatamento na Amaz\u00f4nia desde 2015, quando iniciou a s\u00e9rie hist\u00f3rica desses dados. A \u00e1rea desmatada no m\u00eas foi de 1.034,4 km\u00b2. Ouvido pelo portal da CNBB, o presidente da Comiss\u00e3o para a Ecologia Integral e Minera\u00e7\u00e3o da entidade, dom Sebasti\u00e3o Lima Duarte, apontou que o problema s\u00e9rio que se coloca hoje \u00e9 justamente a quest\u00e3o do desmando visto principalmente na \u00e1rea do meio ambiente, na \u00e1rea ligada ao agroneg\u00f3cio.<\/p>\n<p style=\"text-align: justify\">Ele afirmou que diante dessa situa\u00e7\u00e3o, as pessoas que se ocupam da prote\u00e7\u00e3o da floresta est\u00e3o amea\u00e7adas. &#8220;Elas est\u00e3o marcadas para morrer, muitas j\u00e1 deram sua vida em defesa da floresta e, simplesmente, n\u00e3o estavam fazendo nada mais do que proteger a floresta para o grande bem que ela \u00e9 para toda a humanidade, ent\u00e3o a gente lamenta muito&#8221;, disse.<\/p>\n<blockquote>\n<p style=\"text-align: justify\">Existe tamb\u00e9m a possibilidade de desmanchar as leis no Brasil para facilitar tamb\u00e9m a destrui\u00e7\u00e3o do meio ambiente, das florestas, ent\u00e3o defender hoje as florestas \u00e9 correr grandes riscos (&#8230;). Que Deus nos ajude e que a gente possa fazer o poss\u00edvel para que esses nossos irm\u00e3os , particularmente os que vivem l\u00e1 dentro da floresta, possam continuar vivendo bem com o meio ambiente e o defendendo.<\/p>\n<\/blockquote>\n<p style=\"text-align: justify\"><span style=\"text-align: justify\">Segundo dom Sebasti\u00e3o s\u00e3o os pr\u00f3prios ind\u00edgenas e os povos tradicionais em geral os maiores defensores da fauna e flora brasileira. &#8220;Eles t\u00eam <\/span><span style=\"text-align: justify\">demonstrado uma capacidade muito grande de conviver com a fauna, com a flora e sem destruir; apenas usufruindo daquilo que \u00e9 necess\u00e1rio para o dia a dia e deixando a floresta em p\u00e9, para que ela possa ser n\u00e3o s\u00f3 um sinal da ben\u00e7\u00e3o de Deus, mas possa tamb\u00e9m continuar o seu processo natural de desenvolvimento e de bem que faz para toda a humanidade&#8221;, garantiu.<\/span><\/p>\n<p style=\"text-align: justify\">Como experi\u00eancia concreta, ele citou os povos ind\u00edgenas Ka&#8217;apor, no Maranh\u00e3o, que criaram uma guarda que funciona em esquema de revezamento, por eles pr\u00f3prios, para manter a vigil\u00e2ncia de seu territ\u00f3rio j\u00e1 demarcado. &#8220;Eles criaram os guardi\u00f5es da floresta, que \u00e9 uma forma de estar protegendo e defendendo essa obra da cria\u00e7\u00e3o&#8221;, finalizou dom Sebasti\u00e3o.<\/p>\n<h3>Biodiversidade<\/h3>\n<p style=\"text-align: justify\">Roberto Malvezzi, o Gog\u00f3, que tamb\u00e9m \u00e9 membro da Comiss\u00e3o para a Ecologia Integral e Minera\u00e7\u00e3o da CNBB e escreve sobre quest\u00f5es do meio ambiente, fez uma an\u00e1lise da import\u00e2ncia da cobertura vegetal para a pr\u00f3pria vida da natureza. Ele pontuou a import\u00e2ncia da floresta amaz\u00f4nica, que \u00e9 a grande respons\u00e1vel pelo ciclo das \u00e1guas\u00a0 brasileiras: &#8220;Quando falamos do dia da floresta, estamos falando do ciclo das \u00e1guas, no ciclo da biodiversidade e no ciclo do carbono e na import\u00e2ncia da vida&#8221;, afirmou.<\/p>\n<p>Confira o \u00e1udio na \u00edntegra:<\/p>\n<!--[if lt IE 9]><script>document.createElement('audio');<\/script><![endif]-->\n\t<div class=\"wp-playlist wp-audio-playlist wp-playlist-light\">\n\t\t\t<div class=\"wp-playlist-current-item\"><\/div>\n\t\t<audio controls=\"controls\" preload=\"none\" width=\"640\"\n\t\t\t><\/audio>\n\t<div class=\"wp-playlist-next\"><\/div>\n\t<div class=\"wp-playlist-prev\"><\/div>\n\t<noscript>\n\t<ol>\n\t\t<li><a href='https:\/\/www.cnbb.org.br\/wp-content\/uploads\/2020\/07\/Roberto-Malvezzi.mp3'>Roberto Malvezzi<\/a><\/li>\t<\/ol>\n\t<\/noscript>\n\t<script type=\"application\/json\" class=\"wp-playlist-script\">{\"type\":\"audio\",\"tracklist\":true,\"tracknumbers\":true,\"images\":true,\"artists\":true,\"tracks\":[{\"src\":\"https:\\\/\\\/www.cnbb.org.br\\\/wp-content\\\/uploads\\\/2020\\\/07\\\/Roberto-Malvezzi.mp3\",\"type\":\"audio\\\/mpeg\",\"title\":\"Roberto Malvezzi\",\"caption\":\"\",\"description\":\"\\\"Roberto Malvezzi\\\".    \\t\",\"meta\":{\"length_formatted\":\"3:38\"},\"image\":{\"src\":\"https:\\\/\\\/www.cnbb.org.br\\\/wp-includes\\\/images\\\/media\\\/audio.png\",\"width\":48,\"height\":64},\"thumb\":{\"src\":\"https:\\\/\\\/www.cnbb.org.br\\\/wp-includes\\\/images\\\/media\\\/audio.png\",\"width\":48,\"height\":64}}]}<\/script>\n<\/div>\n\t\n<p>&nbsp;<\/p>\n<p>&nbsp;<\/p>\n<p>&nbsp;<\/p>\n<p><strong>Foto de capa: \u00a0ejaugsburg\/Pixabay\u00a0<\/strong>    \t<\/p>\n","protected":false},"excerpt":{"rendered":"<p>Nesta sexta, 17 de julho, \u00e9 celebrado o Dia de Prote\u00e7\u00e3o \u00e0s Florestas, com a Amaz\u00f4nia registrando um aumento de 25% de devasta\u00e7\u00e3o de sua \u00e1rea <\/p>\n","protected":false},"author":83,"featured_media":242593,"comment_status":"closed","ping_status":"open","sticky":false,"template":"","format":"standard","meta":{"site-sidebar-layout":"default","site-content-layout":"default","ast-global-header-display":"","ast-banner-title-visibility":"","ast-main-header-display":"","ast-hfb-above-header-display":"","ast-hfb-below-header-display":"","ast-hfb-mobile-header-display":"","site-post-title":"","ast-breadcrumbs-content":"","ast-featured-img":"","footer-sml-layout":"","theme-transparent-header-meta":"","adv-header-id-meta":"","stick-header-meta":"","header-above-stick-meta":"","header-main-stick-meta":"","header-below-stick-meta":""},"categories":[829],"tags":[1900,2001,2002,2003,2004],"acf":[],"_links":{"self":[{"href":"https:\/\/www.cnbb.org.br\/cnbb-app\/wp\/v2\/posts\/242597"}],"collection":[{"href":"https:\/\/www.cnbb.org.br\/cnbb-app\/wp\/v2\/posts"}],"about":[{"href":"https:\/\/www.cnbb.org.br\/cnbb-app\/wp\/v2\/types\/post"}],"author":[{"embeddable":true,"href":"https:\/\/www.cnbb.org.br\/cnbb-app\/wp\/v2\/users\/83"}],"replies":[{"embeddable":true,"href":"https:\/\/www.cnbb.org.br\/cnbb-app\/wp\/v2\/comments?post=242597"}],"version-history":[{"count":0,"href":"https:\/\/www.cnbb.org.br\/cnbb-app\/wp\/v2\/posts\/242597\/revisions"}],"wp:featuredmedia":[{"embeddable":true,"href":"https:\/\/www.cnbb.org.br\/cnbb-app\/wp\/v2\/media\/242593"}],"wp:attachment":[{"href":"https:\/\/www.cnbb.org.br\/cnbb-app\/wp\/v2\/media?parent=242597"}],"wp:term":[{"taxonomy":"category","embeddable":true,"href":"https:\/\/www.cnbb.org.br\/cnbb-app\/wp\/v2\/categories?post=242597"},{"taxonomy":"post_tag","embeddable":true,"href":"https:\/\/www.cnbb.org.br\/cnbb-app\/wp\/v2\/tags?post=242597"}],"curies":[{"name":"wp","href":"https:\/\/api.w.org\/{rel}","templated":true}]}}