{"id":242633,"date":"2020-07-18T22:24:40","date_gmt":"2020-07-19T01:24:40","guid":{"rendered":"https:\/\/www.cnbb.org.br\/?p=242633"},"modified":"2020-07-18T22:24:40","modified_gmt":"2020-07-19T01:24:40","slug":"falece-o-bispo-da-diocese-de-palmares-pe-dom-henrique-soares-da-costa","status":"publish","type":"post","link":"https:\/\/www.cnbb.org.br\/falece-o-bispo-da-diocese-de-palmares-pe-dom-henrique-soares-da-costa\/","title":{"rendered":"Falece o bispo da diocese de Palmares (PE), dom Henrique Soares da Costa"},"content":{"rendered":"<p style=\"text-align: justify\">Faleceu na noite deste s\u00e1bado, 18 de julho, o bispo da <strong><a role=\"link\" href=\"http:\/\/diocesepalmares.com.br\/\" rel=\"noopener noreferrer\" target=\"_blank\">Diocese de Palmares (PE)<\/a><\/strong>, dom Henrique Soares da Costa, 57 anos, em decorr\u00eancia da Covid-19. A informa\u00e7\u00e3o \u00e9 da diocese que divulgou uma <strong><a href=\"http:\/\/diocesepalmares.com.br\/noticia\/nota-de-falecimento-de-dom-henrique-soares-da-costa\/\" target=\"_blank\" rel=\"noopener\">Nota de Falecimento<\/a><\/strong>. Dom Henrique estava desde o \u00faltimo dia 4 de julho na Unidade de Tratamento Intensivo do Hospital Memorial S\u00e3o Jos\u00e9, no Recife (PE). No \u00faltimo dia 16, ele apresentou dificuldade para respirar e queda na oxigena\u00e7\u00e3o sangu\u00ednea. Por causa do quadro delicado, o religioso precisou ser entubado.<\/p>\n<p style=\"text-align: justify\">Desde a segunda-feira, 13 de julho, a diocese de Palmares promove a \u201cSemana de Ora\u00e7\u00e3o pela recupera\u00e7\u00e3o de dom Henrique\u201d. A cada dia uma forania ficou respons\u00e1vel por conduzir momentos de intercess\u00e3o pela sa\u00fade do bispo, das 8h \u00e0s 12h, com transmiss\u00e3o pela internet.<\/p>\n<p style=\"text-align: justify\">No site da diocese, em seu \u00faltimo artigo publicado dia 30 de junho de 2020, o bispo escreveu sobre &#8220;Pedro e a Igreja e Pedro na Igreja&#8221;, no qual aprofundou o papel de Pedro e Paulo, ap\u00f3stolos, na edifica\u00e7\u00e3o da Igreja de Cristo. \u201cOs dois eram como um s\u00f3! E ainda, para terminar o mais importante: o amor manifestado na total coer\u00eancia de vida, na entrega de toda a exist\u00eancia doada a Cristo Senhor, o Messias, o Filho do Deus vivo: &#8216;Amemos a f\u00e9, a vida, os trabalhos, os sofrimentos, os testemunhos e as prega\u00e7\u00f5es destes dois ap\u00f3stolos&#8217;. Sem isto, nenhum minist\u00e9rio pastoral na Igreja \u00e9 leg\u00edtimo ou digno do Cristo, Bom e \u00fanico Pastor do rebanho!&#8221;, escreveu.<\/p>\n<p>Dom Henrique \u00e9 o terceiro bispo falecido nos \u00faltimos tr\u00eas meses no Regional Nordeste 2, que abrange os estados do Rio Grande do Norte, Para\u00edba, Pernambuco e Alagoas. Os outros foram Dom Aldo di Cillo Pagotto, tamb\u00e9m vitimado pela Covid-19, e Dom Val\u00e9rio Breda, bispo de Penedo (AL).<\/p>\n<p><strong>Trajet\u00f3ria<\/strong><\/p>\n<p style=\"text-align: justify\">Dom Henrique Soares da Costa nasceu no dia 11 de abril de 1963 em Penedo, Alagoas. Aos 18 anos de idade ingressou no semin\u00e1rio de Maceiro e em 1984 concluiu o bacharelado em Filosofia pela Universidade Federal de Alagoas (Ufal). No per\u00edodo de 1985 a 1989 foi novi\u00e7o no Mosteiro de S\u00e3o Bento, na cidade do Rio de Janeiro, e no mosteiro Trapista de Nossa Senhora do Novo Mundo.<\/p>\n<p style=\"text-align: justify\">Regressou para o Semin\u00e1rio de Macei\u00f3, em 1990 onde iniciou a faculdade de Teologia. No ano seguinte, foi para Roma e concluiu a Teologia na Pontif\u00edcia Universidade Gregoriana, com mestrado em Teologia Dogm\u00e1tica.<\/p>\n<p style=\"text-align: justify\">Foi ordenado sacerdote no dia 15 de agosto de 1992. Como sacerdote, foi reitor da Igreja Nossa Senhora do Livramento, em Macei\u00f3, de 1994 a 2009 . Foi professor de teologia no Semin\u00e1rio Provincial de Macei\u00f3 e no Curso de Teologia do Centro de Estudos Superiores de Macei\u00f3. Tamb\u00e9m foi professor no Instituto Franciscano de Teologia, em Olinda (PE), e no Instituto Sedes Sapientiae, no Recife.<\/p>\n<p style=\"text-align: justify\">Foi membro do Conselho Presbiteral da Arquidiocese de Macei\u00f3, do Cabido Metropolitano e do Col\u00e9gio de Consultores. Ainda foi Vig\u00e1rio Episcopal para os leigos e coordenador da Comiss\u00e3o de Forma\u00e7\u00e3o Pol\u00edtica e respons\u00e1vel pelos di\u00e1conos permanentes e pela escola diaconal arquidiocesana.<\/p>\n<p style=\"text-align: justify\">Em 1\u00ba de abril de 2009 foi nomeado pelo Papa Bento XVI como bispo auxiliar da arquidiocese de Aracaju. Foi ordenado bispo no dia 19 de junho de 2009, por dom Ant\u00f4nio Muniz Fernandes, arcebispo de Macei\u00f3. Seu lema episcopal era \u201c<em>In Christo Pascere<\/em>\u201d &#8211; \u201cApascentar em Cristo\u201d.<\/p>\n<p style=\"text-align: justify\">No dia 19 de mar\u00e7o de 2014, o Papa Francisco o nomeou bispo da diocese de Palmares. No Regional Nordeste 2 da Confer\u00eancia Nacional dos Bispos do Brasil (CNBB NE2) era presidente da Comiss\u00e3o Regional Pastoral para Cultura e Educa\u00e7\u00e3o.<\/p>\n<p style=\"text-align: justify\">Tamb\u00e9m foi membro do Conselho Presbiteral da arquidiocese de Macei\u00f3, coordenador da Comiss\u00e3o de Educa\u00e7\u00e3o Pol\u00edtica, articulista em v\u00e1rios jornais da cidade de Macei\u00f3, do Jornal da Cidade, em Aracaju e editorialista e articulista do jornal arquidiocesano O Semeador, em Macei\u00f3.<\/p>\n<p style=\"text-align: justify\">Ele foi bispo titular de Ac\u00fafida e auxiliar e vig\u00e1rio geral de Aracaju desde 2009. Apresentou o programa dominical Hora Cat\u00f3lica, pela R\u00e1dio Cultura de Sergipe, foi bispo referencial para os Religiosos do Regional Nordeste III da CNBB, vice-presidente da Regi\u00e3o Pastoral Sergipe do Regional Nordeste III.<\/p>\n<blockquote>\n<p style=\"text-align: center\"><strong>Nota de Pesar da Confer\u00eancia Nacional dos Bispos do Brasil\u00a0<\/strong><\/p>\n<p style=\"text-align: justify\">\u00c9 com pesar que a Confer\u00eancia Nacional dos Bispo do Brasil (CNBB) compartilha a dor da perda de dom Henrique Soares da Costa, bispo diocesano de Palmares (PE), v\u00edtima da Covid-19. A CNBB expressa sua solidariedade aos diocesanos e familiares de dom Henrique Soares, ao Regional Nordeste 2 que, em pouco tempo, perde o terceiro bispo.<\/p>\n<p style=\"text-align: justify\">Rezamos pelo descanso eterno desses bispos, particularmente hoje por dom Henrique Soares, e tamb\u00e9m pelas in\u00fameras v\u00edtimas desta pandemia do novo Coronav\u00edrus. Que o Deus da vida a todos console e fortale\u00e7a.<\/p>\n<p style=\"text-align: right\">Bras\u00edlia-DF, 18 de julho de 2020<\/p>\n<p>&nbsp;<\/p>\n<p style=\"text-align: center\"><strong>Dom Walmor Oliveira de Azevedo\u00a0<\/strong><br \/>\nArcebispo de Belo Horizonte (MG)<br \/>\nPresidente da CNBB<\/p>\n<p style=\"text-align: center\"><strong>Dom Jaime Spengler\u00a0<\/strong><br \/>\nArcebispo de Porto Alegre (RS)<br \/>\nPrimeiro Vice-Presidente da CNBB<\/p>\n<p style=\"text-align: center\"><strong>Dom M\u00e1rio Ant\u00f4nio da Silva\u00a0<\/strong><br \/>\nBispo de Roraima (RR)<br \/>\nSegundo Vice-Presidente da CNBB<\/p>\n<p style=\"text-align: center\"><strong>Dom Joel Portella Amado\u00a0<\/strong><br \/>\nBispo auxiliar da arquidiocese de S\u00e3o Sebasti\u00e3o do Rio de Janeiro (RJ)<br \/>\nSecret\u00e1rio-geral da CNBB<\/p>\n<p>&nbsp;<\/p><\/blockquote>\n<p>&nbsp;<\/p>\n<p>&nbsp;    \t<\/p>\n","protected":false},"excerpt":{"rendered":"<p>Ele foi v\u00edtima da Covid-19. Estava internado desde o dia 4 de julho no Recife<\/p>\n","protected":false},"author":83,"featured_media":242634,"comment_status":"closed","ping_status":"open","sticky":false,"template":"","format":"standard","meta":{"site-sidebar-layout":"default","site-content-layout":"default","ast-global-header-display":"","ast-banner-title-visibility":"","ast-main-header-display":"","ast-hfb-above-header-display":"","ast-hfb-below-header-display":"","ast-hfb-mobile-header-display":"","site-post-title":"","ast-breadcrumbs-content":"","ast-featured-img":"","footer-sml-layout":"","theme-transparent-header-meta":"","adv-header-id-meta":"","stick-header-meta":"","header-above-stick-meta":"","header-main-stick-meta":"","header-below-stick-meta":""},"categories":[1358],"tags":[1855],"acf":[],"_links":{"self":[{"href":"https:\/\/www.cnbb.org.br\/cnbb-app\/wp\/v2\/posts\/242633"}],"collection":[{"href":"https:\/\/www.cnbb.org.br\/cnbb-app\/wp\/v2\/posts"}],"about":[{"href":"https:\/\/www.cnbb.org.br\/cnbb-app\/wp\/v2\/types\/post"}],"author":[{"embeddable":true,"href":"https:\/\/www.cnbb.org.br\/cnbb-app\/wp\/v2\/users\/83"}],"replies":[{"embeddable":true,"href":"https:\/\/www.cnbb.org.br\/cnbb-app\/wp\/v2\/comments?post=242633"}],"version-history":[{"count":0,"href":"https:\/\/www.cnbb.org.br\/cnbb-app\/wp\/v2\/posts\/242633\/revisions"}],"wp:featuredmedia":[{"embeddable":true,"href":"https:\/\/www.cnbb.org.br\/cnbb-app\/wp\/v2\/media\/242634"}],"wp:attachment":[{"href":"https:\/\/www.cnbb.org.br\/cnbb-app\/wp\/v2\/media?parent=242633"}],"wp:term":[{"taxonomy":"category","embeddable":true,"href":"https:\/\/www.cnbb.org.br\/cnbb-app\/wp\/v2\/categories?post=242633"},{"taxonomy":"post_tag","embeddable":true,"href":"https:\/\/www.cnbb.org.br\/cnbb-app\/wp\/v2\/tags?post=242633"}],"curies":[{"name":"wp","href":"https:\/\/api.w.org\/{rel}","templated":true}]}}