{"id":24267,"date":"2013-03-25T00:00:00","date_gmt":"2013-03-25T03:00:00","guid":{"rendered":"https:\/\/www.cnbb.org.br\/dom-erwin-kraeutler-e-doutor-honoris-causa-da-ufpa\/"},"modified":"2013-03-25T00:00:00","modified_gmt":"2013-03-25T03:00:00","slug":"dom-erwin-kraeutler-e-doutor-honoris-causa-da-ufpa","status":"publish","type":"post","link":"https:\/\/www.cnbb.org.br\/dom-erwin-kraeutler-e-doutor-honoris-causa-da-ufpa\/","title":{"rendered":"Dom Erwin Kr\u00e4utler \u00e9 Doutor Honoris Causa da UFPA"},"content":{"rendered":"<p style=\"text-align: justify\">Por uma hist\u00f3ria de vida marcada por lutas em favor de causas sociais e ambientais na Amaz\u00f4nia, o bispo da prelazia do Xingu, dom Erwin Kr\u00e4utler, recebeu da Universidade Federal do Par\u00e1 (UFPA) a maior honraria existente no meio acad\u00eamico: o t\u00edtulo de doutor honoris causa. A solenidade de entrega do diploma ao bispo foi realizada nesta quinta-feira, 21 de mar\u00e7o, no audit\u00f3rio do Sesi, no munic\u00edpio de Altamira.<\/p>\n<p><!--more--><\/p>\n<p style=\"text-align: justify\">Professores, alunos, autoridades municipais e religiosas acompanharam as homenagens a dom Erwin. O diploma foi entregue pelo reitor da UFPA, Carlos Maneschy, que destacou o significado da homenagem ao bispo. \u201cDom Erwin \u00e9 um doutor no sentido mais pleno da palavra. Doctor, aquele que excede em compet\u00eancia e talento aquilo que faz e causa. E a UFPA, por estar intrinsecamente ligada \u00e0s quest\u00f5es sociais, \u00e0 defesa de direitos e \u00e0 transforma\u00e7\u00e3o de vidas para melhor, tem esses valores associados a dom Erwin\u201d.<\/p>\n<p style=\"text-align: justify\">O t\u00edtulo \u00e9 atribu\u00eddo \u00e0 personalidade que se destacou pelo saber ou pela atua\u00e7\u00e3o em prol das artes, das ci\u00eancias, da filosofia, das letras, da promo\u00e7\u00e3o da paz, de causas humanit\u00e1rias ou a\u00e7\u00f5es de servi\u00e7o que transcendam fam\u00edlia, pessoas ou institui\u00e7\u00f5es, servindo de exemplo para a comunidade acad\u00eamica e para a sociedade em geral.<\/p>\n<p style=\"text-align: justify\">A trajet\u00f3ria de luta do bispo foi relembrada por amigos, ex-alunos e admiradores. Cada um relatou a experi\u00eancia que teve ao lado de dom Erwin, como a coordenadora do Campus de Altamira, Maria Ivonete Coutinho. \u201cEu conheci o bispo em 1978, quando estudava em um convento e pude acompanh\u00e1-lo em v\u00e1rias visitas \u00e0s comunidades carentes da regi\u00e3o. A partir da\u00ed, passei a admirar seu trabalho\u201d, conta.<\/p>\n<p style=\"text-align: justify\"><strong><img decoding=\"async\" loading=\"lazy\" class=\" alignright size-full wp-image-18337\" style=\"float: right\" src=\"https:\/\/www.cnbb.org.br\/wp-content\/uploads\/2020\/03\/ufpa_erwin2.jpg\" alt=\"ufpa erwin2\" width=\"310\" height=\"197\" \/>Reconhecimento nacional e internacional<\/strong> &#8211; A professora Ana Tancredi, do Instituto de Ci\u00eancias da Educa\u00e7\u00e3o (ICED\/UFPA), apresentou em seu discurso o hist\u00f3rico de lutas e do reconhecimento nacional e internacional do trabalho de dom Erwin. \u201cEsta comenda que a UFPA concede a dom Erwin se soma a dezenas de outros t\u00edtulos e premia\u00e7\u00f5es que ele j\u00e1 recebeu, no Brasil e no exterior, por se destacar pela defesa dos Direitos Humanos, dos povos ind\u00edgenas e do meio ambiente. Isso evidencia o alcance e a import\u00e2ncia para a sociedade como bispo e como cidad\u00e3o engajado nas causas sociais\u201d.<\/p>\n<p style=\"text-align: justify\">O procurador da Rep\u00fablica, Fel\u00edcio Pontes Junior, tamb\u00e9m destacou as lutas do bispo em defesa dos direitos dos povos ind\u00edgenas e da Amaz\u00f4nia. Ele lembrou a atua\u00e7\u00e3o do bispo quando este assumiu o Conselho Indigenista Mission\u00e1rio (Cimi) e passou a ser um dos mais importantes defensores das causas ind\u00edgenas, sobretudo na defesa do territ\u00f3rio, t\u00e3o cobi\u00e7ado por madeireiros, grileiros e empresas.<\/p>\n<p style=\"text-align: justify\">Sua atua\u00e7\u00e3o \u00e0 frente do Cimi colaborou para a inclus\u00e3o dos direitos dos povos ind\u00edgenas na Constitui\u00e7\u00e3o Brasileira em 1988 e para elevar a consci\u00eancia dentro da Igreja sobre esses direitos. A atua\u00e7\u00e3o do bispo tamb\u00e9m se fez presente na luta por melhorias nas condi\u00e7\u00f5es de vida de moradores da regi\u00e3o do Xingu e contra a constru\u00e7\u00e3o da barragem de Belo Monte. \u201cNenhum \u00f3rg\u00e3o de Justi\u00e7a deixou de ser cobrado por ele. Nunca se deixou intimidar pelas amea\u00e7as que recebeu e, por isso, deixa seu nome marcado na hist\u00f3ria deste Estado\u201d, disse o procurador.<\/p>\n<p style=\"text-align: justify\"><strong>Defesa dos exclu\u00eddos<\/strong> &#8211; Diante de tantas declara\u00e7\u00f5es e homenagens sobre sua atua\u00e7\u00e3o, dom Erwin Kr\u00e4utler se emocionou e falou da honra de estar recebendo o t\u00edtulo da UFPA. \u201cN\u00e3o \u00e9 um pr\u00eamio ou um t\u00edtulo a mais. \u00c9 um reconhecimento \u00fanico porque \u00e9 do meu Par\u00e1. Receber esta homenagem da UFPA significa que esta institui\u00e7\u00e3o de peso acompanha e apoia o meu engajamento, a minha luta em defesa dos exclu\u00eddos. Agrade\u00e7o em nome de todas as pessoas que deram o melhor de si e que lutaram comigo, como homens, mulheres, jovens, crian\u00e7as, enfim, compartilho com eles essa homenagem\u201d, finalizou.<\/p>\n","protected":false},"excerpt":{"rendered":"<p>Por uma hist\u00f3ria de vida marcada por lutas em favor de causas sociais e ambientais na Amaz\u00f4nia, o bispo da prelazia do Xingu, dom Erwin Kr\u00e4utler, recebeu da Universidade Federal do Par\u00e1 (UFPA) a maior honraria existente no meio acad\u00eamico: o t\u00edtulo de doutor honoris causa. A solenidade de entrega do diploma ao bispo foi &hellip;<\/p>\n<p class=\"read-more\"> <a class=\"\" href=\"https:\/\/www.cnbb.org.br\/dom-erwin-kraeutler-e-doutor-honoris-causa-da-ufpa\/\"> <span class=\"screen-reader-text\">Dom Erwin Kr\u00e4utler \u00e9 Doutor Honoris Causa da UFPA<\/span> Leia mais &raquo;<\/a><\/p>\n","protected":false},"author":83,"featured_media":24268,"comment_status":"open","ping_status":"open","sticky":false,"template":"","format":"standard","meta":{"site-sidebar-layout":"default","site-content-layout":"default","ast-global-header-display":"","ast-banner-title-visibility":"","ast-main-header-display":"","ast-hfb-above-header-display":"","ast-hfb-below-header-display":"","ast-hfb-mobile-header-display":"","site-post-title":"","ast-breadcrumbs-content":"","ast-featured-img":"","footer-sml-layout":"","theme-transparent-header-meta":"","adv-header-id-meta":"","stick-header-meta":"","header-above-stick-meta":"","header-main-stick-meta":"","header-below-stick-meta":""},"categories":[822,769],"tags":[],"acf":[],"_links":{"self":[{"href":"https:\/\/www.cnbb.org.br\/cnbb-app\/wp\/v2\/posts\/24267"}],"collection":[{"href":"https:\/\/www.cnbb.org.br\/cnbb-app\/wp\/v2\/posts"}],"about":[{"href":"https:\/\/www.cnbb.org.br\/cnbb-app\/wp\/v2\/types\/post"}],"author":[{"embeddable":true,"href":"https:\/\/www.cnbb.org.br\/cnbb-app\/wp\/v2\/users\/83"}],"replies":[{"embeddable":true,"href":"https:\/\/www.cnbb.org.br\/cnbb-app\/wp\/v2\/comments?post=24267"}],"version-history":[{"count":0,"href":"https:\/\/www.cnbb.org.br\/cnbb-app\/wp\/v2\/posts\/24267\/revisions"}],"wp:featuredmedia":[{"embeddable":true,"href":"https:\/\/www.cnbb.org.br\/cnbb-app\/wp\/v2\/media\/24268"}],"wp:attachment":[{"href":"https:\/\/www.cnbb.org.br\/cnbb-app\/wp\/v2\/media?parent=24267"}],"wp:term":[{"taxonomy":"category","embeddable":true,"href":"https:\/\/www.cnbb.org.br\/cnbb-app\/wp\/v2\/categories?post=24267"},{"taxonomy":"post_tag","embeddable":true,"href":"https:\/\/www.cnbb.org.br\/cnbb-app\/wp\/v2\/tags?post=24267"}],"curies":[{"name":"wp","href":"https:\/\/api.w.org\/{rel}","templated":true}]}}