{"id":24280,"date":"2013-07-12T00:00:00","date_gmt":"2013-07-12T03:00:00","guid":{"rendered":"https:\/\/www.cnbb.org.br\/regional-norte-ii-promove-seminario-da-5o-semana-social-brasileira\/"},"modified":"2013-07-12T00:00:00","modified_gmt":"2013-07-12T03:00:00","slug":"regional-norte-ii-promove-seminario-da-5o-semana-social-brasileira","status":"publish","type":"post","link":"https:\/\/www.cnbb.org.br\/regional-norte-ii-promove-seminario-da-5o-semana-social-brasileira\/","title":{"rendered":"Regional Norte II promove Semin\u00e1rio da 5\u00aa Semana Social Brasileira"},"content":{"rendered":"<p style=\"text-align: justify\">\u201cO Estado que temos e o Estado que queremos na constru\u00e7\u00e3o da sociedade do bem-viver\u201d, foi tema do Semin\u00e1rio da 5\u00aa Semana Social Brasileira realizado de 4 a 6 de julho, no Regional Norte 2 (Par\u00e1 e Amap\u00e1) da CNBB. O encontro prop\u00f4s reflex\u00e3o da a\u00e7\u00e3o evangelizadora da Igreja no processo de democratiza\u00e7\u00e3o do Estado Brasileiro. \u201cDevemos ter a tomada de posi\u00e7\u00e3o, para que as ideias possam se convergir e fortalecer a f\u00e9\u201d, disse padre Nelito Dornelas, coordenador da 5\u00aa SSB e assessor da Comiss\u00e3o Episcopal Pastoral para o Servi\u00e7o da Caridade, da Justi\u00e7a e da Paz da CNBB.&nbsp;Aproximadamente 40 pessoas de dez dioceses e prelazias, Pastorais e Organismos do Regional participaram do encontro. Os seguintes temas foram abordados: Concep\u00e7\u00f5es de Estado, a An\u00e1lise de conjuntura &#8211; O Estado que temos, Sociedade do Bem Viver \u2013 O Estado que queremos, a Identidade e Miss\u00e3o das Pastorais Sociais enfatizando o papel do leigo na democratiza\u00e7\u00e3o do Estado Brasileiro, al\u00e9m das exposi\u00e7\u00f5es das dioceses.<\/p>\n","protected":false},"excerpt":{"rendered":"<p>\u201cO Estado que temos e o Estado que queremos na constru\u00e7\u00e3o da sociedade do bem-viver\u201d, foi tema do Semin\u00e1rio da 5\u00aa Semana Social Brasileira realizado de 4 a 6 de julho, no Regional Norte 2 (Par\u00e1 e Amap\u00e1) da CNBB. O encontro prop\u00f4s reflex\u00e3o da a\u00e7\u00e3o evangelizadora da Igreja no processo de democratiza\u00e7\u00e3o do Estado &hellip;<\/p>\n<p class=\"read-more\"> <a class=\"\" href=\"https:\/\/www.cnbb.org.br\/regional-norte-ii-promove-seminario-da-5o-semana-social-brasileira\/\"> <span class=\"screen-reader-text\">Regional Norte II promove Semin\u00e1rio da 5\u00aa Semana Social Brasileira<\/span> Leia mais &raquo;<\/a><\/p>\n","protected":false},"author":83,"featured_media":24281,"comment_status":"open","ping_status":"open","sticky":false,"template":"","format":"standard","meta":{"site-sidebar-layout":"default","site-content-layout":"default","ast-global-header-display":"","ast-banner-title-visibility":"","ast-main-header-display":"","ast-hfb-above-header-display":"","ast-hfb-below-header-display":"","ast-hfb-mobile-header-display":"","site-post-title":"","ast-breadcrumbs-content":"","ast-featured-img":"","footer-sml-layout":"","theme-transparent-header-meta":"","adv-header-id-meta":"","stick-header-meta":"","header-above-stick-meta":"","header-main-stick-meta":"","header-below-stick-meta":""},"categories":[822,769],"tags":[],"acf":[],"_links":{"self":[{"href":"https:\/\/www.cnbb.org.br\/cnbb-app\/wp\/v2\/posts\/24280"}],"collection":[{"href":"https:\/\/www.cnbb.org.br\/cnbb-app\/wp\/v2\/posts"}],"about":[{"href":"https:\/\/www.cnbb.org.br\/cnbb-app\/wp\/v2\/types\/post"}],"author":[{"embeddable":true,"href":"https:\/\/www.cnbb.org.br\/cnbb-app\/wp\/v2\/users\/83"}],"replies":[{"embeddable":true,"href":"https:\/\/www.cnbb.org.br\/cnbb-app\/wp\/v2\/comments?post=24280"}],"version-history":[{"count":0,"href":"https:\/\/www.cnbb.org.br\/cnbb-app\/wp\/v2\/posts\/24280\/revisions"}],"wp:featuredmedia":[{"embeddable":true,"href":"https:\/\/www.cnbb.org.br\/cnbb-app\/wp\/v2\/media\/24281"}],"wp:attachment":[{"href":"https:\/\/www.cnbb.org.br\/cnbb-app\/wp\/v2\/media?parent=24280"}],"wp:term":[{"taxonomy":"category","embeddable":true,"href":"https:\/\/www.cnbb.org.br\/cnbb-app\/wp\/v2\/categories?post=24280"},{"taxonomy":"post_tag","embeddable":true,"href":"https:\/\/www.cnbb.org.br\/cnbb-app\/wp\/v2\/tags?post=24280"}],"curies":[{"name":"wp","href":"https:\/\/api.w.org\/{rel}","templated":true}]}}