{"id":24292,"date":"2013-10-22T00:00:00","date_gmt":"2013-10-22T02:00:00","guid":{"rendered":"https:\/\/www.cnbb.org.br\/congresso-reune-educadores-da-diocese-de-santissima-conceicao-do-araguaia-pa-1\/"},"modified":"2013-10-22T00:00:00","modified_gmt":"2013-10-22T02:00:00","slug":"congresso-reune-educadores-da-diocese-de-santissima-conceicao-do-araguaia-pa-1","status":"publish","type":"post","link":"https:\/\/www.cnbb.org.br\/congresso-reune-educadores-da-diocese-de-santissima-conceicao-do-araguaia-pa-1\/","title":{"rendered":"Congresso re\u00fane educadores da diocese de Sant\u00edssima Concei\u00e7\u00e3o do Araguaia (PA)"},"content":{"rendered":"<p style=\"text-align: justify\">Para trabalhar o tema \u201cInquieta\u00e7\u00e3o, educa\u00e7\u00e3o e transmiss\u00e3o de valores\u201d, de 18 a 20 de outubro, ocorreu em Reden\u00e7\u00e3o (PA), o 2\u00ba Congresso de Educadores. Trata-se da segunda edi\u00e7\u00e3o do evento, promovido pela diocese de Sant\u00edssima Concei\u00e7\u00e3o do Araguaia com o apoio da Universidade do Estado do Par\u00e1 (UEPA), a Rede Clarissas Franciscanas e a prefeitura municipal de reden\u00e7\u00e3o.<\/p>\n<p>  <!--more-->  <\/p>\n<p style=\"text-align: justify\">Voltado para pais, catequistas, diretores de escolas, professores, alunos de licenciatura, l\u00edderes de comunidades e movimentos, o evento contou com palestrantes de v\u00e1rias localidades do Brasil. A abertura oficial foi realizada pelo bispo diocesano, dom Dominique You e contou com a participa\u00e7\u00e3o de crian\u00e7as e jovens do movimento Inf\u00e2ncia e Adolesc\u00eancia Mission\u00e1ria.<\/p>\n<p style=\"text-align: justify\">V\u00e1rios aspectos da educa\u00e7\u00e3o foram debatidos como, por exemplo, os valores da educa\u00e7\u00e3o atualmente, e como \u00e9 poss\u00edvel ampli\u00e1-los. Tamb\u00e9m estiveram na pauta a educa\u00e7\u00e3o na regi\u00e3o do sul do Par\u00e1 e o programa de orienta\u00e7\u00e3o sexual promovido pelo Minist\u00e9rio da Educa\u00e7\u00e3o.<\/p>\n<p style=\"text-align: justify\">De acordo com dom Dominique, existem poucas escolas cat\u00f3licas na regi\u00e3o, mas o bispo ressalta o trabalho desenvolvido por jovens mission\u00e1rios nas escolas p\u00fablicas. \u201cTemos apenas tr\u00eas escolas cat\u00f3licas, mas no ensino p\u00fablico temos um acompanhamento da igreja. No Projeto Aten\u00e7\u00e3o escolar jovens da diocese visitam as escolas p\u00fablicas, e d\u00e3o palestras sobre o tema da campanha da fraternidade, da evangeliza\u00e7\u00e3o da sexualidade\u201d, afirma o bispo.<\/p>\n<p style=\"text-align: justify\">No encerramento do encontro, foi discutido o que mudou a partir do evento. \u201cO ensino p\u00fablico quer muito mais, quer a Pastoral da Educa\u00e7\u00e3o estruturada em todos os munic\u00edpios\u201d, disse o bispo. Segundo dom Dominique, a experi\u00eancia dos dois congressos deixa um importante aprendizado. \u201cAgora que temos a dupla experi\u00eancia dos congressos de educadores, e uma grande expectativa do terceiro, sabemos que podemos avan\u00e7ar e dar passos na estrutura\u00e7\u00e3o da Pastoral da Educa\u00e7\u00e3o\u201d, disse.<\/p>\n","protected":false},"excerpt":{"rendered":"<p>Para trabalhar o tema \u201cInquieta\u00e7\u00e3o, educa\u00e7\u00e3o e transmiss\u00e3o de valores\u201d, de 18 a 20 de outubro, ocorreu em Reden\u00e7\u00e3o (PA), o 2\u00ba Congresso de Educadores. Trata-se da segunda edi\u00e7\u00e3o do evento, promovido pela diocese de Sant\u00edssima Concei\u00e7\u00e3o do Araguaia com o apoio da Universidade do Estado do Par\u00e1 (UEPA), a Rede Clarissas Franciscanas e a &hellip;<\/p>\n<p class=\"read-more\"> <a class=\"\" href=\"https:\/\/www.cnbb.org.br\/congresso-reune-educadores-da-diocese-de-santissima-conceicao-do-araguaia-pa-1\/\"> <span class=\"screen-reader-text\">Congresso re\u00fane educadores da diocese de Sant\u00edssima Concei\u00e7\u00e3o do Araguaia (PA)<\/span> Leia mais &raquo;<\/a><\/p>\n","protected":false},"author":83,"featured_media":24293,"comment_status":"open","ping_status":"open","sticky":false,"template":"","format":"standard","meta":{"site-sidebar-layout":"default","site-content-layout":"default","ast-global-header-display":"","ast-banner-title-visibility":"","ast-main-header-display":"","ast-hfb-above-header-display":"","ast-hfb-below-header-display":"","ast-hfb-mobile-header-display":"","site-post-title":"","ast-breadcrumbs-content":"","ast-featured-img":"","footer-sml-layout":"","theme-transparent-header-meta":"","adv-header-id-meta":"","stick-header-meta":"","header-above-stick-meta":"","header-main-stick-meta":"","header-below-stick-meta":""},"categories":[822,769],"tags":[],"acf":[],"_links":{"self":[{"href":"https:\/\/www.cnbb.org.br\/cnbb-app\/wp\/v2\/posts\/24292"}],"collection":[{"href":"https:\/\/www.cnbb.org.br\/cnbb-app\/wp\/v2\/posts"}],"about":[{"href":"https:\/\/www.cnbb.org.br\/cnbb-app\/wp\/v2\/types\/post"}],"author":[{"embeddable":true,"href":"https:\/\/www.cnbb.org.br\/cnbb-app\/wp\/v2\/users\/83"}],"replies":[{"embeddable":true,"href":"https:\/\/www.cnbb.org.br\/cnbb-app\/wp\/v2\/comments?post=24292"}],"version-history":[{"count":0,"href":"https:\/\/www.cnbb.org.br\/cnbb-app\/wp\/v2\/posts\/24292\/revisions"}],"wp:featuredmedia":[{"embeddable":true,"href":"https:\/\/www.cnbb.org.br\/cnbb-app\/wp\/v2\/media\/24293"}],"wp:attachment":[{"href":"https:\/\/www.cnbb.org.br\/cnbb-app\/wp\/v2\/media?parent=24292"}],"wp:term":[{"taxonomy":"category","embeddable":true,"href":"https:\/\/www.cnbb.org.br\/cnbb-app\/wp\/v2\/categories?post=24292"},{"taxonomy":"post_tag","embeddable":true,"href":"https:\/\/www.cnbb.org.br\/cnbb-app\/wp\/v2\/tags?post=24292"}],"curies":[{"name":"wp","href":"https:\/\/api.w.org\/{rel}","templated":true}]}}