{"id":24300,"date":"2014-05-14T00:00:00","date_gmt":"2014-05-14T03:00:00","guid":{"rendered":"https:\/\/www.cnbb.org.br\/diocese-de-santarem-define-novos-rumos-da-acao-evangelizadora\/"},"modified":"2014-05-14T00:00:00","modified_gmt":"2014-05-14T03:00:00","slug":"diocese-de-santarem-define-novos-rumos-da-acao-evangelizadora","status":"publish","type":"post","link":"https:\/\/www.cnbb.org.br\/diocese-de-santarem-define-novos-rumos-da-acao-evangelizadora\/","title":{"rendered":"Diocese de Santar\u00e9m realiza Assembleia de Pastoral"},"content":{"rendered":"<p style=\"text-align: justify\">Com o tema &#8220;Eu vim para que todos tenham vida, e vida em abund\u00e2ncia&#8221; (Jo 10,10), \u00a0ser\u00e1 realizada a 8\u00aa Assembleia de Pastoral da diocese de Santar\u00e9m (PA), de 15 a 18 de maio, no semin\u00e1rio S\u00e3o Pio X. Na ocasi\u00e3o, ser\u00e1 feita uma avalia\u00e7\u00e3o da caminhada pastoral da diocese nos \u00faltimos seis anos, a partir das realidades rural e urbana.<\/p>\n<p><!--more--><\/p>\n<p style=\"text-align: justify\"><span style=\"line-height: 1.3em\">Durante o evento, ser\u00e3o discutidas as diretrizes e as prioridades de a\u00e7\u00f5es pastorais da diocese para os pr\u00f3ximos anos.\u00a0<\/span><\/p>\n<p style=\"text-align: justify\"><span style=\"line-height: 1.3em\">A Assembleia \u00a0reunir\u00e1 cerca de 300 pessoas entre lideran\u00e7as comunit\u00e1rias,\u00a0<\/span><span style=\"line-height: 1.3em\">padres, religiosos, representantes de movimentos eclesiais e de equipes diocesanas de servi\u00e7o. Contar\u00e1 com a presen\u00e7a \u00a0do bispo diocesano, dom\u00a0m Fl\u00e1vio Giovenale.<\/span><\/p>\n<p style=\"text-align: justify\"><span style=\"line-height: 1.3em\">A programa\u00e7\u00e3o inclui \u00a0missas, momentos de forma\u00e7\u00e3o e reflex\u00f5es.<\/span><\/p>\n","protected":false},"excerpt":{"rendered":"<p>Com o tema &#8220;Eu vim para que todos tenham vida, e vida em abund\u00e2ncia&#8221; (Jo 10,10), \u00a0ser\u00e1 realizada a 8\u00aa Assembleia de Pastoral da diocese de Santar\u00e9m (PA), de 15 a 18 de maio, no semin\u00e1rio S\u00e3o Pio X. Na ocasi\u00e3o, ser\u00e1 feita uma avalia\u00e7\u00e3o da caminhada pastoral da diocese nos \u00faltimos seis anos, a &hellip;<\/p>\n<p class=\"read-more\"> <a class=\"\" href=\"https:\/\/www.cnbb.org.br\/diocese-de-santarem-define-novos-rumos-da-acao-evangelizadora\/\"> <span class=\"screen-reader-text\">Diocese de Santar\u00e9m realiza Assembleia de Pastoral<\/span> Leia mais &raquo;<\/a><\/p>\n","protected":false},"author":83,"featured_media":24301,"comment_status":"open","ping_status":"open","sticky":false,"template":"","format":"standard","meta":{"site-sidebar-layout":"default","site-content-layout":"default","ast-global-header-display":"","ast-banner-title-visibility":"","ast-main-header-display":"","ast-hfb-above-header-display":"","ast-hfb-below-header-display":"","ast-hfb-mobile-header-display":"","site-post-title":"","ast-breadcrumbs-content":"","ast-featured-img":"","footer-sml-layout":"","theme-transparent-header-meta":"","adv-header-id-meta":"","stick-header-meta":"","header-above-stick-meta":"","header-main-stick-meta":"","header-below-stick-meta":""},"categories":[822,769],"tags":[],"acf":[],"_links":{"self":[{"href":"https:\/\/www.cnbb.org.br\/cnbb-app\/wp\/v2\/posts\/24300"}],"collection":[{"href":"https:\/\/www.cnbb.org.br\/cnbb-app\/wp\/v2\/posts"}],"about":[{"href":"https:\/\/www.cnbb.org.br\/cnbb-app\/wp\/v2\/types\/post"}],"author":[{"embeddable":true,"href":"https:\/\/www.cnbb.org.br\/cnbb-app\/wp\/v2\/users\/83"}],"replies":[{"embeddable":true,"href":"https:\/\/www.cnbb.org.br\/cnbb-app\/wp\/v2\/comments?post=24300"}],"version-history":[{"count":0,"href":"https:\/\/www.cnbb.org.br\/cnbb-app\/wp\/v2\/posts\/24300\/revisions"}],"wp:featuredmedia":[{"embeddable":true,"href":"https:\/\/www.cnbb.org.br\/cnbb-app\/wp\/v2\/media\/24301"}],"wp:attachment":[{"href":"https:\/\/www.cnbb.org.br\/cnbb-app\/wp\/v2\/media?parent=24300"}],"wp:term":[{"taxonomy":"category","embeddable":true,"href":"https:\/\/www.cnbb.org.br\/cnbb-app\/wp\/v2\/categories?post=24300"},{"taxonomy":"post_tag","embeddable":true,"href":"https:\/\/www.cnbb.org.br\/cnbb-app\/wp\/v2\/tags?post=24300"}],"curies":[{"name":"wp","href":"https:\/\/api.w.org\/{rel}","templated":true}]}}