{"id":24306,"date":"2014-07-10T00:00:00","date_gmt":"2014-07-10T03:00:00","guid":{"rendered":"https:\/\/www.cnbb.org.br\/diocese-de-maraba-realiza-encontros-com-a-pastoral-da-crianca\/"},"modified":"2014-07-10T00:00:00","modified_gmt":"2014-07-10T03:00:00","slug":"diocese-de-maraba-realiza-encontros-com-a-pastoral-da-crianca","status":"publish","type":"post","link":"https:\/\/www.cnbb.org.br\/diocese-de-maraba-realiza-encontros-com-a-pastoral-da-crianca\/","title":{"rendered":"Diocese de Marab\u00e1 realiza encontros da Pastoral da Crian\u00e7a"},"content":{"rendered":"<p style=\"text-align: justify\">Com a presen\u00e7a dos coordenadoras da Pastoral da Crian\u00e7a, irm\u00e3 Vera L\u00facia Alto\u00e9 (coordenadora nacional) e irm\u00e3 Veneranda Alencar (coordenadora estadual), foram realizados dois encontros na diocese de Marab\u00e1 (PA), nos dias 6 e 7 de julho.<\/p>\n<p>  <!--more-->  <\/p>\n<p style=\"text-align: justify\"><span style=\"line-height: 1.3em\">O primeiro ocorreu em Curion\u00f3polis, no dia 6. Na ocasi\u00e3o, estiveram presentes as l\u00edderes da Pastoral da Crian\u00e7a da \u00e1rea de Parauapebas. Na parte da manh\u00e3, foi realizada a missa de abertura, presidida pelo bispo diocesano, dom Vital Corbellini. Ap\u00f3s a celebra\u00e7\u00e3o, a coordenadora nacional da Pastoral da Crian\u00e7a ressaltou a import\u00e2ncia da pastoral como \u201cmeio de evangeliza\u00e7\u00e3o, de vida na vida que vem de Jesus\u201d.<\/span><\/p>\n<p style=\"text-align: justify\">Dom Vital ressaltou a import\u00e2ncia da presen\u00e7a de l\u00edderes. \u201cMuitas volunt\u00e1rias, lideres compareceram. A maioria mulheres, mas tamb\u00e9m com a presen\u00e7a de homens que ajudam na coordena\u00e7\u00e3o da pastoral nas comunidades\u201d, disse. O bispo ainda mencionou sobre a\u00e7\u00f5es da pastoral na regi\u00e3o. \u201cA Pastoral da Crian\u00e7a possibilita a vida na comunidade e salva crian\u00e7as com a comida que est\u00e1 sendo dada na celebra\u00e7\u00e3o da vida, uma vez por m\u00eas\u201d, recordou.<\/p>\n<p style=\"text-align: justify\">O segundo encontro foi em Marab\u00e1, no dia 7, na sede da Pastoral da Crian\u00e7a da diocese, que se situa no bairro Laranjeiras. Houve a missa na parte da manh\u00e3, tamb\u00e9m, presidida por dom Vital Corbellini, com a presen\u00e7a de padres e de l\u00edderes das comunidades e par\u00f3quias das \u00e1reas Marab\u00e1, Jacund\u00e1 e de S\u00e3o Domingos do Araguaia.<\/p>\n<p style=\"text-align: justify\">Para dom Vital, a presen\u00e7a das coordenadoras da pastoral foi uma motiva\u00e7\u00e3o nas a\u00e7\u00f5es j\u00e1 realizadas na regi\u00e3o. \u201cAs irm\u00e3s Vera L\u00facia Alto\u00e9 e a irm\u00e3 Veneranda Alencar fizeram-se presentes dando \u00e2nimo e for\u00e7a para a pastoral na diocese. A diocese de Marab\u00e1 realizou um salto qualitativo nos anos de 2013 e 2014, tendo um bom n\u00famero de crian\u00e7as que est\u00e3o sendo pesadas e participam da celebra\u00e7\u00e3o da vida\u201d, afirmou.<\/p>\n<p style=\"text-align: justify\">Ao final dos encontros, dom Vital expressou gratid\u00e3o a todos os envolvidos nos trabalhos realizados pelas crian\u00e7as na diocese. \u201c\u00c9 o Esp\u00edrito de Deus que ilumina as pessoas para trabalhar em favor dos outros, sobretudo dos necessitados e pobres. N\u00f3s agradecemos a Deus por muitas pessoas doarem algo delas mesmas para a vida de muitas crian\u00e7as em nossas comunidades\u201d, manifestou.<\/p>\n<h5 style=\"text-align: justify\"><strong>CNBB com informa\u00e7\u00f5es da diocese de Marab\u00e1 (PA).<\/strong><\/h5>\n","protected":false},"excerpt":{"rendered":"<p>Com a presen\u00e7a dos coordenadoras da Pastoral da Crian\u00e7a, irm\u00e3 Vera L\u00facia Alto\u00e9 (coordenadora nacional) e irm\u00e3 Veneranda Alencar (coordenadora estadual), foram realizados dois encontros na diocese de Marab\u00e1 (PA), nos dias 6 e 7 de julho.<\/p>\n","protected":false},"author":83,"featured_media":24307,"comment_status":"open","ping_status":"open","sticky":false,"template":"","format":"standard","meta":{"site-sidebar-layout":"default","site-content-layout":"default","ast-global-header-display":"","ast-banner-title-visibility":"","ast-main-header-display":"","ast-hfb-above-header-display":"","ast-hfb-below-header-display":"","ast-hfb-mobile-header-display":"","site-post-title":"","ast-breadcrumbs-content":"","ast-featured-img":"","footer-sml-layout":"","theme-transparent-header-meta":"","adv-header-id-meta":"","stick-header-meta":"","header-above-stick-meta":"","header-main-stick-meta":"","header-below-stick-meta":""},"categories":[822,769],"tags":[],"acf":[],"_links":{"self":[{"href":"https:\/\/www.cnbb.org.br\/cnbb-app\/wp\/v2\/posts\/24306"}],"collection":[{"href":"https:\/\/www.cnbb.org.br\/cnbb-app\/wp\/v2\/posts"}],"about":[{"href":"https:\/\/www.cnbb.org.br\/cnbb-app\/wp\/v2\/types\/post"}],"author":[{"embeddable":true,"href":"https:\/\/www.cnbb.org.br\/cnbb-app\/wp\/v2\/users\/83"}],"replies":[{"embeddable":true,"href":"https:\/\/www.cnbb.org.br\/cnbb-app\/wp\/v2\/comments?post=24306"}],"version-history":[{"count":0,"href":"https:\/\/www.cnbb.org.br\/cnbb-app\/wp\/v2\/posts\/24306\/revisions"}],"wp:featuredmedia":[{"embeddable":true,"href":"https:\/\/www.cnbb.org.br\/cnbb-app\/wp\/v2\/media\/24307"}],"wp:attachment":[{"href":"https:\/\/www.cnbb.org.br\/cnbb-app\/wp\/v2\/media?parent=24306"}],"wp:term":[{"taxonomy":"category","embeddable":true,"href":"https:\/\/www.cnbb.org.br\/cnbb-app\/wp\/v2\/categories?post=24306"},{"taxonomy":"post_tag","embeddable":true,"href":"https:\/\/www.cnbb.org.br\/cnbb-app\/wp\/v2\/tags?post=24306"}],"curies":[{"name":"wp","href":"https:\/\/api.w.org\/{rel}","templated":true}]}}