{"id":24310,"date":"2014-09-04T00:00:00","date_gmt":"2014-09-04T03:00:00","guid":{"rendered":"https:\/\/www.cnbb.org.br\/arquidiocese-de-belem-lanca-concurso-do-hino-do-congresso-eucaristico\/"},"modified":"2014-09-04T00:00:00","modified_gmt":"2014-09-04T03:00:00","slug":"arquidiocese-de-belem-lanca-concurso-do-hino-do-congresso-eucaristico","status":"publish","type":"post","link":"https:\/\/www.cnbb.org.br\/arquidiocese-de-belem-lanca-concurso-do-hino-do-congresso-eucaristico\/","title":{"rendered":"Arquidiocese de Bel\u00e9m lan\u00e7a concurso para o Hino do Congresso Eucar\u00edstico"},"content":{"rendered":"<p style=\"text-align: justify\" align=\"center\"><span style=\"line-height: 1.3em\">Com o tema \u201cEucaristia e Partilha na Amaz\u00f4nia Mission\u00e1ria\u201d e lema \u201cEles o reconheceram no partir do p\u00e3o\u201d ser\u00e1 realizado, de 15 a 21 de agosto de 2016, o 17\u00ba Congresso Eucar\u00edstico Nacional, em Bel\u00e9m (PA). Dentre os preparativos para o evento, a comiss\u00e3o organizadora lan\u00e7ou, no dia 1\u00ba de setembro, o Concurso para escolha do Hino do Congresso Eucar\u00edstico.<\/span><\/p>\n<p><!--more--><\/p>\n<p style=\"text-align: justify\" align=\"center\"><span style=\"line-height: 1.3em\">Cada compositor poder\u00e1 inscrever no m\u00e1ximo duas composi\u00e7\u00f5es (letra e m\u00fasica). O prazo para inscri\u00e7\u00e3o e envio prosseguir\u00e1 at\u00e9 12 de janeiro de 2015. As obras inscritas ser\u00e3o analisadas por uma comiss\u00e3o julgadora a ser definida pela arquidiocese de Bel\u00e9m, que estabelecer\u00e1 crit\u00e9rios pr\u00f3prios da sele\u00e7\u00e3o.<\/span><\/p>\n<p style=\"text-align: justify\"><strong>Conte\u00fado da m\u00fasica<\/strong><\/p>\n<p style=\"text-align: justify\">As composi\u00e7\u00f5es devem obedecer a tem\u00e1tica do Congresso Eucar\u00edstico, buscando privilegiar o car\u00e1ter solene e festivo, com dura\u00e7\u00e3o m\u00ednima de 5 minutos. A partir da proposta da reflex\u00e3o sobre a Amaz\u00f4nia Mission\u00e1ria, orienta-se que as letras ressaltem a vida eclesial e o sentido da a\u00e7\u00e3o evangelizadora, al\u00e9m da dimens\u00e3o mission\u00e1ria presente no Igreja no Brasil. Outro aspecto a ser citado nas letras s\u00e3o os 400 anos de funda\u00e7\u00e3o da cidade de Santa Maria de Bel\u00e9m do Gr\u00e3o do Par\u00e1.<\/p>\n<p style=\"text-align: left\">Contato com a coordena\u00e7\u00e3o do 17\u00ba Congresso Eucar\u00edstico: (91) 3215.7001 ou <a href=\"mailto:congressoeucaristico2016@gmail.com\">congressoeucaristico2016@gmail.com<\/a><\/p>\n<p style=\"text-align: justify\"><strong>Confira o <a href=\"publicacoes-2\/documentos-para-downloads-2\/cat_view\/516-xvii-congresso-eucaristico-nacional-2016-belem-pa\" target=\"_blank\" rel=\"noopener noreferrer\">Edital de Sele\u00e7\u00e3o<\/a>. \u00a0<\/strong><\/p>\n","protected":false},"excerpt":{"rendered":"<p>Com o tema \u201cEucaristia e Partilha na Amaz\u00f4nia Mission\u00e1ria\u201d e lema \u201cEles o reconheceram no partir do p\u00e3o\u201d ser\u00e1 realizado, de 15 a 21 de agosto de 2016, o 17\u00ba Congresso Eucar\u00edstico Nacional, em Bel\u00e9m (PA). Dentre os preparativos para o evento, a comiss\u00e3o organizadora lan\u00e7ou, no dia 1\u00ba de setembro, o Concurso para escolha &hellip;<\/p>\n<p class=\"read-more\"> <a class=\"\" href=\"https:\/\/www.cnbb.org.br\/arquidiocese-de-belem-lanca-concurso-do-hino-do-congresso-eucaristico\/\"> <span class=\"screen-reader-text\">Arquidiocese de Bel\u00e9m lan\u00e7a concurso para o Hino do Congresso Eucar\u00edstico<\/span> Leia mais &raquo;<\/a><\/p>\n","protected":false},"author":83,"featured_media":24311,"comment_status":"open","ping_status":"open","sticky":false,"template":"","format":"standard","meta":{"site-sidebar-layout":"default","site-content-layout":"default","ast-global-header-display":"","ast-banner-title-visibility":"","ast-main-header-display":"","ast-hfb-above-header-display":"","ast-hfb-below-header-display":"","ast-hfb-mobile-header-display":"","site-post-title":"","ast-breadcrumbs-content":"","ast-featured-img":"","footer-sml-layout":"","theme-transparent-header-meta":"","adv-header-id-meta":"","stick-header-meta":"","header-above-stick-meta":"","header-main-stick-meta":"","header-below-stick-meta":""},"categories":[822,769],"tags":[],"acf":[],"_links":{"self":[{"href":"https:\/\/www.cnbb.org.br\/cnbb-app\/wp\/v2\/posts\/24310"}],"collection":[{"href":"https:\/\/www.cnbb.org.br\/cnbb-app\/wp\/v2\/posts"}],"about":[{"href":"https:\/\/www.cnbb.org.br\/cnbb-app\/wp\/v2\/types\/post"}],"author":[{"embeddable":true,"href":"https:\/\/www.cnbb.org.br\/cnbb-app\/wp\/v2\/users\/83"}],"replies":[{"embeddable":true,"href":"https:\/\/www.cnbb.org.br\/cnbb-app\/wp\/v2\/comments?post=24310"}],"version-history":[{"count":0,"href":"https:\/\/www.cnbb.org.br\/cnbb-app\/wp\/v2\/posts\/24310\/revisions"}],"wp:featuredmedia":[{"embeddable":true,"href":"https:\/\/www.cnbb.org.br\/cnbb-app\/wp\/v2\/media\/24311"}],"wp:attachment":[{"href":"https:\/\/www.cnbb.org.br\/cnbb-app\/wp\/v2\/media?parent=24310"}],"wp:term":[{"taxonomy":"category","embeddable":true,"href":"https:\/\/www.cnbb.org.br\/cnbb-app\/wp\/v2\/categories?post=24310"},{"taxonomy":"post_tag","embeddable":true,"href":"https:\/\/www.cnbb.org.br\/cnbb-app\/wp\/v2\/tags?post=24310"}],"curies":[{"name":"wp","href":"https:\/\/api.w.org\/{rel}","templated":true}]}}