{"id":24312,"date":"2014-09-04T00:00:00","date_gmt":"2014-09-04T03:00:00","guid":{"rendered":"https:\/\/www.cnbb.org.br\/comidi-maraba-prepara-equipe-diocesana\/"},"modified":"2014-09-04T00:00:00","modified_gmt":"2014-09-04T03:00:00","slug":"comidi-maraba-prepara-equipe-diocesana","status":"publish","type":"post","link":"https:\/\/www.cnbb.org.br\/comidi-maraba-prepara-equipe-diocesana\/","title":{"rendered":"Comidi Marab\u00e1 prepara equipe mission\u00e1ria"},"content":{"rendered":"<p style=\"text-align: justify\"><span style=\"line-height: 1.3em\">Religiosos, leigos e representantes de pastorais e movimentos da diocese de Marab\u00e1 (PA) participaram da reuni\u00e3o do Conselho Mission\u00e1rio Diocesano (Comidi), com a finalidade de organizar uma equipe mission\u00e1ria. O evento, ocorreu na par\u00f3quia Nossa Senhora de F\u00e1tima, no dia 30 de agosto.<\/span><\/p>\n<p><!--more--><\/p>\n<p style=\"text-align: justify\"><span style=\"line-height: 1.3em\">A organiza\u00e7\u00e3o do trabalho mission\u00e1rio em Marab\u00e1 faz parte do processo de miss\u00e3o permanente junto \u00e0s pastorais, movimentos e servi\u00e7os da comunidade. De acordo com o bispo de Marab\u00e1, dom Vital Corbellini, \u00e9 uma resposta \u00e0 realidade em que muitas pessoas n\u00e3o conhecem o Evangelho, a vida em comunidade, os sacramentos, a alegria da viv\u00eancia em comunh\u00e3o. \u201cN\u00f3s vemos o empenho de muitas pessoas que, com uma forma\u00e7\u00e3o e espiritualidade da miss\u00e3o, visitam as fam\u00edlias, anotam o nome das pessoas, convidam-nas para participa\u00e7\u00e3o de algum grupo, seja ele de ora\u00e7\u00e3o, de pastoral, ou mesmo no servi\u00e7o da catequese\u201d, conta o bispo.<\/span><\/p>\n<p style=\"text-align: justify\">O Comidi, segundo dom Vital, dar\u00e1 \u201corganiza\u00e7\u00e3o e unidade\u201d \u00e0s diversas iniciativas no \u00e2mbito mission\u00e1rio, como as Santas Miss\u00f5es Populares, as Semanas Mission\u00e1rias, a miss\u00e3o em bairros carentes, as visitas de grupos em comunidades e as miss\u00f5es nas periferias, organizadas pelas novas comunidades de vida.<\/p>\n<p style=\"text-align: justify\"><strong>Migra\u00e7\u00e3o<\/strong><\/p>\n<p style=\"text-align: justify\">Dom Vital Corbellini ainda contextualiza a import\u00e2ncia da organiza\u00e7\u00e3o de um Conselho Mission\u00e1rio Diocesano na realidade de migra\u00e7\u00e3o que a regi\u00e3o vive atualmente. Com as cidades inchadas, com pessoas em busca de emprego, educa\u00e7\u00e3o e melhor qualidade de vida, h\u00e1 necessidade de um trabalho especial. \u201c\u00c9 preciso acolher a todas as pessoas que receberam evangeliza\u00e7\u00e3o ou sementes da verdade nas suas comunidades de origem e de nossa parte fazer a miss\u00e3o, a convoca\u00e7\u00e3o para a vida da comunidade de f\u00e9, de esperan\u00e7a e de caridade\u201d, acrescentou o bispo.<\/p>\n","protected":false},"excerpt":{"rendered":"<p>Religiosos, leigos e representantes de pastorais e movimentos da diocese de Marab\u00e1 (PA) participaram da reuni\u00e3o do Conselho Mission\u00e1rio Diocesano (Comidi), com a finalidade de organizar uma equipe mission\u00e1ria. O evento, ocorreu na par\u00f3quia Nossa Senhora de F\u00e1tima, no dia 30 de agosto.<\/p>\n","protected":false},"author":83,"featured_media":24313,"comment_status":"open","ping_status":"open","sticky":false,"template":"","format":"standard","meta":{"site-sidebar-layout":"default","site-content-layout":"default","ast-global-header-display":"","ast-banner-title-visibility":"","ast-main-header-display":"","ast-hfb-above-header-display":"","ast-hfb-below-header-display":"","ast-hfb-mobile-header-display":"","site-post-title":"","ast-breadcrumbs-content":"","ast-featured-img":"","footer-sml-layout":"","theme-transparent-header-meta":"","adv-header-id-meta":"","stick-header-meta":"","header-above-stick-meta":"","header-main-stick-meta":"","header-below-stick-meta":""},"categories":[822,769],"tags":[],"acf":[],"_links":{"self":[{"href":"https:\/\/www.cnbb.org.br\/cnbb-app\/wp\/v2\/posts\/24312"}],"collection":[{"href":"https:\/\/www.cnbb.org.br\/cnbb-app\/wp\/v2\/posts"}],"about":[{"href":"https:\/\/www.cnbb.org.br\/cnbb-app\/wp\/v2\/types\/post"}],"author":[{"embeddable":true,"href":"https:\/\/www.cnbb.org.br\/cnbb-app\/wp\/v2\/users\/83"}],"replies":[{"embeddable":true,"href":"https:\/\/www.cnbb.org.br\/cnbb-app\/wp\/v2\/comments?post=24312"}],"version-history":[{"count":0,"href":"https:\/\/www.cnbb.org.br\/cnbb-app\/wp\/v2\/posts\/24312\/revisions"}],"wp:featuredmedia":[{"embeddable":true,"href":"https:\/\/www.cnbb.org.br\/cnbb-app\/wp\/v2\/media\/24313"}],"wp:attachment":[{"href":"https:\/\/www.cnbb.org.br\/cnbb-app\/wp\/v2\/media?parent=24312"}],"wp:term":[{"taxonomy":"category","embeddable":true,"href":"https:\/\/www.cnbb.org.br\/cnbb-app\/wp\/v2\/categories?post=24312"},{"taxonomy":"post_tag","embeddable":true,"href":"https:\/\/www.cnbb.org.br\/cnbb-app\/wp\/v2\/tags?post=24312"}],"curies":[{"name":"wp","href":"https:\/\/api.w.org\/{rel}","templated":true}]}}