{"id":24335,"date":"2015-06-01T00:00:00","date_gmt":"2015-06-01T03:00:00","guid":{"rendered":"https:\/\/www.cnbb.org.br\/comidi-promove-formacao-missionaria-na-diocese-de-maraba\/"},"modified":"2015-06-01T00:00:00","modified_gmt":"2015-06-01T03:00:00","slug":"comidi-promove-formacao-missionaria-na-diocese-de-maraba","status":"publish","type":"post","link":"https:\/\/www.cnbb.org.br\/comidi-promove-formacao-missionaria-na-diocese-de-maraba\/","title":{"rendered":"Comidi promove forma\u00e7\u00e3o mission\u00e1ria na diocese de Marab\u00e1"},"content":{"rendered":"<p style=\"text-align: justify\"><span style=\"font-size: 12.1599998474121px;line-height: 1.3em\">Com a proposta de formar os Conselhos Mission\u00e1rios Paroquiais (Comipas), quinze par\u00f3quias da diocese de Marab\u00e1 (PA) participaram da Forma\u00e7\u00e3o Mission\u00e1ria, nos dias 30 e 31 de maio, no Centro Diocesano de Pastoral.<\/span><\/p>\n<p><!--more--><\/p>\n<p style=\"text-align: justify\">Ao todo, 52 participantes das par\u00f3quias refletiram sobre a realidade mission\u00e1ria na regi\u00e3o e forma\u00e7\u00e3o dos Comipas. O encontro foi mediado pela assessora da Comiss\u00e3o Episcopal para a A\u00e7\u00e3o Mission\u00e1ria e Coopera\u00e7\u00e3o Intereclesial da Confer\u00eancia Nacional dos Bispos do Brasil (CNBB), irm\u00e3 Dirce Gomes da Silva. Os membros do Conselho Mission\u00e1rio Regional (Comire) do regional Norte 2, padre Nelo Ruffaldi e irm\u00e3 Rebeca membros, auxiliaram na exposi\u00e7\u00e3o dos conte\u00fados formativos.<\/p>\n<p style=\"text-align: justify\">Os Comipas tratam-se de iniciativa de anima\u00e7\u00e3o, forma\u00e7\u00e3o e proje\u00e7\u00e3o com objetivo de fortalecer a articula\u00e7\u00e3o dos organismos mission\u00e1rios, bem como fornecer instrumentos b\u00e1sicos para que a anima\u00e7\u00e3o mission\u00e1ria aconte\u00e7a em maneira eficaz nas par\u00f3quias do pa\u00eds.<\/p>\n<h5 style=\"text-align: justify\">Com informa\u00e7\u00f5es e foto da diocese de Marab\u00e1.<\/h5>\n","protected":false},"excerpt":{"rendered":"<p>Com a proposta de formar os Conselhos Mission\u00e1rios Paroquiais (Comipas), quinze par\u00f3quias da diocese de Marab\u00e1 (PA) participaram da Forma\u00e7\u00e3o Mission\u00e1ria, nos dias 30 e 31 de maio, no Centro Diocesano de Pastoral.<\/p>\n","protected":false},"author":83,"featured_media":24336,"comment_status":"open","ping_status":"open","sticky":false,"template":"","format":"standard","meta":{"site-sidebar-layout":"default","site-content-layout":"default","ast-global-header-display":"","ast-banner-title-visibility":"","ast-main-header-display":"","ast-hfb-above-header-display":"","ast-hfb-below-header-display":"","ast-hfb-mobile-header-display":"","site-post-title":"","ast-breadcrumbs-content":"","ast-featured-img":"","footer-sml-layout":"","theme-transparent-header-meta":"","adv-header-id-meta":"","stick-header-meta":"","header-above-stick-meta":"","header-main-stick-meta":"","header-below-stick-meta":""},"categories":[822,769],"tags":[],"acf":[],"_links":{"self":[{"href":"https:\/\/www.cnbb.org.br\/cnbb-app\/wp\/v2\/posts\/24335"}],"collection":[{"href":"https:\/\/www.cnbb.org.br\/cnbb-app\/wp\/v2\/posts"}],"about":[{"href":"https:\/\/www.cnbb.org.br\/cnbb-app\/wp\/v2\/types\/post"}],"author":[{"embeddable":true,"href":"https:\/\/www.cnbb.org.br\/cnbb-app\/wp\/v2\/users\/83"}],"replies":[{"embeddable":true,"href":"https:\/\/www.cnbb.org.br\/cnbb-app\/wp\/v2\/comments?post=24335"}],"version-history":[{"count":0,"href":"https:\/\/www.cnbb.org.br\/cnbb-app\/wp\/v2\/posts\/24335\/revisions"}],"wp:featuredmedia":[{"embeddable":true,"href":"https:\/\/www.cnbb.org.br\/cnbb-app\/wp\/v2\/media\/24336"}],"wp:attachment":[{"href":"https:\/\/www.cnbb.org.br\/cnbb-app\/wp\/v2\/media?parent=24335"}],"wp:term":[{"taxonomy":"category","embeddable":true,"href":"https:\/\/www.cnbb.org.br\/cnbb-app\/wp\/v2\/categories?post=24335"},{"taxonomy":"post_tag","embeddable":true,"href":"https:\/\/www.cnbb.org.br\/cnbb-app\/wp\/v2\/tags?post=24335"}],"curies":[{"name":"wp","href":"https:\/\/api.w.org\/{rel}","templated":true}]}}