{"id":243437,"date":"2020-07-31T16:54:47","date_gmt":"2020-07-31T19:54:47","guid":{"rendered":"https:\/\/www.cnbb.org.br\/?p=243437"},"modified":"2020-07-31T16:54:47","modified_gmt":"2020-07-31T19:54:47","slug":"papa-francisco-dedica-as-intencoes-de-oracao-universal-do-mes-de-agosto-ao-mundo-do-mar","status":"publish","type":"post","link":"https:\/\/www.cnbb.org.br\/papa-francisco-dedica-as-intencoes-de-oracao-universal-do-mes-de-agosto-ao-mundo-do-mar\/","title":{"rendered":"Papa Francisco dedica as inten\u00e7\u00f5es de ora\u00e7\u00e3o universal do m\u00eas de agosto ao mundo do mar"},"content":{"rendered":"<p style=\"text-align: justify\">O Papa Francisco dedicou suas inten\u00e7\u00f5es de ora\u00e7\u00e3o universal no m\u00eas de agosto, com in\u00edcio neste s\u00e1bado, ao mundo do mar e \u00e0s pessoas que trabalham e vivem dele: pescadores, marinheiros, trabalhadores de transporte aquavi\u00e1rio, etc. Na Igreja no Brasil, existem duas a\u00e7\u00f5es voltadas para este campo: a <a href=\"http:\/\/www.cppnacional.org.br\/\" target=\"_blank\" rel=\"noopener\">Pastoral dos Pescadores<\/a> e o Apostolado do Mar.<\/p>\n<p style=\"text-align: justify\">O bispo de Brejo (MA) e referencial da Pastoral dos Pescadores pela Confer\u00eancia Nacional dos Bispos do Brasil (CNBB), dom Jos\u00e9 Valdeci Santos Mendes,\u00a0 chama a aten\u00e7\u00e3o para a realidade dos pescadores, sobretudo dos pescadores artesanais. &#8220;Os pescadores e pescadoras artesanais t\u00eam o mar como um territ\u00f3rio de onde tiram o seu sustento. \u00c9 necess\u00e1rio defender o seu direito ao territ\u00f3rio e n\u00e3o deixar que a pesca industrial tome conta&#8221;, defendeu. Segundo ele, a maior parte dos pescados que s\u00e3o consumidos prov\u00e9m da pesca artesanal.<\/p>\n<p style=\"text-align: justify\">A secret\u00e1ria executiva da Pastoral dos Pescadores, Ormezita Barboza de Paulo, disse que a Pastoral se junta, neste m\u00eas de agosto, ao Santo Padre nesta corrente de ora\u00e7\u00e3o. &#8220;O mar abriga e acolhe centenas de milhares de trabalhadores no mundo todo, pessoas que t\u00eam sua vida marcada pelo balan\u00e7o do mar e das \u00e1guas. A realidade deste povo \u00e9 marcada\u00a0 por muitos desafios&#8221;, disse.<\/p>\n<p style=\"text-align: justify\">Uma dos problemas enfrentados pelos trabalhadores do mar, conforme Ormezita, \u00e9 a exposi\u00e7\u00e3o destes \u00e0 exaustivas cargas de trabalho, at\u00e9 mesmo com situa\u00e7\u00f5es an\u00e1logas ao trabalho escravo. Segundo ela, os pescadores artesanais enfrentam muitos conflitos territoriais que colocam em risco suas vidas e a seguran\u00e7a de suas comunidades.<\/p>\n<blockquote>\n<p style=\"text-align: justify\">&#8220;Pedimos prote\u00e7\u00e3o a estas pessoas e tamb\u00e9m enviamos uma mensagem de esperan\u00e7a e de f\u00e9. Reconhecemos sua import\u00e2ncia para a economia no mundo todo. A gente se junta \u00e0s inten\u00e7\u00f5es do Papa, pedindo fortaleza, resist\u00eancia, esperan\u00e7a e tempos melhores para todos n\u00f3s e para estes trabalhadores. Que suas lutas e bandeiras sejam reconhecidas&#8221;, pediu.<\/p>\n<\/blockquote>\n<p style=\"text-align: justify\">Outro trabalho da Igreja no Brasil que tem rela\u00e7\u00e3o com o mar \u00e9 o Apostolado do Mar. O padre colombiano Samuel Fonseca Torres, mission\u00e1rio Scalabriano que desde 2001 atua no Brasil, atualmente \u00e9 diretor nacional do Apostolado do Mar e capel\u00e3o do Porto de Santos. Segundo o padre, o Apostolado do Mar tem uma sede no Vaticano e est\u00e1 organizado em 9 regi\u00f5es no mundo. Em cada pa\u00eds, a organiza\u00e7\u00e3o conta com bispos promotores, diretores nacionais e os capel\u00e3es volunt\u00e1rios e volunt\u00e1rias do Apostolado do Mar. O padre Samuel representa o Apostolado do Mar do Brasil junto ao Dicast\u00e9rio para o Servi\u00e7o do Desenvolvimento Humano\u00a0 Integral do Vaticano.<\/p>\n<p style=\"text-align: justify\">No Brasil existem tr\u00eas miss\u00f5es Stella Maris, uma no Rio de Janeiro, outra no Rio Grande do Sul e a de Santos. O Apostolado do Mar tem como p\u00fablico alvo os marinheiros, pescadores, trabalhadores, estivadores e todas as pessoas que vivem do mar. O bispo promotor do Apostolado do Mar \u00e9 o bispo em\u00e9rito dom Jacyr Francisco Braido, de Santos.<\/p>\n<p style=\"text-align: justify\">Desde 2002, no 21\u00ba Congresso do Apostolado do Mar, no Rio de Janeiro, o padre Samuel foi escolhido para ser o coordenador nacional e regional para a Am\u00e9rica Latina e Caribe. \u201cNa minha opini\u00e3o isso n\u00e3o \u00e9 um privil\u00e9gio, ao contr\u00e1rio \u00e9 um desafio em fun\u00e7\u00e3o de atuarmos numa regi\u00e3o muita extensa\u201d, disse. Ele chama a aten\u00e7\u00e3o para o fato de no Brasil ter poucos capel\u00e3es, padres dispon\u00edveis e ainda poucos bispos que apoiam a causa do Apostolado do Mar.<\/p>\n<p style=\"text-align: justify\">Neste tempo que est\u00e1 no Brasil, o diretor nacional do Apostolado do Mar atuou como capel\u00e3o em dois lugares. Por sete anos na Stella Maris do Rio de Janeiro, na par\u00f3quias Santa Cec\u00edlia e S\u00e3o Pio X. Depois, mudou-se em 2007 para Santos (SP) onde exerce as mesmas fun\u00e7\u00f5es. \u201cO trabalho aqui se multiplicou nos \u00faltimos anos. Santos \u00e9 o principal Porto de exporta\u00e7\u00e3o e importa\u00e7\u00e3o da Am\u00e9rica Latina e do Brasil\u201d, disse.<\/p>\n<p>O padre afirma que dentro do contexto da pandemia, s\u00e3o grande as dificuldades dos pescadores, sobretudo dos pescadores artesanais. \u201cMuitos dos pescadores perderam seus empregos e est\u00e3o com dificuldades de manter suas embarca\u00e7\u00f5es.\u00a0 Praticamente est\u00e3o \u00e0 deriva. Algo parecido como quando vem uma tempestade e leva o barco de seu pescador. N\u00e3o existe nenhum programa governamental para apoi\u00e1-los\u201d, disse. O padre informa que a Stella Maris de Santos est\u00e1 ajudando, com cestas b\u00e1sicas, 150 fam\u00edlias por quatro meses.<\/p>\n<p>&nbsp;<\/p>\n<p>&nbsp;<\/p>\n<p>&nbsp;    \t<\/p>\n","protected":false},"excerpt":{"rendered":"<p>A secret\u00e1ria da Pastoral dos Pescadores, Ormezita Barboza, disse que a Pastoral se junta ao Santo Padre nesta corrente de ora\u00e7\u00e3o<\/p>\n","protected":false},"author":83,"featured_media":243438,"comment_status":"closed","ping_status":"open","sticky":false,"template":"","format":"standard","meta":{"site-sidebar-layout":"default","site-content-layout":"default","ast-global-header-display":"","ast-banner-title-visibility":"","ast-main-header-display":"","ast-hfb-above-header-display":"","ast-hfb-below-header-display":"","ast-hfb-mobile-header-display":"","site-post-title":"","ast-breadcrumbs-content":"","ast-featured-img":"","footer-sml-layout":"","theme-transparent-header-meta":"","adv-header-id-meta":"","stick-header-meta":"","header-above-stick-meta":"","header-main-stick-meta":"","header-below-stick-meta":""},"categories":[841],"tags":[2101,1199],"acf":[],"_links":{"self":[{"href":"https:\/\/www.cnbb.org.br\/cnbb-app\/wp\/v2\/posts\/243437"}],"collection":[{"href":"https:\/\/www.cnbb.org.br\/cnbb-app\/wp\/v2\/posts"}],"about":[{"href":"https:\/\/www.cnbb.org.br\/cnbb-app\/wp\/v2\/types\/post"}],"author":[{"embeddable":true,"href":"https:\/\/www.cnbb.org.br\/cnbb-app\/wp\/v2\/users\/83"}],"replies":[{"embeddable":true,"href":"https:\/\/www.cnbb.org.br\/cnbb-app\/wp\/v2\/comments?post=243437"}],"version-history":[{"count":0,"href":"https:\/\/www.cnbb.org.br\/cnbb-app\/wp\/v2\/posts\/243437\/revisions"}],"wp:featuredmedia":[{"embeddable":true,"href":"https:\/\/www.cnbb.org.br\/cnbb-app\/wp\/v2\/media\/243438"}],"wp:attachment":[{"href":"https:\/\/www.cnbb.org.br\/cnbb-app\/wp\/v2\/media?parent=243437"}],"wp:term":[{"taxonomy":"category","embeddable":true,"href":"https:\/\/www.cnbb.org.br\/cnbb-app\/wp\/v2\/categories?post=243437"},{"taxonomy":"post_tag","embeddable":true,"href":"https:\/\/www.cnbb.org.br\/cnbb-app\/wp\/v2\/tags?post=243437"}],"curies":[{"name":"wp","href":"https:\/\/api.w.org\/{rel}","templated":true}]}}