{"id":243551,"date":"2020-08-04T11:02:57","date_gmt":"2020-08-04T14:02:57","guid":{"rendered":"https:\/\/www.cnbb.org.br\/?p=243551"},"modified":"2020-08-04T11:02:57","modified_gmt":"2020-08-04T14:02:57","slug":"fluencia-caritas-brasileira-lanca-exposicao-virtual-sobre-as-vivencias-com-migrantes-em-roraima","status":"publish","type":"post","link":"https:\/\/www.cnbb.org.br\/fluencia-caritas-brasileira-lanca-exposicao-virtual-sobre-as-vivencias-com-migrantes-em-roraima\/","title":{"rendered":"C\u00e1ritas Brasileira lan\u00e7a exposi\u00e7\u00e3o virtual sobre a viv\u00eancia com migrantes em Roraima"},"content":{"rendered":"<p style=\"text-align: justify\">A exposi\u00e7\u00e3o fotogr\u00e1fica virtual Flu\u00eancia prop\u00f5e pensar artisticamente sobre os percursos da a\u00e7\u00e3o humanit\u00e1ria realizada no projeto Orinoco, da C\u00e1ritas Brasileira, que oferece apoio a migrantes e refugiados venezuelanos, como tamb\u00e9m pessoas em situa\u00e7\u00e3o de rua em Boa Vista e Pacaraima, residentes em Roraima.<\/p>\n<p style=\"text-align: justify\">O Projeto foi realizado de julho 2019 a agosto de 2020 e se prop\u00f4s a melhorar as condi\u00e7\u00f5es de vida das pessoas oferecendo instala\u00e7\u00f5es de Wash, para viabilizar acesso \u00e0 \u00e1gua pot\u00e1vel, lavanderias, banheiros e processos educativos com a comunidade migrante.<\/p>\n<p style=\"text-align: justify\">Apoiado pela Ag\u00eancia dos Estados Unidos para o Desenvolvimento Internacional (USAID-BHA), as fotografias ser\u00e3o expostas no Galp\u00e3o da Igreja Nossa Senhora da Consolata, com entrada restrita, tamb\u00e9m localizada em Boa Vista (RR) e aberta de forma virtual nas redes sociais da C\u00e1ritas Brasileira, no pr\u00f3ximo dia 5 de agosto.<\/p>\n<p style=\"text-align: justify\"><a href=\"https:\/\/www.cnbb.org.br\/wp-content\/uploads\/2020\/08\/5f2859fd02b52-scaled.jpg\" data-rel=\"lightbox-image-0\" data-rl_title=\"\" data-rl_caption=\"\" title=\"\"><img decoding=\"async\" loading=\"lazy\" class=\"alignnone size-full wp-image-243552\" src=\"https:\/\/www.cnbb.org.br\/wp-content\/uploads\/2020\/08\/5f2859fd02b52-scaled.jpg\" alt=\"\" width=\"1920\" height=\"1280\" \/><\/a><em>Foto da exposi\u00e7\u00e3o Flu\u00eancia sobre a instala\u00e7\u00e3o do Projeto Orinoco na Igreja Nossa Senhora de Consolata, em Boa Vista (RR). Foto: Adriana Duarte, 2019<\/em>.<\/p>\n<p style=\"text-align: justify\">A exposi\u00e7\u00e3o retrata as imagens do processo de constru\u00e7\u00e3o das instala\u00e7\u00f5es sanit\u00e1rias, que atualmente d\u00e3o suporte para atender \u00e0s necessidades b\u00e1sicas da comunidade migrante em Boa Vista e Pacaraima. Al\u00e9m disso, as fotografias exp\u00f5em a rela\u00e7\u00e3o afetiva, emp\u00e1tica e transformadora das trocas culturais entre venezuelanos e brasileiros que trabalham e circulam diariamente nos espa\u00e7os do projeto Orinoco.<\/p>\n<p style=\"text-align: justify\">As cores e a po\u00e9tica da exposi\u00e7\u00e3o Flu\u00eancia retomam um lugar importante de representatividade e pot\u00eancia criativa, dialogando com os povos e as l\u00ednguas, gestos, seres que se encontram e fluem. O fluir, como possibilidade de ser espont\u00e2neo, org\u00e2nico, que remete a leveza das \u00e1guas de um rio, torna-se importante para encarar os dias dif\u00edceis e, principalmente, para fazer brotar a continuidade de sonhos e de novas din\u00e2micas subjetivas e coletivas de reinven\u00e7\u00e3o.<\/p>\n<p style=\"text-align: justify\">A fot\u00f3grafa venezuelana Adriana Duarte \u00e9 a autora das fotografias e conjuntamente com a artista venezuelana G\u00e9nova Alvarado pensaram a exposi\u00e7\u00e3o com inspira\u00e7\u00e3o em suas pr\u00f3prias experi\u00eancias e olhares sobre a migra\u00e7\u00e3o.<\/p>\n<p style=\"text-align: justify\">\u201cFlu\u00eancia vai ser uma exposi\u00e7\u00e3o que recolhe a vida do Projeto Orinoco que muito al\u00e9m da presta\u00e7\u00e3o de servi\u00e7o, pretendemos mostrar a incr\u00edvel qualidade humana, o amor, a solidariedade de todos os tecidos e la\u00e7os que se conseguiram construir de apoio para os migrantes. Mostramos a magnitude da constru\u00e7\u00e3o dos espa\u00e7os e tamb\u00e9m o resultado, pessoas que n\u00e3o conseguiam sorrir e nem ser olhadas, agora se mostram com dignidade e realmente se constroem como uma rela\u00e7\u00e3o de parceria entre as pessoas que fazem o Projeto e as que se beneficiam dele. Mostramos que o caminho da migra\u00e7\u00e3o \u00e9 facilmente compar\u00e1vel \u00e0s \u00e1guas do Rio Orinoco, como fluxo de rios e pessoas\u201d, destaca Adriana Duarte.<\/p>\n<p style=\"text-align: justify\">A exposi\u00e7\u00e3o Flu\u00eancia servir\u00e1 como uma homenagem a todos os migrantes que est\u00e3o constantemente se reinventando no fluxo migrat\u00f3rio, como tamb\u00e9m \u00e9 uma experimenta\u00e7\u00e3o contempor\u00e2nea para novos formatos de encontros art\u00edsticos e culturais.<\/p>\n<p style=\"text-align: justify\"><em>\u201cA exposi\u00e7\u00e3o \u00e9 um reconhecimento real da for\u00e7a, da vontade de realizar coisas das pessoas que est\u00e3o participando do projeto. N\u00e3o \u00e9 uma exposi\u00e7\u00e3o aberta para o p\u00fablico ir, estamos levando em considera\u00e7\u00e3o todo o tema do isolamento e da delicada situa\u00e7\u00e3o que estamos vivendo\u201d, enfatiza a fot\u00f3grafa Adriana Duarte.<\/em><\/p>\n<p style=\"text-align: justify\">\u00c9 uma proposta mista que ser\u00e1 f\u00edsica para as pessoas que passam no espa\u00e7o da exposi\u00e7\u00e3o frequentemente, mas ser\u00e1 complementada com a produ\u00e7\u00e3o v\u00eddeo-gr\u00e1fica sobre a exposi\u00e7\u00e3o e um lan\u00e7amento virtual com aux\u00edlio das redes sociais da C\u00e1ritas, que possui o intuito de\u00a0 abranger o maior n\u00famero de visitantes, sem comprometer a sa\u00fade de todos e todas, neste momento de pandemia de Covid-19.<\/p>\n<pre><em>Com texto da C\u00e1ritas Brasileira e fotos de Adriana Duarte<\/em><\/pre>\n","protected":false},"excerpt":{"rendered":"<p>Exposi\u00e7\u00e3o ser\u00e1 lan\u00e7ada no pr\u00f3ximo dia 5 de agosto nas redes sociais da C\u00e1ritas Brasileira e ter\u00e1 instala\u00e7\u00e3o f\u00edsica em Boa Vista-RR<\/p>\n","protected":false},"author":83,"featured_media":243553,"comment_status":"closed","ping_status":"open","sticky":false,"template":"","format":"standard","meta":{"site-sidebar-layout":"default","site-content-layout":"default","ast-global-header-display":"","ast-banner-title-visibility":"","ast-main-header-display":"","ast-hfb-above-header-display":"","ast-hfb-below-header-display":"","ast-hfb-mobile-header-display":"","site-post-title":"","ast-breadcrumbs-content":"","ast-featured-img":"","footer-sml-layout":"","theme-transparent-header-meta":"","adv-header-id-meta":"","stick-header-meta":"","header-above-stick-meta":"","header-main-stick-meta":"","header-below-stick-meta":""},"categories":[841],"tags":[1870,2659],"acf":[],"_links":{"self":[{"href":"https:\/\/www.cnbb.org.br\/cnbb-app\/wp\/v2\/posts\/243551"}],"collection":[{"href":"https:\/\/www.cnbb.org.br\/cnbb-app\/wp\/v2\/posts"}],"about":[{"href":"https:\/\/www.cnbb.org.br\/cnbb-app\/wp\/v2\/types\/post"}],"author":[{"embeddable":true,"href":"https:\/\/www.cnbb.org.br\/cnbb-app\/wp\/v2\/users\/83"}],"replies":[{"embeddable":true,"href":"https:\/\/www.cnbb.org.br\/cnbb-app\/wp\/v2\/comments?post=243551"}],"version-history":[{"count":0,"href":"https:\/\/www.cnbb.org.br\/cnbb-app\/wp\/v2\/posts\/243551\/revisions"}],"wp:featuredmedia":[{"embeddable":true,"href":"https:\/\/www.cnbb.org.br\/cnbb-app\/wp\/v2\/media\/243553"}],"wp:attachment":[{"href":"https:\/\/www.cnbb.org.br\/cnbb-app\/wp\/v2\/media?parent=243551"}],"wp:term":[{"taxonomy":"category","embeddable":true,"href":"https:\/\/www.cnbb.org.br\/cnbb-app\/wp\/v2\/categories?post=243551"},{"taxonomy":"post_tag","embeddable":true,"href":"https:\/\/www.cnbb.org.br\/cnbb-app\/wp\/v2\/tags?post=243551"}],"curies":[{"name":"wp","href":"https:\/\/api.w.org\/{rel}","templated":true}]}}