{"id":24371,"date":"2008-09-03T00:00:00","date_gmt":"2008-09-03T03:00:00","guid":{"rendered":"https:\/\/www.cnbb.org.br\/encontro-sub-regional-do-tocantins\/"},"modified":"2008-09-03T00:00:00","modified_gmt":"2008-09-03T03:00:00","slug":"encontro-sub-regional-do-tocantins","status":"publish","type":"post","link":"https:\/\/www.cnbb.org.br\/encontro-sub-regional-do-tocantins\/","title":{"rendered":"Encontro Sub-Regional do Tocantins"},"content":{"rendered":"<p style=\"text-align: justify\">Catequistas Tocantins 01Aconteceu nos dias 29, 30 e 31 de Agosto de 2008 o encontro de estudo sobre o Texto-Base do Ano Catequ\u00e9tico Nacional 2009, com o objetivo de aprofundar o tema Catequese, Caminho para o discipulado. Participaram 56 catequistas das Dioceses de Miracema, Porto Nacional, Tocantin\u00f3polis e Arquidiocese de Palmas, com a assessoria de Pe. Videlson Teles de Meneses, da Comiss\u00e3o Episcopal Pastoral para a Anima\u00e7\u00e3o B\u00edblico-Catequ\u00e9tica.<\/p>\n<p><!--more--><\/p>\n<p style=\"text-align: justify\">Percebemos e sentimos que o encontro, estudo, partilha e viv\u00eancia dos dois dias em Miracema, nos deram novo impulso nesta caminhada catequ\u00e9tica como caminho para o discipulado.<\/p>\n<p style=\"text-align: justify\">O Sub-Regional assumiu concretamente: Incentivar na Catequese a inspira\u00e7\u00e3o catecumenal, educando para a viv\u00eancia de uma f\u00e9 comprometida com as urgentes mudan\u00e7as da nossa sociedade, tendo presente o princ\u00edpio da intera\u00e7\u00e3o vida e f\u00e9.<\/p>\n<p style=\"text-align: justify\">Foram retomados os objetivos que o Ano Catequ\u00e9tico prop\u00f5e e cada Diocese assumiu concretamente dois, al\u00e9m de propor uma atividade para marcar o Ano de 2009.<\/p>\n<p style=\"text-align: justify\">O encontro foi avaliado como muito positivo, trazendo elementos para o trabalho catequ\u00e9tico. Houve um olhar diferente para o tema. O assessor seguiu um esquema, que ajudou a participa\u00e7\u00e3o do grupo e o aprofundamento do tema proposto.<\/p>\n<p style=\"text-align: justify\">O pr\u00f3ximo encontro do Sub-Regional ficou agendado para os dias 22 a 24 de Maio de 2009 em Miracema.<\/p>\n<h4 style=\"text-align: right\">Ir. Teresinha Tontini, CF<br \/>\nCoordenadora do Sub-Regional<\/h4>\n","protected":false},"excerpt":{"rendered":"<p>Catequistas Tocantins 01Aconteceu nos dias 29, 30 e 31 de Agosto de 2008 o encontro de estudo sobre o Texto-Base do Ano Catequ\u00e9tico Nacional 2009, com o objetivo de aprofundar o tema Catequese, Caminho para o discipulado. Participaram 56 catequistas das Dioceses de Miracema, Porto Nacional, Tocantin\u00f3polis e Arquidiocese de Palmas, com a assessoria de &hellip;<\/p>\n<p class=\"read-more\"> <a class=\"\" href=\"https:\/\/www.cnbb.org.br\/encontro-sub-regional-do-tocantins\/\"> <span class=\"screen-reader-text\">Encontro Sub-Regional do Tocantins<\/span> Leia mais &raquo;<\/a><\/p>\n","protected":false},"author":83,"featured_media":0,"comment_status":"open","ping_status":"open","sticky":false,"template":"","format":"standard","meta":{"site-sidebar-layout":"default","site-content-layout":"default","ast-global-header-display":"","ast-banner-title-visibility":"","ast-main-header-display":"","ast-hfb-above-header-display":"","ast-hfb-below-header-display":"","ast-hfb-mobile-header-display":"","site-post-title":"","ast-breadcrumbs-content":"","ast-featured-img":"","footer-sml-layout":"","theme-transparent-header-meta":"","adv-header-id-meta":"","stick-header-meta":"","header-above-stick-meta":"","header-main-stick-meta":"","header-below-stick-meta":""},"categories":[864,769],"tags":[],"acf":[],"_links":{"self":[{"href":"https:\/\/www.cnbb.org.br\/cnbb-app\/wp\/v2\/posts\/24371"}],"collection":[{"href":"https:\/\/www.cnbb.org.br\/cnbb-app\/wp\/v2\/posts"}],"about":[{"href":"https:\/\/www.cnbb.org.br\/cnbb-app\/wp\/v2\/types\/post"}],"author":[{"embeddable":true,"href":"https:\/\/www.cnbb.org.br\/cnbb-app\/wp\/v2\/users\/83"}],"replies":[{"embeddable":true,"href":"https:\/\/www.cnbb.org.br\/cnbb-app\/wp\/v2\/comments?post=24371"}],"version-history":[{"count":0,"href":"https:\/\/www.cnbb.org.br\/cnbb-app\/wp\/v2\/posts\/24371\/revisions"}],"wp:attachment":[{"href":"https:\/\/www.cnbb.org.br\/cnbb-app\/wp\/v2\/media?parent=24371"}],"wp:term":[{"taxonomy":"category","embeddable":true,"href":"https:\/\/www.cnbb.org.br\/cnbb-app\/wp\/v2\/categories?post=24371"},{"taxonomy":"post_tag","embeddable":true,"href":"https:\/\/www.cnbb.org.br\/cnbb-app\/wp\/v2\/tags?post=24371"}],"curies":[{"name":"wp","href":"https:\/\/api.w.org\/{rel}","templated":true}]}}