{"id":243825,"date":"2020-08-10T09:08:46","date_gmt":"2020-08-10T12:08:46","guid":{"rendered":"https:\/\/www.cnbb.org.br\/?p=243825"},"modified":"2020-08-10T09:08:46","modified_gmt":"2020-08-10T12:08:46","slug":"live-nesta-segunda-feira-aborda-vocacao-matrimonial-e-do-diacono-permanente","status":"publish","type":"post","link":"https:\/\/www.cnbb.org.br\/live-nesta-segunda-feira-aborda-vocacao-matrimonial-e-do-diacono-permanente\/","title":{"rendered":"Live nesta segunda-feira aborda voca\u00e7\u00e3o matrimonial e do di\u00e1cono permanente"},"content":{"rendered":"<p style=\"text-align: justify\">Na din\u00e2mica de lives sobre as diferentes voca\u00e7\u00f5es na vida da Igreja, a Edi\u00e7\u00f5es CNBB e a Comiss\u00e3o Episcopal Pastoral para os Minist\u00e9rios Ordenados e a Vida Consagrada da Confer\u00eancia Nacional dos Bispos do Brasil (CNBB) aprofunda nesta segunda-feira, 10 de agosto, a \u201cVoca\u00e7\u00e3o matrimonial e do di\u00e1cono permanente\u201d. Ser\u00e1 poss\u00edvel acompanhar a transmiss\u00e3o ao vivo pelas redes sociais da editora e da Confer\u00eancia dos Bispos.<\/p>\n<p style=\"text-align: justify\">Os convidados para a live s\u00e3o dom Jo\u00e3o Francisco Salm, bispo de Tubar\u00e3o (SC) e presidente da Comiss\u00e3o Episcopal para os Minist\u00e9rios Ordenados e a Vida Consagrada da CNBB, e o di\u00e1cono Francisco Salvador, presidente da Comiss\u00e3o Nacional de Di\u00e1conos (CND). O mediador deste bate-papo vocacional ser\u00e1 o assessor da Comiss\u00e3o para os Minist\u00e9rios Ordenados e a Vida Consagrada da CNBB padre Jo\u00e3o C\u00e2ndido da Silva Neto.<\/p>\n<p style=\"text-align: justify\">Na segunda semana de agosto, a Igreja recorda a voca\u00e7\u00e3o para a vida em fam\u00edlia, com a Semana Nacional da Fam\u00edlia. Os convidados v\u00e3o abordar a import\u00e2ncia desta Semana da Fam\u00edlia e tamb\u00e9m do dia do di\u00e1cono, celebrado neste dia 10 de agosto.<\/p>\n<p style=\"text-align: justify\">Sobre o minist\u00e9rio diaconal, di\u00e1cono Francisco vai partilhar como surgiu a sua voca\u00e7\u00e3o, como \u00e9 a sua experi\u00eancia de ser esposo, pai e di\u00e1cono, al\u00e9m da participa\u00e7\u00e3o da sua fam\u00edlia no minist\u00e9rio que desempenha. De origem amaz\u00f4nica, di\u00e1cono Francisco tamb\u00e9m deve abordar a situa\u00e7\u00e3o da Igreja na regi\u00e3o neste tempo de pandemia, e qual \u00e9 a situa\u00e7\u00e3o dos di\u00e1conos e das fam\u00edlias.<\/p>\n<p style=\"text-align: justify\">Dom Salm dever\u00e1 abordar o que significa o di\u00e1cono na Igreja e o sentido desta voca\u00e7\u00e3o e deste sacramento. Tamb\u00e9m falar\u00e1 sobre o minist\u00e9rio espec\u00edfico, suas fun\u00e7\u00f5es relacionadas \u00e0 Palavra, \u00e0 Liturgia e \u00e0 Caridade.<\/p>\n<p style=\"text-align: justify\">Acompanhe nas redes sociais, a partir das 15h.<\/p>\n<div class=\"ast-oembed-container\" style=\"height: 100%;\"><iframe loading=\"lazy\" title=\"VOCA\u00c7\u00c3O MATRIMONIAL E DO DI\u00c1CONO PERMANENTE\" width=\"500\" height=\"281\" src=\"https:\/\/www.youtube.com\/embed\/81nsrAsL5yI?feature=oembed\" frameborder=\"0\" allow=\"accelerometer; autoplay; clipboard-write; encrypted-media; gyroscope; picture-in-picture\" allowfullscreen><\/iframe><\/div>\n","protected":false},"excerpt":{"rendered":"<p>Convidados para a live s\u00e3o os presidentes da Comiss\u00e3o para os Minist\u00e9rios Ordenados da CNBB, dom Jo\u00e3o Francisco Salm, e da CND, di\u00e1cono Francisco Salvador<\/p>\n","protected":false},"author":83,"featured_media":243826,"comment_status":"closed","ping_status":"open","sticky":false,"template":"","format":"standard","meta":{"site-sidebar-layout":"default","site-content-layout":"default","ast-global-header-display":"","ast-banner-title-visibility":"","ast-main-header-display":"","ast-hfb-above-header-display":"","ast-hfb-below-header-display":"","ast-hfb-mobile-header-display":"","site-post-title":"","ast-breadcrumbs-content":"","ast-featured-img":"","footer-sml-layout":"","theme-transparent-header-meta":"","adv-header-id-meta":"","stick-header-meta":"","header-above-stick-meta":"","header-main-stick-meta":"","header-below-stick-meta":""},"categories":[807],"tags":[2168,2161,2069],"acf":[],"_links":{"self":[{"href":"https:\/\/www.cnbb.org.br\/cnbb-app\/wp\/v2\/posts\/243825"}],"collection":[{"href":"https:\/\/www.cnbb.org.br\/cnbb-app\/wp\/v2\/posts"}],"about":[{"href":"https:\/\/www.cnbb.org.br\/cnbb-app\/wp\/v2\/types\/post"}],"author":[{"embeddable":true,"href":"https:\/\/www.cnbb.org.br\/cnbb-app\/wp\/v2\/users\/83"}],"replies":[{"embeddable":true,"href":"https:\/\/www.cnbb.org.br\/cnbb-app\/wp\/v2\/comments?post=243825"}],"version-history":[{"count":0,"href":"https:\/\/www.cnbb.org.br\/cnbb-app\/wp\/v2\/posts\/243825\/revisions"}],"wp:featuredmedia":[{"embeddable":true,"href":"https:\/\/www.cnbb.org.br\/cnbb-app\/wp\/v2\/media\/243826"}],"wp:attachment":[{"href":"https:\/\/www.cnbb.org.br\/cnbb-app\/wp\/v2\/media?parent=243825"}],"wp:term":[{"taxonomy":"category","embeddable":true,"href":"https:\/\/www.cnbb.org.br\/cnbb-app\/wp\/v2\/categories?post=243825"},{"taxonomy":"post_tag","embeddable":true,"href":"https:\/\/www.cnbb.org.br\/cnbb-app\/wp\/v2\/tags?post=243825"}],"curies":[{"name":"wp","href":"https:\/\/api.w.org\/{rel}","templated":true}]}}