{"id":243863,"date":"2020-06-05T12:04:14","date_gmt":"2020-06-05T15:04:14","guid":{"rendered":"https:\/\/www.cnbb.org.br\/?p=243863"},"modified":"2020-09-08T14:08:43","modified_gmt":"2020-09-08T17:08:43","slug":"cardeal-sergio-tudo-na-caridade","status":"publish","type":"post","link":"https:\/\/www.cnbb.org.br\/cardeal-sergio-tudo-na-caridade\/","title":{"rendered":"Tudo na caridade"},"content":{"rendered":"<p style=\"text-align: right\"><strong>Cardeal Sergio da Rocha<\/strong><br \/>\n<strong>Arcebispo de S\u00e3o Salvador da Bahia (BA)<\/strong><\/p>\n<p>&nbsp;<\/p>\n<p style=\"text-align: justify\">\u201cTudo o que voc\u00eas fizerem, fa\u00e7am na caridade\u201d. Nestas palavras de S\u00e3o Paulo \u00e0 Comunidade de Corinto (1Cor 16,14), encontra-se o lema escolhido por ocasi\u00e3o da nomea\u00e7\u00e3o para o episcopado que tive a gra\u00e7a de receber do Papa S\u00e3o Jo\u00e3o Paulo II: \u201cTudo na Caridade\u201d, traduzindo o latim \u201cOmnia in Caritate\u201d.<\/p>\n<p style=\"text-align: justify\">Chego \u00e0 querida Arquidiocese de S\u00e3o Salvador da Bahia, minha nova fam\u00edlia, na qual sinto-me carinhosamente acolhido, trazendo no cora\u00e7\u00e3o o desejo sincero de viver em tudo a caridade. Nesta express\u00e3o, resume-se um programa de vida, de a\u00e7\u00e3o pessoal e eclesial, a ser traduzido em gestos pessoais e espont\u00e2neos, bem como, em iniciativas pastorais de \u00edndole comunit\u00e1ria. A humanidade sempre necessitou do amor expresso pela palavra latina \u201ccaritas\u201d, a caridade de Cristo, a caridade a ser vivida pelos crist\u00e3os e pelos homens e mulheres de boa vontade das v\u00e1rias confiss\u00f5es religiosas. O ecumenismo e o di\u00e1logo inter-religioso devem ocorrer, de modo especial, no campo da caridade, com as suas implica\u00e7\u00f5es nos \u00e2mbitos da justi\u00e7a, da reconcilia\u00e7\u00e3o e da paz, atrav\u00e9s do servi\u00e7o e da solidariedade. Num mundo marcado por tantas situa\u00e7\u00f5es de sofrimento, somos chamados a viver, ainda mais, o amor ao pr\u00f3ximo, a caridade para com os pobres, os doentes e os fragilizados. Diante de tantas situa\u00e7\u00f5es de agressividade e viol\u00eancia, somos chamados a promover a reconcilia\u00e7\u00e3o e a paz, a testemunhar que o amor \u00e9 mais forte do que o \u00f3dio e a viol\u00eancia, capaz de gerar vida nova.<\/p>\n<p style=\"text-align: justify\">O amor de Deus permanecer\u00e1 sempre a fonte, o sustento e o crit\u00e9rio decisivo para o amor a ser vivido por n\u00f3s, nos relacionamentos pessoais, nas fam\u00edlias, comunidades e na sociedade. Somos chamados a amar como Deus ama. O seu amor \u00e9 marcado pela gratuidade, isto \u00e9, por amar antes de ser amado, amar mais do que ser amado, por amar primeiro, de gra\u00e7a. O modelo da retribui\u00e7\u00e3o ou da recompensa, do amar somente os que nos amam e de fazer o bem somente para quem nos faz o bem, n\u00e3o serve para expressar o amor a ser vivido pelos que creem em Deus. O querido Papa Francisco expressou esta atitude recorrendo a um verbo novo, \u201cprimeirar\u201d, isto \u00e9, ser o primeiro na viv\u00eancia do amor, amar e servir por primeiro, de gra\u00e7a, sem esperar recompensa.<\/p>\n<p style=\"text-align: justify\">Em tudo seja vivido este amor, em Salvador e por toda a parte. A Arquidiocese primacial, Ecclesia Mater, seja conhecida pela primazia do amor, da caridade, da miseric\u00f3rdia, da reconcilia\u00e7\u00e3o e da paz. Na rica e bela hist\u00f3ria de Salvador n\u00e3o faltam testemunhos de viv\u00eancia da caridade. Dentre eles, brilha Santa Dulce dos Pobres, que nos motiva a amar e a servir a todos, especialmente os pobres, os doentes e os fragilizados. O Senhor do Bonfim nos guie e nos anime sempre a fazer \u201ctudo na caridade\u201d!<\/p>\n","protected":false},"excerpt":{"rendered":"<p>Cardeal Sergio da Rocha Arcebispo de S\u00e3o Salvador da Bahia (BA) &nbsp; \u201cTudo o que voc\u00eas fizerem, fa\u00e7am na caridade\u201d. Nestas palavras de S\u00e3o Paulo \u00e0 Comunidade de Corinto (1Cor 16,14), encontra-se o lema escolhido por ocasi\u00e3o da nomea\u00e7\u00e3o para o episcopado que tive a gra\u00e7a de receber do Papa S\u00e3o Jo\u00e3o Paulo II: \u201cTudo &hellip;<\/p>\n<p class=\"read-more\"> <a class=\"\" href=\"https:\/\/www.cnbb.org.br\/cardeal-sergio-tudo-na-caridade\/\"> <span class=\"screen-reader-text\">Tudo na caridade<\/span> Leia mais &raquo;<\/a><\/p>\n","protected":false},"author":78,"featured_media":0,"comment_status":"closed","ping_status":"open","sticky":false,"template":"","format":"standard","meta":{"site-sidebar-layout":"default","site-content-layout":"default","ast-global-header-display":"","ast-banner-title-visibility":"","ast-main-header-display":"","ast-hfb-above-header-display":"","ast-hfb-below-header-display":"","ast-hfb-mobile-header-display":"","site-post-title":"","ast-breadcrumbs-content":"","ast-featured-img":"","footer-sml-layout":"","theme-transparent-header-meta":"","adv-header-id-meta":"","stick-header-meta":"","header-above-stick-meta":"","header-main-stick-meta":"","header-below-stick-meta":""},"categories":[758],"tags":[],"acf":[],"_links":{"self":[{"href":"https:\/\/www.cnbb.org.br\/cnbb-app\/wp\/v2\/posts\/243863"}],"collection":[{"href":"https:\/\/www.cnbb.org.br\/cnbb-app\/wp\/v2\/posts"}],"about":[{"href":"https:\/\/www.cnbb.org.br\/cnbb-app\/wp\/v2\/types\/post"}],"author":[{"embeddable":true,"href":"https:\/\/www.cnbb.org.br\/cnbb-app\/wp\/v2\/users\/78"}],"replies":[{"embeddable":true,"href":"https:\/\/www.cnbb.org.br\/cnbb-app\/wp\/v2\/comments?post=243863"}],"version-history":[{"count":0,"href":"https:\/\/www.cnbb.org.br\/cnbb-app\/wp\/v2\/posts\/243863\/revisions"}],"wp:attachment":[{"href":"https:\/\/www.cnbb.org.br\/cnbb-app\/wp\/v2\/media?parent=243863"}],"wp:term":[{"taxonomy":"category","embeddable":true,"href":"https:\/\/www.cnbb.org.br\/cnbb-app\/wp\/v2\/categories?post=243863"},{"taxonomy":"post_tag","embeddable":true,"href":"https:\/\/www.cnbb.org.br\/cnbb-app\/wp\/v2\/tags?post=243863"}],"curies":[{"name":"wp","href":"https:\/\/api.w.org\/{rel}","templated":true}]}}