{"id":243957,"date":"2020-08-12T07:00:23","date_gmt":"2020-08-12T10:00:23","guid":{"rendered":"https:\/\/www.cnbb.org.br\/?p=243957"},"modified":"2020-08-12T07:00:23","modified_gmt":"2020-08-12T10:00:23","slug":"papa-nomeia-novo-bispo-para-a-diocese-de-humaita-am","status":"publish","type":"post","link":"https:\/\/www.cnbb.org.br\/papa-nomeia-novo-bispo-para-a-diocese-de-humaita-am\/","title":{"rendered":"Papa nomeia novo bispo para a diocese de Humait\u00e1 (AM)"},"content":{"rendered":"<p style=\"text-align: justify\">Ap\u00f3s aceitar, por motivos de idade, a ren\u00fancia de dom Franz Josef Meinrad Merkel, CSSp., mais conhecido como dom Francisco Merkel, o Papa Francisco nomeou, nesta quarta-feira, 12 de agosto, o padre Ant\u00f4nio Fontinele de Melo como novo bispo para a diocese de Humait\u00e1 (AM), do regional Noroeste da Confer\u00eancia Nacional dos Bispos do Brasil (CNBB). Padre Ant\u00f4nio Fontinele, at\u00e9 ent\u00e3o, \u00e9 presb\u00edtero na catedral Sagrado Cora\u00e7\u00e3o de Jesus e ec\u00f4nomo na arquidiocese de Porto Velho (RO), desde 2011. A CNBB enviou agradecimento a dom Francisco Merkel e a sauda\u00e7\u00e3o ao novo membro do episcopado.<\/p>\n<p style=\"text-align: justify\">Ao completar 75 anos em 22 de setembro de 2019, dom Francisco, o quarto bispo da diocese de Humait\u00e1, enviou ao Santo Padre, conforme prev\u00ea o Direito Can\u00f4nico, seu pedido de ren\u00fancia. Dom Francisco torna-se, com a aceita\u00e7\u00e3o pelo Sumo Pont\u00edfice, bispo em\u00e9rito de Humait\u00e1 (AM).<\/p>\n<p><strong>Novo bispo da diocese de Humait\u00e1 (AM)<\/strong><\/p>\n<p style=\"text-align: justify\">O padre Ant\u00f4nio Fontinele de Melo nasceu em 9 de maio de 1968, em Camocim (CE). Fez a sua forma\u00e7\u00e3o em Filosofia e Teologia, de 1992 a 1998, no semin\u00e1rio S\u00e3o Jo\u00e3o XXIII, em Porto Velho (RO). Licenciou-se em Filosofia pela Universidade Cat\u00f3lica de Bras\u00edlia (UCB), em 2001. Tornou-se bacharel em Teologia pelo Centro de Ensino Superior de Juiz de Fora (MG), em 2003. O padre tamb\u00e9m se especializou em Metodologia do Ensino Superior, na Universidade Federal de Rond\u00f4nia, em 2003, e em Sagradas Escrituras pelo Centro Universit\u00e1rio Claretiano, em 2015.<\/p>\n<p style=\"text-align: justify\">Foi ordenado di\u00e1cono em 21 de novembro de 1998 e, como presb\u00edtero, em 18 de setembro de 1999. Como padre, exerceu diversos servi\u00e7os na arquidiocese de Porto Velho (RO). Foi p\u00e1roco da par\u00f3quia S\u00e3o Cristov\u00e3o, de 1999 a 2013, reitor da casa vocacional Dom H\u00e9lder C\u00e2mara, de 1998 a 2004, coordenador de pastoral, de 2005 a 2010.<\/p>\n<p style=\"text-align: justify\">Tamb\u00e9m foi professor de Introdu\u00e7\u00e3o \u00e0 Sagrada Escritura e de Gest\u00e3o Eclesial no curso de Teologia do Semin\u00e1rio S\u00e3o Jo\u00e3o XXII, em Porto Velho, de 2016 a 2020. No regional Noroeste da CNBB, que compreende o Acre, o sul do Amazonas e Rond\u00f4nia, coordenou a Comiss\u00e3o Regional Noroeste de presb\u00edteros de 2002 a 2005 e foi assessor das Comunidades Eclesiais de Base do Regional Noroeste de 2009 a 2012.<\/p>\n<p style=\"text-align: justify\"><strong>Novo bispo em\u00e9rito<\/strong><\/p>\n<p style=\"text-align: justify\">Com a decis\u00e3o do Papa, como dom Francisco Merkel torna-se agora bispo em\u00e9rito. O procedimento est\u00e1 previsto no C\u00f3digo de Direito Can\u00f4nico e define que \u201cao bispo diocesano que tiver completado 75 anos de idade, \u00e9 solicitado apresentar a ren\u00fancia do of\u00edcio ao Sumo Pont\u00edfice que, ponderando todas as circunst\u00e2ncias, tomar\u00e1 provid\u00eancias\u201d. O bispo em\u00e9rito fica, ent\u00e3o, desobrigado das fun\u00e7\u00f5es concernentes ao governo de sua diocese, mas permanece no exerc\u00edcio de seu minist\u00e9rio durante toda a vida.<\/p>\n<p style=\"text-align: justify\">Dom Francisco nasceu em 22 de setembro de 1944, em Hardheim, na Alemanha. Foi ordenado ao sacerd\u00f3cio em 22 de maio de 1971 com mission\u00e1rio da Congrega\u00e7\u00e3o do Esp\u00edrito Santo. No Brasil, o mission\u00e1rio espiritano foi respons\u00e1vel pelos semin\u00e1rios da Congrega\u00e7\u00e3o do Esp\u00edrito Santo e atuou como p\u00e1roco por dez anos na Bahia, antes de ser nomeado para diocese de Humait\u00e1, em 26 de julho de 2000. Ele \u00e9 o quarto bispo de Humait\u00e1.<\/p>\n<p style=\"text-align: justify\">Foi nomeado como bispo em 26 de julho de 2000 e recebeu a ordena\u00e7\u00e3o episcopal em 15 de outubro de 2000, atrav\u00e9s de dom Jos\u00e9 Jov\u00eancio Balestieri, bispo-coadjutor de Rio do Sul e seu antecessor. Os co-consagrantes foram dom Moacyr Grechi, arcebispo de Porto Velho, e dom S\u00e9rgio Eduardo Castriani, prelado-Coadjutor de Tef\u00e9 (AM). No in\u00edcio do S\u00ednodo da Amaz\u00f4nia, dom Francisco Merkel presenteou o Papa Francisco com seu b\u00e1culo, feito de madeira e com simbolismo ind\u00edgena, que o pont\u00edfice usou na eucaristia de encerramento do encontro. A diocese de Humait\u00e1 foi criada no dia 16 de outubro de 1979.<\/p>\n<h4 style=\"text-align: center\"><a href=\"https:\/\/www.cnbb.org.br\/wp-content\/uploads\/2020\/08\/AgradecimentoDestaque.png\" data-rel=\"lightbox-image-0\" data-rl_title=\"\" data-rl_caption=\"\" title=\"\"><img decoding=\"async\" loading=\"lazy\" class=\"alignnone size-full wp-image-244028\" src=\"https:\/\/www.cnbb.org.br\/wp-content\/uploads\/2020\/08\/AgradecimentoDestaque.png\" alt=\"\" width=\"1200\" height=\"762\" srcset=\"https:\/\/www.cnbb.org.br\/wp-content\/uploads\/2020\/08\/AgradecimentoDestaque.png 1200w, https:\/\/www.cnbb.org.br\/wp-content\/uploads\/2020\/08\/AgradecimentoDestaque-300x191.png 300w, https:\/\/www.cnbb.org.br\/wp-content\/uploads\/2020\/08\/AgradecimentoDestaque-1024x650.png 1024w, https:\/\/www.cnbb.org.br\/wp-content\/uploads\/2020\/08\/AgradecimentoDestaque-768x488.png 768w, https:\/\/www.cnbb.org.br\/wp-content\/uploads\/2020\/08\/AgradecimentoDestaque-500x318.png 500w\" sizes=\"(max-width: 1200px) 100vw, 1200px\" \/><\/a><\/h4>\n<h4 style=\"text-align: center\">Agradecimento da CNBB a dom Francisco Merkel<\/h4>\n<p style=\"text-align: right\">Bras\u00edlia-DF, 12 de agosto de 2020<\/p>\n<p style=\"text-align: left\">Estimado irm\u00e3o, Francisco Merkel, sa\u00fade e paz!<\/p>\n<p style=\"text-align: justify\">A Confer\u00eancia Nacional dos Bispos do Brasil (CNBB) manifesta agradecimento a Deus por sua trajet\u00f3ria episcopal, especialmente pelos anos dedicados \u00e0 sua a\u00e7\u00e3o pastoral e mission\u00e1ria ao Brasil, grande parte na Bahia. Agradecemos a sua a\u00e7\u00e3o inserida e engajada junto \u00e0 cultura e ao povo brasileiro, por quem doou seu pastoreio.<\/p>\n<p style=\"text-align: justify\">Agradecemos especialmente todo o seu empenho em fazer escutar os clamores em favor dos povos ind\u00edgenas e povos tradicionais da Amaz\u00f4nia. Recordamos seu bonito gesto de presentear, com seu b\u00e1culo, o Papa Francisco, durante o S\u00ednodo para a Amaz\u00f4nia. Na arte talhada em seu b\u00e1culo, est\u00e3o os rostos do branco, do \u00edndio e do negro, pessoas com que o senhor manifestou, em seu pastoreio, a alegria do Evangelho.<\/p>\n<p style=\"text-align: justify\">Desejamos que esse tempo de emeritude seja um tempo de renascer diante da Igreja \u00e0 qual continua chamado a sempre servir com sua experi\u00eancia e sabedoria.<\/p>\n<p style=\"text-align: justify\">Enviamos ao senhor nosso afetuoso abra\u00e7o e rogamos \u00e0 Nossa Senhora da Imaculada Concei\u00e7\u00e3o, padroeira da diocese de Humait\u00e1, que lhe cubra de b\u00ean\u00e7\u00e3os e prote\u00e7\u00e3o.<\/p>\n<p>Em Cristo,<\/p>\n<p style=\"text-align: center\"><strong>Dom Walmor Oliveira de Azevedo<\/strong><br \/>\nArcebispo de Belo Horizonte (MG)<br \/>\n<em>Presidente da CNBB<\/em><\/p>\n<p style=\"text-align: center\"><strong>Dom Jaime Spengler<\/strong><br \/>\nArcebispo de Porto Alegre (RS)<br \/>\n<em>Primeiro Vice-Presidente da CNBB<\/em><\/p>\n<p style=\"text-align: center\"><strong>Dom M\u00e1rio Ant\u00f4nio da Silva<\/strong><br \/>\nBispo de Roraima (RR)<br \/>\n<em>Segundo Vice-Presidente da CNBB<\/em><\/p>\n<p style=\"text-align: center\"><strong>Dom Joel Portella Amado<\/strong><br \/>\nBispo auxiliar da arquidiocese de S\u00e3o Sebasti\u00e3o do Rio de Janeiro (RJ)<br \/>\n<em>Secret\u00e1rio-geral da CNBB<\/em><\/p>\n<p>&nbsp;<\/p>\n<blockquote>\n<h4 style=\"text-align: center\">Sauda\u00e7\u00e3o da CNBB ao padre Ant\u00f4nio Fontinele de Melo<\/h4>\n<p style=\"text-align: right\">Bras\u00edlia-DF, 12 de agosto de 2020<\/p>\n<p style=\"text-align: justify\">Prezado monsenhor, Ant\u00f4nio Fontinele de Melo, sa\u00fade e paz!<\/p>\n<p style=\"text-align: justify\">A Confer\u00eancia Nacional dos Bispos do Brasil (CNBB) manifesta alegria com a sua nomea\u00e7\u00e3o para bispo da diocese de Humait\u00e1 (AM). Felizes por acolher mais um irm\u00e3o no episcopado, agradecemos, junto com dom Francisco Merkel, o gesto do Santo Padre, que com mais essa nomea\u00e7\u00e3o expressa seu zelo pela Igreja no Brasil, especialmente pela querida Amaz\u00f4nia.<\/p>\n<p style=\"text-align: justify\">Abrindo as portas da CNBB ao senhor, recordamos as palavras do Santo Padre sobre o Esp\u00edrito Santo, em homilia em missa na Casa Santa Marta, em abril de 2019: \u201cEsta \u00e9 a for\u00e7a! N\u00f3s nada podemos sem o Esp\u00edrito. \u00c9 o Esp\u00edrito que nos faz ressurgir dos nossos limites\u201d.<\/p>\n<p style=\"text-align: justify\">Receba as boas-vindas \u00e0 nossa Confer\u00eancia Episcopal, os nossos mais sinceros votos de um frutuoso minist\u00e9rio episcopal, iluminado pelo Esp\u00edrito Santo de Deus, e nosso abra\u00e7o fraterno.<\/p>\n<p>Em Cristo,<\/p>\n<p style=\"text-align: center\"><strong>Dom Walmor Oliveira de Azevedo<\/strong><br \/>\nArcebispo de Belo Horizonte (MG)<br \/>\n<em>Presidente da CNBB<\/em><\/p>\n<p style=\"text-align: center\"><strong>Dom Jaime Spengler<\/strong><br \/>\nArcebispo de Porto Alegre (RS)<br \/>\n<em>Primeiro Vice-Presidente da CNBB<\/em><\/p>\n<p style=\"text-align: center\"><strong>Dom M\u00e1rio Ant\u00f4nio da Silva<\/strong><br \/>\nBispo de Roraima (RR)<br \/>\n<em>Segundo Vice-Presidente da CNBB<\/em><\/p>\n<p style=\"text-align: center\"><strong>Dom Joel Portella Amado<\/strong><br \/>\nBispo auxiliar da arquidiocese de S\u00e3o Sebasti\u00e3o do Rio de Janeiro (RJ)<br \/>\n<em>Secret\u00e1rio-geral da CNBB<\/em><\/p>\n<\/blockquote>\n","protected":false},"excerpt":{"rendered":"<p>Ap\u00f3s aceitar, por motivos de idade, a ren\u00fancia de dom Francisco Merkel, o Santo Padre nomeou, nesta quarta-feira, 12 de agosto, o padre Ant\u00f4nio Fontinele de Melo como novo bispo para a diocese. A CNBB enviou agradecimento a dom Francisco e sauda\u00e7\u00e3o ao novo membro do episcopado<\/p>\n","protected":false},"author":83,"featured_media":244027,"comment_status":"closed","ping_status":"open","sticky":false,"template":"","format":"standard","meta":{"site-sidebar-layout":"default","site-content-layout":"default","ast-global-header-display":"","ast-banner-title-visibility":"","ast-main-header-display":"","ast-hfb-above-header-display":"","ast-hfb-below-header-display":"","ast-hfb-mobile-header-display":"","site-post-title":"","ast-breadcrumbs-content":"","ast-featured-img":"","footer-sml-layout":"","theme-transparent-header-meta":"","adv-header-id-meta":"","stick-header-meta":"","header-above-stick-meta":"","header-main-stick-meta":"","header-below-stick-meta":""},"categories":[872],"tags":[2695,1900,2696,1781],"acf":[],"_links":{"self":[{"href":"https:\/\/www.cnbb.org.br\/cnbb-app\/wp\/v2\/posts\/243957"}],"collection":[{"href":"https:\/\/www.cnbb.org.br\/cnbb-app\/wp\/v2\/posts"}],"about":[{"href":"https:\/\/www.cnbb.org.br\/cnbb-app\/wp\/v2\/types\/post"}],"author":[{"embeddable":true,"href":"https:\/\/www.cnbb.org.br\/cnbb-app\/wp\/v2\/users\/83"}],"replies":[{"embeddable":true,"href":"https:\/\/www.cnbb.org.br\/cnbb-app\/wp\/v2\/comments?post=243957"}],"version-history":[{"count":0,"href":"https:\/\/www.cnbb.org.br\/cnbb-app\/wp\/v2\/posts\/243957\/revisions"}],"wp:featuredmedia":[{"embeddable":true,"href":"https:\/\/www.cnbb.org.br\/cnbb-app\/wp\/v2\/media\/244027"}],"wp:attachment":[{"href":"https:\/\/www.cnbb.org.br\/cnbb-app\/wp\/v2\/media?parent=243957"}],"wp:term":[{"taxonomy":"category","embeddable":true,"href":"https:\/\/www.cnbb.org.br\/cnbb-app\/wp\/v2\/categories?post=243957"},{"taxonomy":"post_tag","embeddable":true,"href":"https:\/\/www.cnbb.org.br\/cnbb-app\/wp\/v2\/tags?post=243957"}],"curies":[{"name":"wp","href":"https:\/\/api.w.org\/{rel}","templated":true}]}}