{"id":24416,"date":"2013-07-27T00:00:00","date_gmt":"2013-07-27T03:00:00","guid":{"rendered":"https:\/\/www.cnbb.org.br\/peregrinacao-dos-jovens-fazer-experiencia-mais-profunda-com-deus\/"},"modified":"2013-07-27T00:00:00","modified_gmt":"2013-07-27T03:00:00","slug":"peregrinacao-dos-jovens-fazer-experiencia-mais-profunda-com-deus","status":"publish","type":"post","link":"https:\/\/www.cnbb.org.br\/peregrinacao-dos-jovens-fazer-experiencia-mais-profunda-com-deus\/","title":{"rendered":"Peregrina\u00e7\u00e3o dos jovens: \u201cfazer experi\u00eancia mais profunda com Deus\u201d."},"content":{"rendered":"<p style=\"text-align: justify\">\n<p style=\"text-align: justify\">Kayo Jos\u00e9 Teles, 20 anos, vindo de Para\u00edso do Tocantins (TO), Par\u00f3quia S\u00e3o Jos\u00e9 Oper\u00e1rio, Prelazia de Cristal\u00e2ndia era s\u00f3 alegria na manh\u00e3 deste s\u00e1bado, 27 de julho: \u201co objetivo dessa caminhada que vou fazer \u00e9 ter uma experi\u00eancia mais profunda com Deus e com os outros jovens\u201d.<\/p>\n<p><!--more--><\/p>\n<p style=\"text-align: justify\">Hospedado numa casa de fam\u00edlia em Copacabana, preparando-se para ir fazer o trajeto de 9,5 quil\u00f4metros desde a Central do Brasil ele acrescentou: \u201cFazer essa peregrina\u00e7\u00e3o, para mim, \u00e9 realizar um esfor\u00e7o para experimentar o amor, a vontade de estar com Deus. Na verdade\u201d. No Rio desde, ter\u00e7a-feira, Kayo acompanha outros 210 jovens que vieram representando o estado do Tocantins na Jornada Mundial da Juventude e foram distribu\u00eddos em 5 bairros diferentes da cidade.<\/p>\n<p style=\"text-align: justify\">Segundo informa\u00e7\u00f5es do Comit\u00ea Local da Jornada Mundial da Juventude, a nova rota de peregrina\u00e7\u00e3o dos fi\u00e9is ter\u00e1 in\u00edcio na Central do Brasil at\u00e9 a Praia de Copacabana, na Zona Sul. Os peregrinos far\u00e3o o circuito sinalizado pela Central, seguindo pela Avenida Presidente Vargas, Avenida Rio Branco, Aterro do Flamengo, Enseada de Botafogo, T\u00fanel Novo e Copacabana. Durante o percurso, os peregrinos inscritos poder\u00e3o retirar o kit da Vig\u00edlia, na altura do Monumento aos Pracinhas, no Aterro do Flamengo.<\/p>\n<p style=\"text-align: justify\">A opera\u00e7\u00e3o se iniciou \u00e0 0h deste s\u00e1bado com o fechamento do Aterro do Flamengo para montagem de estruturas. \u00c0s 7h, todo percurso da caminhada j\u00e1 estar\u00e1 exclusivamente destinado \u00e0 circula\u00e7\u00e3o de pedestres. Ao meio-dia, iniciam-se os bloqueios em Copacabana para a Vig\u00edlia da JMJ, que acontecer\u00e1 \u00e0s 19h, com a presen\u00e7a do Papa Francisco.<\/p>\n<p style=\"text-align: justify\">A Vig\u00edlia se estende at\u00e9 as 10h deste domingo, 28 de julho, quando o Pont\u00edfice realiza a Missa de Envio. Ser\u00e1 permitido dormir na praia sem a utiliza\u00e7\u00e3o de barracas. Quem preferir, poder\u00e1 retornar para as casas onde est\u00e3o hospedados.<\/p>\n","protected":false},"excerpt":{"rendered":"<p>Kayo Jos\u00e9 Teles, 20 anos, vindo de Para\u00edso do Tocantins (TO), Par\u00f3quia S\u00e3o Jos\u00e9 Oper\u00e1rio, Prelazia de Cristal\u00e2ndia era s\u00f3 alegria na manh\u00e3 deste s\u00e1bado, 27 de julho: \u201co objetivo dessa caminhada que vou fazer \u00e9 ter uma experi\u00eancia mais profunda com Deus e com os outros jovens\u201d.<\/p>\n","protected":false},"author":83,"featured_media":24417,"comment_status":"open","ping_status":"open","sticky":false,"template":"","format":"standard","meta":{"site-sidebar-layout":"default","site-content-layout":"default","ast-global-header-display":"","ast-banner-title-visibility":"","ast-main-header-display":"","ast-hfb-above-header-display":"","ast-hfb-below-header-display":"","ast-hfb-mobile-header-display":"","site-post-title":"","ast-breadcrumbs-content":"","ast-featured-img":"","footer-sml-layout":"","theme-transparent-header-meta":"","adv-header-id-meta":"","stick-header-meta":"","header-above-stick-meta":"","header-main-stick-meta":"","header-below-stick-meta":""},"categories":[864,769],"tags":[],"acf":[],"_links":{"self":[{"href":"https:\/\/www.cnbb.org.br\/cnbb-app\/wp\/v2\/posts\/24416"}],"collection":[{"href":"https:\/\/www.cnbb.org.br\/cnbb-app\/wp\/v2\/posts"}],"about":[{"href":"https:\/\/www.cnbb.org.br\/cnbb-app\/wp\/v2\/types\/post"}],"author":[{"embeddable":true,"href":"https:\/\/www.cnbb.org.br\/cnbb-app\/wp\/v2\/users\/83"}],"replies":[{"embeddable":true,"href":"https:\/\/www.cnbb.org.br\/cnbb-app\/wp\/v2\/comments?post=24416"}],"version-history":[{"count":0,"href":"https:\/\/www.cnbb.org.br\/cnbb-app\/wp\/v2\/posts\/24416\/revisions"}],"wp:featuredmedia":[{"embeddable":true,"href":"https:\/\/www.cnbb.org.br\/cnbb-app\/wp\/v2\/media\/24417"}],"wp:attachment":[{"href":"https:\/\/www.cnbb.org.br\/cnbb-app\/wp\/v2\/media?parent=24416"}],"wp:term":[{"taxonomy":"category","embeddable":true,"href":"https:\/\/www.cnbb.org.br\/cnbb-app\/wp\/v2\/categories?post=24416"},{"taxonomy":"post_tag","embeddable":true,"href":"https:\/\/www.cnbb.org.br\/cnbb-app\/wp\/v2\/tags?post=24416"}],"curies":[{"name":"wp","href":"https:\/\/api.w.org\/{rel}","templated":true}]}}