{"id":244581,"date":"2020-08-17T12:31:02","date_gmt":"2020-08-17T15:31:02","guid":{"rendered":"https:\/\/www.cnbb.org.br\/?p=244581"},"modified":"2020-08-17T12:31:02","modified_gmt":"2020-08-17T15:31:02","slug":"arquidiocese-de-maceio-e-diocese-de-palmeira-dos-indios-celebram-aniversario","status":"publish","type":"post","link":"https:\/\/www.cnbb.org.br\/arquidiocese-de-maceio-e-diocese-de-palmeira-dos-indios-celebram-aniversario\/","title":{"rendered":"Arquidiocese de Macei\u00f3 e diocese de Palmeira dos \u00cdndios celebram anivers\u00e1rio"},"content":{"rendered":"<p style=\"text-align: justify\">A arquidiocese de Macei\u00f3 (AL) e a diocese de Palmeira dos \u00cdndios (AL) celebram anivers\u00e1rio neste m\u00eas de agosto. A sede metropolitana celebra o centen\u00e1rio a partir desta segunda-feira, com homenagens a Nossa Senhora dos Prazeres. A festa da padroeira marca o centen\u00e1rio da igreja alagoana e tamb\u00e9m a reabertura dos templos para os fi\u00e9is depois de quase cinco meses de restri\u00e7\u00f5es impostas pela pandemia do novo coronav\u00edrus.<\/p>\n<p style=\"text-align: justify\">No interior do Estado, a diocese de Palmeira dos \u00cdndios (AL) celebrou, neste domingo (16), os 58 anos de cria\u00e7\u00e3o can\u00f4nica. A festa, que tamb\u00e9m marcou o encerramento das homenagens \u00e0 Nossa Senhora do Amparo, contou com a participa\u00e7\u00e3o massiva dos fi\u00e9is por meio das redes sociais.<\/p>\n<p style=\"text-align: justify\">Confira mais informa\u00e7\u00f5es sobre as celebra\u00e7\u00f5es em <a href=\"http:\/\/cnbbne2.org.br\/em-maceio-festa-da-padroeira-marca-reabertura-das-igrejas-e-centenario-da-arquidiocese\/\" target=\"_blank\" rel=\"noopener\">Macei\u00f3<\/a> e em <a href=\"http:\/\/cnbbne2.org.br\/diocese-de-palmeira-dos-indios-al-celebrou-58-anos-de-criacao-canonica\/\" target=\"_blank\" rel=\"noopener\">Palmeira dos \u00cdndios<\/a>.<\/p>\n","protected":false},"excerpt":{"rendered":"<p>Em Macei\u00f3, festa da padroeira marca centen\u00e1rio da arquidiocese. Na diocese do interior, foram celebrados 58 anos de cria\u00e7\u00e3o can\u00f4nica<\/p>\n","protected":false},"author":83,"featured_media":244584,"comment_status":"closed","ping_status":"open","sticky":false,"template":"","format":"standard","meta":{"site-sidebar-layout":"default","site-content-layout":"default","ast-global-header-display":"","ast-banner-title-visibility":"","ast-main-header-display":"","ast-hfb-above-header-display":"","ast-hfb-below-header-display":"","ast-hfb-mobile-header-display":"","site-post-title":"","ast-breadcrumbs-content":"","ast-featured-img":"","footer-sml-layout":"","theme-transparent-header-meta":"","adv-header-id-meta":"","stick-header-meta":"","header-above-stick-meta":"","header-main-stick-meta":"","header-below-stick-meta":""},"categories":[770],"tags":[1932,1314],"acf":[],"_links":{"self":[{"href":"https:\/\/www.cnbb.org.br\/cnbb-app\/wp\/v2\/posts\/244581"}],"collection":[{"href":"https:\/\/www.cnbb.org.br\/cnbb-app\/wp\/v2\/posts"}],"about":[{"href":"https:\/\/www.cnbb.org.br\/cnbb-app\/wp\/v2\/types\/post"}],"author":[{"embeddable":true,"href":"https:\/\/www.cnbb.org.br\/cnbb-app\/wp\/v2\/users\/83"}],"replies":[{"embeddable":true,"href":"https:\/\/www.cnbb.org.br\/cnbb-app\/wp\/v2\/comments?post=244581"}],"version-history":[{"count":0,"href":"https:\/\/www.cnbb.org.br\/cnbb-app\/wp\/v2\/posts\/244581\/revisions"}],"wp:featuredmedia":[{"embeddable":true,"href":"https:\/\/www.cnbb.org.br\/cnbb-app\/wp\/v2\/media\/244584"}],"wp:attachment":[{"href":"https:\/\/www.cnbb.org.br\/cnbb-app\/wp\/v2\/media?parent=244581"}],"wp:term":[{"taxonomy":"category","embeddable":true,"href":"https:\/\/www.cnbb.org.br\/cnbb-app\/wp\/v2\/categories?post=244581"},{"taxonomy":"post_tag","embeddable":true,"href":"https:\/\/www.cnbb.org.br\/cnbb-app\/wp\/v2\/tags?post=244581"}],"curies":[{"name":"wp","href":"https:\/\/api.w.org\/{rel}","templated":true}]}}