{"id":244735,"date":"2020-08-19T11:55:13","date_gmt":"2020-08-19T14:55:13","guid":{"rendered":"https:\/\/www.cnbb.org.br\/?p=244735"},"modified":"2020-08-19T11:55:13","modified_gmt":"2020-08-19T14:55:13","slug":"papa-francisco-anima-religiosas-e-religiosos-brasileiros-na-praca-sao-pedro-em-roma","status":"publish","type":"post","link":"https:\/\/www.cnbb.org.br\/papa-francisco-anima-religiosas-e-religiosos-brasileiros-na-praca-sao-pedro-em-roma\/","title":{"rendered":"Papa Francisco anima religiosas e religiosos brasileiros, na Pra\u00e7a S\u00e3o Pedro, em Roma"},"content":{"rendered":"<p style=\"text-align: justify\">Na abertura da Primeira Semana da Vida Religiosa Consagrada no Brasil, mais de 60 religiosas e religiosos brasileiros que vivem em Roma se reuniram na Pra\u00e7a S\u00e3o Pedro, no domingo, 16 de agosto, para um momento memor\u00e1vel: rezar a ora\u00e7\u00e3o do Angelus com o Papa Francisco. A ideia nasceu no cora\u00e7\u00e3o do padre Orlando Zanovelli, da Congrega\u00e7\u00e3o do Esp\u00edrito Santo, e logo ganhou o apoio do \u201cGrupo Zero\u201d que anima as religiosas e religiosos brasileiros em Roma, o RBR. \u201cO trabalho de coordena\u00e7\u00e3o e execu\u00e7\u00e3o desta iniciativa entre n\u00f3s, causou-me uma profunda alegria e gratid\u00e3o\u201d, sublinha padre Orlando.<\/p>\n<figure id=\"attachment_244739\" aria-describedby=\"caption-attachment-244739\" style=\"width: 442px\" class=\"wp-caption alignleft\"><a href=\"https:\/\/www.cnbb.org.br\/wp-content\/uploads\/2020\/08\/Religiosas-e-religiosos-brasileiros-na-Praca-Sao-Pedro-em-Roma_Foto_Jaime-C.-Patias-2.jpg\" data-rel=\"lightbox-image-0\" data-rl_title=\"\" data-rl_caption=\"\" title=\"\"><img decoding=\"async\" loading=\"lazy\" class=\"wp-image-244739\" src=\"https:\/\/www.cnbb.org.br\/wp-content\/uploads\/2020\/08\/Religiosas-e-religiosos-brasileiros-na-Praca-Sao-Pedro-em-Roma_Foto_Jaime-C.-Patias-2.jpg\" alt=\"Mais de 60 religiosas e religiosos brasileiros que vivem em Roma, se reuniram na Pra\u00e7a S\u00e3o Pedro, no domingo, 16 de agosto, para rezar a ora\u00e7\u00e3o do Angelus com o Papa Francisco\" width=\"442\" height=\"295\" srcset=\"https:\/\/www.cnbb.org.br\/wp-content\/uploads\/2020\/08\/Religiosas-e-religiosos-brasileiros-na-Praca-Sao-Pedro-em-Roma_Foto_Jaime-C.-Patias-2.jpg 1500w, https:\/\/www.cnbb.org.br\/wp-content\/uploads\/2020\/08\/Religiosas-e-religiosos-brasileiros-na-Praca-Sao-Pedro-em-Roma_Foto_Jaime-C.-Patias-2-300x200.jpg 300w, https:\/\/www.cnbb.org.br\/wp-content\/uploads\/2020\/08\/Religiosas-e-religiosos-brasileiros-na-Praca-Sao-Pedro-em-Roma_Foto_Jaime-C.-Patias-2-1024x683.jpg 1024w, https:\/\/www.cnbb.org.br\/wp-content\/uploads\/2020\/08\/Religiosas-e-religiosos-brasileiros-na-Praca-Sao-Pedro-em-Roma_Foto_Jaime-C.-Patias-2-768x513.jpg 768w, https:\/\/www.cnbb.org.br\/wp-content\/uploads\/2020\/08\/Religiosas-e-religiosos-brasileiros-na-Praca-Sao-Pedro-em-Roma_Foto_Jaime-C.-Patias-2-391x260.jpg 391w, https:\/\/www.cnbb.org.br\/wp-content\/uploads\/2020\/08\/Religiosas-e-religiosos-brasileiros-na-Praca-Sao-Pedro-em-Roma_Foto_Jaime-C.-Patias-2-500x334.jpg 500w\" sizes=\"(max-width: 442px) 100vw, 442px\" \/><\/a><figcaption id=\"caption-attachment-244739\" class=\"wp-caption-text\">Mais de 60 religiosas e religiosos brasileiros que vivem em Roma, se reuniram na Pra\u00e7a S\u00e3o Pedro, no domingo, 16 de agosto, para rezar a ora\u00e7\u00e3o do Angelus com o Papa Francisco<\/figcaption><\/figure>\n<p style=\"text-align: justify\">Pr\u00f3ximo ao meio dia, sob o sol escaldante do ver\u00e3o europeu, eles e elas chegaram de todos os cantos e foram passando o controle entre as colunas de Bernini que circundam a Pra\u00e7a, portando bandeiras, faixas, s\u00edmbolos da Amaz\u00f4nia e a Imagem da M\u00e3e Aparecida. Nem o uso obrigat\u00f3rio das m\u00e1scaras para conter a pandemia, escondeu no rosto a alegria do reencontro de tantos carismas comprometidos com a miss\u00e3o mundo afora.<\/p>\n<p style=\"text-align: justify\">Os gestos e os c\u00e2nticos surgiam espontaneamente e Roma pode ouvir novamente um dos mantras entoados durante o S\u00ednodo para a Amaz\u00f4nia. \u201cTudo est\u00e1 interligado, como se f\u00f4ssemos um&#8230; nesta Casa Comum\u201d. E n\u00e3o poderia faltar \u201cSanta M\u00e3e Maria, nessa travessia. Cubra-nos Teu manto cor de anil\u201d, no momento em que as mortes por Covid-19 no Brasil j\u00e1 somam 107.852 (16\/08\/2020).<\/p>\n<blockquote>\n<p style=\"text-align: justify\">\u201cSent\u00edamos falta desses momentos, t\u00ednhamos tanto para compartilhar. Poder ver o rosto e perceber a alegria de estarmos ali neste tempo desafiador foi algo marcante e encantador\u201d, descreve padre J\u00falio C\u00e9sar Werlang, mission\u00e1rio da Sagrada Fam\u00edlia e membro do Grupo Zero. \u201cUnidos na ora\u00e7\u00e3o, na diversidade da miss\u00e3o e no compromisso com a vida em todas as suas express\u00f5es, experimentamos a manifesta\u00e7\u00e3o do amor de Deus na comunh\u00e3o com o Papa Francisco\u201d, destaca padre J\u00falio.<\/p>\n<\/blockquote>\n<figure id=\"attachment_244740\" aria-describedby=\"caption-attachment-244740\" style=\"width: 383px\" class=\"wp-caption alignleft\"><a href=\"https:\/\/www.cnbb.org.br\/wp-content\/uploads\/2020\/08\/Francisco-durante-Angelus.jpg\" data-rel=\"lightbox-image-1\" data-rl_title=\"\" data-rl_caption=\"\" title=\"\"><img decoding=\"async\" loading=\"lazy\" class=\"wp-image-244740\" src=\"https:\/\/www.cnbb.org.br\/wp-content\/uploads\/2020\/08\/Francisco-durante-Angelus.jpg\" alt=\"Angelus com o Papa Francisco, na Pra\u00e7a S\u00e3o Pedro\" width=\"383\" height=\"313\" srcset=\"https:\/\/www.cnbb.org.br\/wp-content\/uploads\/2020\/08\/Francisco-durante-Angelus.jpg 1324w, https:\/\/www.cnbb.org.br\/wp-content\/uploads\/2020\/08\/Francisco-durante-Angelus-300x245.jpg 300w, https:\/\/www.cnbb.org.br\/wp-content\/uploads\/2020\/08\/Francisco-durante-Angelus-1024x836.jpg 1024w, https:\/\/www.cnbb.org.br\/wp-content\/uploads\/2020\/08\/Francisco-durante-Angelus-768x627.jpg 768w, https:\/\/www.cnbb.org.br\/wp-content\/uploads\/2020\/08\/Francisco-durante-Angelus-500x408.jpg 500w\" sizes=\"(max-width: 383px) 100vw, 383px\" \/><\/a><figcaption id=\"caption-attachment-244740\" class=\"wp-caption-text\">Angelus com o Papa Francisco, na Pra\u00e7a S\u00e3o Pedro<\/figcaption><\/figure>\n<p style=\"text-align: justify\">E quando Francisco apareceu na janela a manifesta\u00e7\u00e3o do grupo foi singular, conforme relata, a irm\u00e3 Maria Jos\u00e9 Meira Ded\u00e9, das Carmelitas da Caridade de Vedruna. \u201cEst\u00e1vamos ali de corpo e alma em comunh\u00e3o com toda a Vida Religiosa. N\u00f3s nos unimos \u00e0 ora\u00e7\u00e3o do Angelus e o Papa se uniu \u00e0 nossa ora\u00e7\u00e3o. A comunh\u00e3o, nesse momento foi fant\u00e1stica. Voltamos para nossas casas fortalecidas e fortalecidos na certeza de sermos \u2018amadas e amados, chamadas e chamados por Deus\u2019\u201d, conta a religiosa.<\/p>\n<p style=\"text-align: justify\">O momento do Angelus se tornou um sinal da vitalidade, profecia e utopia presente na multiplicidade dos carismas. \u201cEstar na Pra\u00e7a S\u00e3o Pedro em Roma assume esse significado da internacionalidade e da interculturalidade na Vida Religiosa\u201d, explica a irm\u00e3 Maria Augusta de oliveira, das Servas de Maria Reparadoras. \u201cCelebrar a Vida Religiosa em comunh\u00e3o com todas as mission\u00e1rias e mission\u00e1rios brasileiros espalhados pelo mundo e com o nosso profeta, o Papa Francisco, que nos convida hoje a sermos Vida Religiosa em sa\u00edda, renova a nossa voca\u00e7\u00e3o, na certeza de que somos miss\u00e3o nesta terra\u201d.<\/p>\n<h3 style=\"text-align: justify\"><strong>As palavras do Papa <\/strong><\/h3>\n<p style=\"text-align: justify\">Ap\u00f3s rezar o Angelus, Francisco se dirigiu ao grupo de forma afetuosa. \u201cSa\u00fado os religiosos brasileiros presentes aqui em Roma, com muitas bandeiras. Estes religiosos seguem espiritualmente a Primeira Semana Nacional da Vida Consagrada, que \u00e9 celebrada no Brasil\u201d (16 a 22 de agosto). O Papa desejou uma boa Semana e encorajou: \u201cem frente\u201d (avante).<\/p>\n<p style=\"text-align: justify\">Essas palavras \u201crefletiram meus sentimentos e escolhas, e encontraram eco nesse momento delicado e santo da Vida Consagrada t\u00e3o agitada pelas ideologias e medos\u201d, comenta o monge Beneditino Camaldolense, Cristiano de Oliveira Sousa, OSB Cam. E complementa: \u201cAquele \u2018avante\u2019 proferido pelo Papa tem uma subst\u00e2ncia vital que precisa ser metabolizada por n\u00f3s. Estou ainda refletindo sobre esse \u2018em frente\u2019. Ajuda a humanizar e a recobrar o \u00e2nimo pela miss\u00e3o e a voca\u00e7\u00e3o\u201d.<\/p>\n<p style=\"text-align: justify\">Desde Bras\u00edlia, a presidente da CRB Nacional, Irm\u00e3 Maria In\u00eas Vieira, agradeceu a todos que estiveram na Pra\u00e7a S\u00e3o Pedro e ao RBR pela comunh\u00e3o. \u201cO gesto do Papa Francisco mencionando voc\u00eas em comunh\u00e3o conosco e depois se dirigindo a n\u00f3s, foi fant\u00e1stico. Emocionou o Brasil\u201d.<\/p>\n<p style=\"text-align: justify\">Irm\u00e3 Cl\u00e1udia Camara, das Irm\u00e3s Salvatorianas, recorda que as palavras de Francisco \u201csempre encorajam e animam a seguir em frente com renovada esperan\u00e7a. Sou muito grata por ter participado deste momento, ter encontrado tantas religiosas e religiosos que vibram pela miss\u00e3o ao celebrarmos juntos o nosso dia. Que possamos manter sempre esta unidade entre n\u00f3s e compartilhar da vida que se faz miss\u00e3o atrav\u00e9s de nossa doa\u00e7\u00e3o\u201d.<\/p>\n<p style=\"text-align: justify\">Esse mesmo sentimento contagiou todo o grupo, conforme ressalta a Irm\u00e3 Helena Marques Pimenta, das Irm\u00e3s Palotinas. \u201cSomos gratas por esta oportunidade de celebrar o dom da Vida Religiosa, com a b\u00ean\u00e7\u00e3o do nosso Papa Francisco. Foi um momento de particular emo\u00e7\u00e3o e motiva\u00e7\u00e3o. A M\u00e3e Aparecida \u00e9 o Modelo da Voca\u00e7\u00e3o por excel\u00eancia. Com ela pudemos evidenciar a particularidade de ser brasileiros: na alegria e na dor, mas firmes na op\u00e7\u00e3o. Queremos continuar ouvindo aquele \u2018avante\u2019\u201d.<\/p>\n<p style=\"text-align: justify\">Reunir diante da Bas\u00edlica de S\u00e3o Pedro representou um testemunho p\u00fablico e causou um impacto positivo, conforme avalia a Irm\u00e3 Isair Barbaro, das Filhas do Amor Divino. \u201cSentimos uma nova efus\u00e3o do Esp\u00edrito Santo, onde n\u00e3o existem dist\u00e2ncias e nem barreiras para a revela\u00e7\u00e3o do amor de Deus, a solidariedade e a esperan\u00e7a. Este foi tamb\u00e9m um grande testemunho p\u00fablico, pois muita gente nos fotografou\u201d. Segundo a religiosa, esses momentos deveriam se repetir, sobretudo nesta fase sofrida da hist\u00f3ria em que o mundo, em especial o Brasil, enfrenta esse terr\u00edvel coronav\u00edrus.<\/p>\n<p style=\"text-align: justify\">Nesse sentido, as m\u00e1scaras nos rostos dos religiosos e religiosas, mostraram solidariedade e sintonia com os que mais sofrem nessa pandemia.<\/p>\n<p style=\"text-align: justify\">Com o tema \u201cAmadas e amados, chamadas e chamados por Deus&#8221;, a Semana Nacional da Vida Consagrada segue uma programa\u00e7\u00e3o especial e iniciativas em todos os Regionais da Confer\u00eancia dos Religiosos no Brasil (CRB). Confira a programa\u00e7\u00e3o (<a href=\"https:\/\/www.cnbb.org.br\/crb-promove-pela-primeira-vez-semana-nacional-da-vida-consagrada\/\">AQUI<\/a>).<\/p>\n<p>&nbsp;<\/p>\n<p>&nbsp;<\/p>\n<pre style=\"text-align: justify\"><em>Por padre Jaime C. Patias, Conselheiro Geral dos Mission\u00e1rios da Consolata<\/em><\/pre>\n<p style=\"text-align: justify\">\n","protected":false},"excerpt":{"rendered":"<p>Na Semana da Vida Religiosa Consagrada, mais de 60 religiosos brasileiros que vivem em Roma se reuniram para rezar o Angelus com o Papa<\/p>\n","protected":false},"author":83,"featured_media":244738,"comment_status":"closed","ping_status":"open","sticky":false,"template":"","format":"standard","meta":{"site-sidebar-layout":"default","site-content-layout":"default","ast-global-header-display":"","ast-banner-title-visibility":"","ast-main-header-display":"","ast-hfb-above-header-display":"","ast-hfb-below-header-display":"","ast-hfb-mobile-header-display":"","site-post-title":"","ast-breadcrumbs-content":"","ast-featured-img":"","footer-sml-layout":"","theme-transparent-header-meta":"","adv-header-id-meta":"","stick-header-meta":"","header-above-stick-meta":"","header-main-stick-meta":"","header-below-stick-meta":""},"categories":[838],"tags":[2718,2076,1199],"acf":[],"_links":{"self":[{"href":"https:\/\/www.cnbb.org.br\/cnbb-app\/wp\/v2\/posts\/244735"}],"collection":[{"href":"https:\/\/www.cnbb.org.br\/cnbb-app\/wp\/v2\/posts"}],"about":[{"href":"https:\/\/www.cnbb.org.br\/cnbb-app\/wp\/v2\/types\/post"}],"author":[{"embeddable":true,"href":"https:\/\/www.cnbb.org.br\/cnbb-app\/wp\/v2\/users\/83"}],"replies":[{"embeddable":true,"href":"https:\/\/www.cnbb.org.br\/cnbb-app\/wp\/v2\/comments?post=244735"}],"version-history":[{"count":0,"href":"https:\/\/www.cnbb.org.br\/cnbb-app\/wp\/v2\/posts\/244735\/revisions"}],"wp:featuredmedia":[{"embeddable":true,"href":"https:\/\/www.cnbb.org.br\/cnbb-app\/wp\/v2\/media\/244738"}],"wp:attachment":[{"href":"https:\/\/www.cnbb.org.br\/cnbb-app\/wp\/v2\/media?parent=244735"}],"wp:term":[{"taxonomy":"category","embeddable":true,"href":"https:\/\/www.cnbb.org.br\/cnbb-app\/wp\/v2\/categories?post=244735"},{"taxonomy":"post_tag","embeddable":true,"href":"https:\/\/www.cnbb.org.br\/cnbb-app\/wp\/v2\/tags?post=244735"}],"curies":[{"name":"wp","href":"https:\/\/api.w.org\/{rel}","templated":true}]}}